{"id":12646,"date":"2025-12-11T15:40:44","date_gmt":"2025-12-11T14:40:44","guid":{"rendered":"https:\/\/blog.gsa-messgeraete.de\/?p=12646"},"modified":"2026-03-07T10:15:08","modified_gmt":"2026-03-07T09:15:08","slug":"particulas-finas-nocivas-velas-encendidas","status":"publish","type":"post","link":"https:\/\/blog.gsa-messgeraete.de\/es\/particulas-finas-nocivas-velas-encendidas\/","title":{"rendered":"Velas de cera durante el Adviento &#8211; polvo fino"},"content":{"rendered":"\n<p>El Adviento se asocia a la luz c\u00e1lida y acogedora de <strong>las velas de cera<\/strong>, que difunden un estado de \u00e1nimo contemplativo. Las <strong>velas perfumadas<\/strong>, que huelen intensamente a distintos aromas y crean un ambiente festivo, son especialmente populares. Sin embargo, al arder durante horas, las velas de cera pueden liberar <em><strong>contaminantes en el aire de la habitaci\u00f3n.<\/strong> <\/em>Los materiales de que est\u00e1n hechas las velas y la forma en que arden son factores decisivos. Al <em>elegir<\/em> velas, debes prestar atenci\u00f3n a los <em>ingredientes<\/em> y al <em>tipo de cera<\/em> con que est\u00e1n hechas.    <\/p>\n\n\n\n<!--more-->\n\n\n\n<h2 class=\"wp-block-heading\"><br>Contaminantes durante la combusti\u00f3n de velas  <\/h2>\n\n\n\n<p>Quemar una vela consume mucho ox\u00edgeno durante mucho tiempo. Se vuelve cr\u00edtico para la salud, especialmente para los asm\u00e1ticos y al\u00e9rgicos, si contaminantes nocivos como el <a href=\"https:\/\/blog.gsa-messgeraete.de\/es\/particulas-finas-riesgo-para-el-rendimiento-cognitivo-y-la-demencia\/\"><em>polvo fino<\/em><\/a><em>, di\u00f3xido de carbono<\/em>, <em>\u00f3xidos de nitr\u00f3geno<\/em> e <em>hidrocarburos vol\u00e1tiles <\/em>se liberan y se inhalan. El <em>benceno<\/em>, el <em>tolueno<\/em>, el <em>formaldeh\u00eddo<\/em> y las <em>fragancias<\/em> y sus <em>productos de oxidaci\u00f3n<\/em> tambi\u00e9n pueden liberarse al aire que respiramos, sobre todo con velas de colores o perfumadas. Pueden <em>superarse los valores l\u00edmite<\/em>, sobre todo cuando se queman muchas velas al mismo tiempo. El <em>Instituto Federal de Evaluaci\u00f3n de Riesgos (BfR<\/em>) advierte de que las velas pueden <em>contener ingredientes alerg\u00e9nicos<\/em>, como <em>fragancias<\/em> o <em>n\u00edquel<\/em>, que pueden desencadenar <em>reacciones al\u00e9rgicas<\/em> al quemarse. Esto tambi\u00e9n puede provocar <em>inflamaci\u00f3n<\/em>, <em>irritaci\u00f3n<\/em> de las v\u00edas respiratorias y una mayor sobrecarga de los pulmones. Las afecciones existentes, como el asma, pueden agravarse. <br><br><\/p>\n\n\n\n<h2 class=\"wp-block-heading\">Part\u00edculas ultrafinas: un peligro subestimado <\/h2>\n\n\n\n<p>Las <em>part\u00edculas de polvo fino<\/em> que contiene el humo de las velas son <em>ultrafinas<\/em> (PM 0,01, de unos 10 nan\u00f3metros de di\u00e1metro) y pueden penetrar profundamente en las v\u00edas respiratorias e incluso en el torrente sangu\u00edneo. Es especialmente perjudicial cuando la concentraci\u00f3n de <a href=\"https:\/\/blog.gsa-messgeraete.de\/es\/particulas-finas-riesgo-para-el-rendimiento-cognitivo-y-la-demencia\/\">polvo fino<\/a> se multiplica por un factor de 10 a 20 como consecuencia de la combusti\u00f3n y se inhala en la habitaci\u00f3n durante muchas horas. Esta situaci\u00f3n puede ser <em>problem\u00e1tica<\/em> para la salud de las personas con <em>enfermedades respiratorias<\/em> o alergias. Comparadas con el nocivo humo del tabaco, las part\u00edculas de polvo fino del humo de las velas son a\u00fan m\u00e1s finas y perjudiciales para la salud. <br><br><\/p>\n\n\n\n<h2 class=\"wp-block-heading\">Selecci\u00f3n de velas de cera<\/h2>\n\n\n\n<p>Las velas de cera pueden variar mucho en cuanto a su composici\u00f3n y posibles sustancias nocivas:<br><\/p>\n\n\n\n<h3 class=\"wp-block-heading\"><strong>Velas de parafina<\/strong><\/h3>\n\n\n\n<p>La mayor\u00eda de las velas contienen <em><strong>parafina <\/strong><\/em>que es principalmente un subproducto del procesamiento del petr\u00f3leo. <em>La parafina<\/em> es una sustancia cerosa, inflamable, inodora, ins\u00edpida e hidr\u00f3fuga. Las posibles <em>sustancias t\u00f3xicas de su combusti\u00f3n<\/em> son especialmente cr\u00edticas para la salud. Uno de estos contaminantes es el COV <em>benceno<\/em>, que se produce durante la combusti\u00f3n de las velas de parafina y, por lo general, es m\u00e1s probable que se detecte en el tr\u00e1fico rodado. Seg\u00fan el <em>Centro Internacional de Investigaciones sobre el C\u00e1ncer<\/em> (CIIC) y la <em>Organizaci\u00f3n Mundial de la Salud <\/em>(OMS), el benceno est\u00e1 clasificado como cancer\u00edgeno para el ser humano.   <\/p>\n\n\n\n<p>Las velas de t\u00e9, que en su mayor\u00eda se fabrican con velas de parafina, tambi\u00e9n se consideran perjudiciales para la salud. Seg\u00fan la BUND (Federaci\u00f3n Alemana para el Medio Ambiente y la Conservaci\u00f3n de la Naturaleza), su mayor <em>contenido en azufre<\/em> puede liberar m\u00e1s contaminantes y provocar reacciones al\u00e9rgicas. <br><\/p>\n\n\n\n<h3 class=\"wp-block-heading\"><br><strong>Velas de estearina<\/strong><\/h3>\n\n\n\n<p>Otra variante son <em><strong>velas de estearina<\/strong><\/em>. Se fabrican con grasas vegetales y animales, y a menudo contienen <em>aceite de palma<\/em>. Las velas de estearina tienen un tiempo de combusti\u00f3n m\u00e1s largo y mayor resistencia. Adem\u00e1s, se dice que liberan <em>menos holl\u00edn nocivo en polvo<\/em> fino en comparaci\u00f3n con las velas de parafina.   <br><br><\/p>\n\n\n\n<h3 class=\"wp-block-heading\"><strong>Velas fabricadas con materiales reciclados<\/strong><\/h3>\n\n\n\n<p>En concreto, se ofrecen velas fabricadas con <em><strong>a partir de residuos de aceite y grasa reciclados<\/strong><\/em> y fabricadas ahorrando recursos.<br><br><\/p>\n\n\n\n<h3 class=\"wp-block-heading\"><strong>Velas de cera de abeja<\/strong><\/h3>\n\n\n\n<p><em><strong>Las velas de cera de abeja<\/strong><\/em> se fabrican exclusivamente con cera de abeja. S\u00f3lo las velas fabricadas con cera de abeja pura pueden venderse como \u00abvelas de cera de abeja\u00bb. Son la <em>opci\u00f3n m\u00e1s respetuosa con el medio ambiente<\/em>, sobre todo si la cera procede de un colmenar ecol\u00f3gico.  <br><br><\/p>\n\n\n\n<h3 class=\"wp-block-heading\"><strong>Velas de cera de soja y de aceite de colza<\/strong><\/h3>\n\n\n\n<p><em><strong>Las velas de cera de soja <\/strong><\/em>se fabrican con el aceite de las semillas de soja, la mayor\u00eda de las cuales proceden de EE.UU. Arden m\u00e1s lentamente que las velas de parafina comparables. Las <em>velas de cera hechas con aceite de colza<\/em> tambi\u00e9n son <em>sostenibles<\/em>, ya que se obtienen de productos agr\u00edcolas. Ofrecen la ventaja de una menor huella de carbono y se consideran m\u00e1s respetuosas con el medio ambiente, ya que la colza suele cultivarse en Europa. Al igual que las velas de cera de abeja, producen bastante <em>menos holl\u00edn que las velas de parafina<\/em>.   <br><br><\/p>\n\n\n\n<h3 class=\"wp-block-heading\"><strong>Velas perfumadas<\/strong><\/h3>\n\n\n\n<p>Especialmente en invierno <em><strong>las velas perfumadas<\/strong><\/em> con <em>aromas<\/em> son especialmente populares.<\/p>\n\n\n\n<p>Las velas perfumadas suelen ser <em>incluso m\u00e1s perjudiciales para la salud que las velas de cera convencionales<\/em>, ya que a menudo est\u00e1n contaminadas con <em>ingredientes <\/em>problem\u00e1ticos adicionales, como <em>barnices<\/em> y <em>fragancias<\/em>. Por ejemplo, pueden contener <em>formaldeh\u00eddo cancer\u00edgeno<\/em> (por ejemplo, en las fragancias de lim\u00f3n), <em>retardantes de llama<\/em> nocivos, <em>compuestos organohalogenados<\/em> o metales pesados.  <br><\/p>\n\n\n\n<h2 class=\"wp-block-heading\"><br>Marca de calidad RAL <\/h2>\n\n\n\n<p>El <em>Instituto Federal de Evaluaci\u00f3n de Riesgos (BfR<\/em>) recomienda comprobar el <em><strong>marca de calidad RAL<\/strong><\/em> al comprar velas. La<g id=\"gid_3\">\u00abAsociaci\u00f3n de Calidad para Velas<\/g>\u00bb concede el <g id=\"gid_4\"><g id=\"gid_5\">marca de Calidad RAL (Norma: RAL-GZ 041)<\/g><\/g>. Se concede a las velas que cumplen determinadas normas de calidad y garantizan s\u00f3lo <g id=\"gid_6\">bajas emisiones de sustancias nocivas<\/g>. Deben fabricarse con <em>materias primas probadas<\/em> y <em>no deben contener HAP, metales pesados ni azufre<\/em>. Adem\u00e1s, s\u00f3lo pueden producir <em>una peque\u00f1a cantidad de humo y holl\u00edn <\/em>al arder. <br><\/p>\n\n\n\n<h2 class=\"wp-block-heading\">Consejos para manipular velas de cera<\/h2>\n\n\n\n<ul class=\"wp-block-list\">\n<li>Lo mejor es utilizar velas de cera pura, ya que son las m\u00e1s respetuosas con el medio ambiente. Las velas de cera hechas con cera de abeja pura son la mejor opci\u00f3n. <\/li>\n\n\n\n<li>Presta atenci\u00f3n a los posibles aditivos nocivos de las velas.<\/li>\n\n\n\n<li>Si es posible, no utilices velas con adornos adicionales, como colores, purpurina o fragancias.<\/li>\n\n\n\n<li>Mant\u00e9n una distancia suficiente: Al menos 10 cm entre las velas encendidas para que reciban suficiente ox\u00edgeno y produzcan menos humo.<\/li>\n\n\n\n<li>Evita las corrientes de aire: Las llamas parpadeantes aumentan la formaci\u00f3n de holl\u00edn y la liberaci\u00f3n de contaminantes como formaldeh\u00eddo, HAP, \u00f3xidos de nitr\u00f3geno y holl\u00edn.<\/li>\n\n\n\n<li>Mant\u00e9n la mecha lo m\u00e1s corta posible (aprox. 10-15 mm) para evitar el parpadeo.<\/li>\n\n\n\n<li>Para apagarla, sumerge la mecha en la cera l\u00edquida y vuelve a levantarla.<\/li>\n\n\n\n<li>Airea bien la habitaci\u00f3n despu\u00e9s de quemar la vela.<br><br><\/li>\n<\/ul>\n\n\n\n<p><strong>Fuentes:<\/strong><\/p>\n\n\n\n<p>Fuente de la imagen: 123rf.com \u00a9 huandi, imagen n\u00ba 24324893<\/p>\n\n\n\n<p>www.bfr.bund.de\/cm\/343\/blei-nickel-und-allergene-duftstoffe-in-kerzen-sollten-begrenzt-werden.pdf<\/p>\n\n\n\n<p>www.br.de\/radio\/bayern1\/inhalt\/experten-tipps\/umweltkommissar\/kerze-wachs-palmoel-stearin-russ-umweltkommissar-100.html<\/p>\n\n\n\n<p>www.daab.de\/2024\/12\/kerzen-und-asthma-winterzeit-ist-kerzenzeit<\/p>\n\n\n\n<p>www.de.statista.com\/outlook\/cmo\/moebel\/home-decor\/kerzen\/deutschland<\/p>\n\n\n\n<p>www.energie-umwelt.ch\/haus\/kinderzimmer\/mueckenvertreiber?id=774<\/p>\n\n\n\n<p>www.green-lifestyle-magazin.de\/nachhaltige-kerzen-aus-bienen-oder-sojawachs\/<\/p>\n\n\n\n<p>www.krebsinformationsdienst.de\/fachkreise\/nachrichten\/detail\/krebs-durch-kerzen-besteht-ein-risiko<\/p>\n\n\n\n<p>www.quarks.de\/umwelt\/wie-nachhaltig-koennen-kerzen-sein\/<\/p>\n\n\n\n<p>www.ral.de\/guetezeichen-von-a-z\/guetezeichen-uebersicht\/gz-041\/ www.spektrum.de\/news\/kerzen-ein-feinstaub-freisetzendes-lichtlein-brennt\/2090643<\/p>\n\n\n\n<p>www.verbraucherzentrale.de\/wissen\/umwelt-haushalt\/wohnen\/kerzen-schadstoffe-vermeiden-78123<\/p>\n\n\n\n<p>www.zdf.de\/nachrichten\/ratgeber\/kerzen-schadstoffe-advent-100.html<\/p>\n","protected":false},"excerpt":{"rendered":"<p>El Adviento se asocia a la luz c\u00e1lida y acogedora de las velas de cera, que difunden un estado de \u00e1nimo contemplativo. Las velas perfumadas, que huelen intensamente a distintos aromas y crean un ambiente festivo, son especialmente populares. Sin embargo, al arder durante horas, las velas de cera pueden liberar contaminantes en el aire &#8230; <a title=\"Velas de cera durante el Adviento &#8211; polvo fino\" class=\"read-more\" href=\"https:\/\/blog.gsa-messgeraete.de\/es\/particulas-finas-nocivas-velas-encendidas\/\" aria-label=\"Leer m\u00e1s sobre Velas de cera durante el Adviento &#8211; polvo fino\">Leer m\u00e1s<\/a><\/p>\n","protected":false},"author":3,"featured_media":15121,"comment_status":"closed","ping_status":"open","sticky":false,"template":"","format":"standard","meta":{"_exactmetrics_skip_tracking":false,"_exactmetrics_sitenote_active":false,"_exactmetrics_sitenote_note":"","_exactmetrics_sitenote_category":0,"footnotes":""},"categories":[1770,1773],"tags":[2046,2016,2049,2234,2156,3251,2044,2050,2045,2041,2043,3249,3250,2048,2047],"class_list":["post-12646","post","type-post","status-publish","format-standard","has-post-thumbnail","hentry","category-contaminantes","category-polvo","tag-cera-para-velas","tag-cov","tag-dioxido-de-carbono","tag-formaldehido","tag-hap","tag-marca-de-calidad-ral","tag-nanoparticulas","tag-negro-de-humo","tag-particulas-finas-de-polvo","tag-polvo-fino","tag-polvo-fino-de-velas","tag-quemar","tag-velas-de-cera","tag-velas-de-cera-de-abeja","tag-velas-perfumadas"],"yoast_head":"<!-- This site is optimized with the Yoast SEO plugin v27.5 - https:\/\/yoast.com\/product\/yoast-seo-wordpress\/ -->\n<title>Velas de cera durante el Adviento - polvo fino - blog.gsa-messgeraete.de<\/title>\n<meta name=\"description\" content=\"Al arder, las velas de cera suelen producir polvo fino contaminado con sustancias nocivas, sobre todo si arden muchas velas al mismo tiempo.\" \/>\n<meta name=\"robots\" content=\"index, follow, max-snippet:-1, max-image-preview:large, max-video-preview:-1\" \/>\n<link rel=\"canonical\" href=\"https:\/\/blog.gsa-messgeraete.de\/es\/particulas-finas-nocivas-velas-encendidas\/\" \/>\n<meta property=\"og:locale\" content=\"es_ES\" \/>\n<meta property=\"og:type\" content=\"article\" \/>\n<meta property=\"og:title\" content=\"Velas de cera durante el Adviento - polvo fino - blog.gsa-messgeraete.de\" \/>\n<meta property=\"og:description\" content=\"Al arder, las velas de cera suelen producir polvo fino contaminado con sustancias nocivas, sobre todo si arden muchas velas al mismo tiempo.\" \/>\n<meta property=\"og:url\" content=\"https:\/\/blog.gsa-messgeraete.de\/es\/particulas-finas-nocivas-velas-encendidas\/\" \/>\n<meta property=\"og:site_name\" content=\"blog.gsa-messgeraete.de\" \/>\n<meta property=\"article:published_time\" content=\"2025-12-11T14:40:44+00:00\" \/>\n<meta property=\"article:modified_time\" content=\"2026-03-07T09:15:08+00:00\" \/>\n<meta property=\"og:image\" content=\"https:\/\/blog.gsa-messgeraete.de\/wp-content\/uploads\/2025\/12\/Corona-de-Adviento-polvo-fino-1.jpg\" \/>\n\t<meta property=\"og:image:width\" content=\"600\" \/>\n\t<meta property=\"og:image:height\" content=\"400\" \/>\n\t<meta property=\"og:image:type\" content=\"image\/jpeg\" \/>\n<meta name=\"author\" content=\"Cornelia Umland\" \/>\n<meta name=\"twitter:card\" content=\"summary_large_image\" \/>\n<meta name=\"twitter:creator\" content=\"@UmlandC\" \/>\n<meta name=\"twitter:label1\" content=\"Escrito por\" \/>\n\t<meta name=\"twitter:data1\" content=\"Cornelia Umland\" \/>\n\t<meta name=\"twitter:label2\" content=\"Tiempo de lectura\" \/>\n\t<meta name=\"twitter:data2\" content=\"7 minutos\" \/>\n<script type=\"application\/ld+json\" class=\"yoast-schema-graph\">{\"@context\":\"https:\\\/\\\/schema.org\",\"@graph\":[{\"@type\":\"Article\",\"@id\":\"https:\\\/\\\/blog.gsa-messgeraete.de\\\/es\\\/particulas-finas-nocivas-velas-encendidas\\\/#article\",\"isPartOf\":{\"@id\":\"https:\\\/\\\/blog.gsa-messgeraete.de\\\/es\\\/particulas-finas-nocivas-velas-encendidas\\\/\"},\"author\":{\"name\":\"Cornelia Umland\",\"@id\":\"https:\\\/\\\/blog.gsa-messgeraete.de\\\/es\\\/#\\\/schema\\\/person\\\/66e89e6575b5aa6008b4ea0acc5d38ed\"},\"headline\":\"Velas de cera durante el Adviento &#8211; polvo fino\",\"datePublished\":\"2025-12-11T14:40:44+00:00\",\"dateModified\":\"2026-03-07T09:15:08+00:00\",\"mainEntityOfPage\":{\"@id\":\"https:\\\/\\\/blog.gsa-messgeraete.de\\\/es\\\/particulas-finas-nocivas-velas-encendidas\\\/\"},\"wordCount\":1261,\"publisher\":{\"@id\":\"https:\\\/\\\/blog.gsa-messgeraete.de\\\/es\\\/#organization\"},\"image\":{\"@id\":\"https:\\\/\\\/blog.gsa-messgeraete.de\\\/es\\\/particulas-finas-nocivas-velas-encendidas\\\/#primaryimage\"},\"thumbnailUrl\":\"https:\\\/\\\/blog.gsa-messgeraete.de\\\/wp-content\\\/uploads\\\/2025\\\/12\\\/Corona-de-Adviento-polvo-fino-1.jpg\",\"keywords\":[\"Cera para velas\",\"COV\",\"Di\u00f3xido de carbono\",\"Formaldeh\u00eddo\",\"HAP\",\"Marca de calidad RAL\",\"Nanopart\u00edculas\",\"Negro de humo\",\"Part\u00edculas finas de polvo\",\"polvo fino\",\"Polvo fino de velas\",\"Quemar\",\"Velas de cera\",\"Velas de cera de abeja\",\"Velas perfumadas\"],\"articleSection\":[\"Contaminantes\",\"Polvo\"],\"inLanguage\":\"es\"},{\"@type\":\"WebPage\",\"@id\":\"https:\\\/\\\/blog.gsa-messgeraete.de\\\/es\\\/particulas-finas-nocivas-velas-encendidas\\\/\",\"url\":\"https:\\\/\\\/blog.gsa-messgeraete.de\\\/es\\\/particulas-finas-nocivas-velas-encendidas\\\/\",\"name\":\"Velas de cera durante el Adviento - polvo fino - blog.gsa-messgeraete.de\",\"isPartOf\":{\"@id\":\"https:\\\/\\\/blog.gsa-messgeraete.de\\\/es\\\/#website\"},\"primaryImageOfPage\":{\"@id\":\"https:\\\/\\\/blog.gsa-messgeraete.de\\\/es\\\/particulas-finas-nocivas-velas-encendidas\\\/#primaryimage\"},\"image\":{\"@id\":\"https:\\\/\\\/blog.gsa-messgeraete.de\\\/es\\\/particulas-finas-nocivas-velas-encendidas\\\/#primaryimage\"},\"thumbnailUrl\":\"https:\\\/\\\/blog.gsa-messgeraete.de\\\/wp-content\\\/uploads\\\/2025\\\/12\\\/Corona-de-Adviento-polvo-fino-1.jpg\",\"datePublished\":\"2025-12-11T14:40:44+00:00\",\"dateModified\":\"2026-03-07T09:15:08+00:00\",\"description\":\"Al arder, las velas de cera suelen producir polvo fino contaminado con sustancias nocivas, sobre todo si arden muchas velas al mismo tiempo.\",\"breadcrumb\":{\"@id\":\"https:\\\/\\\/blog.gsa-messgeraete.de\\\/es\\\/particulas-finas-nocivas-velas-encendidas\\\/#breadcrumb\"},\"inLanguage\":\"es\",\"potentialAction\":[{\"@type\":\"ReadAction\",\"target\":[\"https:\\\/\\\/blog.gsa-messgeraete.de\\\/es\\\/particulas-finas-nocivas-velas-encendidas\\\/\"]}]},{\"@type\":\"ImageObject\",\"inLanguage\":\"es\",\"@id\":\"https:\\\/\\\/blog.gsa-messgeraete.de\\\/es\\\/particulas-finas-nocivas-velas-encendidas\\\/#primaryimage\",\"url\":\"https:\\\/\\\/blog.gsa-messgeraete.de\\\/wp-content\\\/uploads\\\/2025\\\/12\\\/Corona-de-Adviento-polvo-fino-1.jpg\",\"contentUrl\":\"https:\\\/\\\/blog.gsa-messgeraete.de\\\/wp-content\\\/uploads\\\/2025\\\/12\\\/Corona-de-Adviento-polvo-fino-1.jpg\",\"width\":600,\"height\":400,\"caption\":\"Corona de Adviento - polvo fino\"},{\"@type\":\"BreadcrumbList\",\"@id\":\"https:\\\/\\\/blog.gsa-messgeraete.de\\\/es\\\/particulas-finas-nocivas-velas-encendidas\\\/#breadcrumb\",\"itemListElement\":[{\"@type\":\"ListItem\",\"position\":1,\"name\":\"Startseite\",\"item\":\"https:\\\/\\\/blog.gsa-messgeraete.de\\\/es\\\/\"},{\"@type\":\"ListItem\",\"position\":2,\"name\":\"Velas de cera durante el Adviento &#8211; polvo fino\"}]},{\"@type\":\"WebSite\",\"@id\":\"https:\\\/\\\/blog.gsa-messgeraete.de\\\/es\\\/#website\",\"url\":\"https:\\\/\\\/blog.gsa-messgeraete.de\\\/es\\\/\",\"name\":\"blog.gsa-messgeraete.de\",\"description\":\"\",\"publisher\":{\"@id\":\"https:\\\/\\\/blog.gsa-messgeraete.de\\\/es\\\/#organization\"},\"potentialAction\":[{\"@type\":\"SearchAction\",\"target\":{\"@type\":\"EntryPoint\",\"urlTemplate\":\"https:\\\/\\\/blog.gsa-messgeraete.de\\\/es\\\/?s={search_term_string}\"},\"query-input\":{\"@type\":\"PropertyValueSpecification\",\"valueRequired\":true,\"valueName\":\"search_term_string\"}}],\"inLanguage\":\"es\"},{\"@type\":\"Organization\",\"@id\":\"https:\\\/\\\/blog.gsa-messgeraete.de\\\/es\\\/#organization\",\"name\":\"GSA Messger\u00e4tebau GmbH\",\"url\":\"https:\\\/\\\/blog.gsa-messgeraete.de\\\/es\\\/\",\"logo\":{\"@type\":\"ImageObject\",\"inLanguage\":\"es\",\"@id\":\"https:\\\/\\\/blog.gsa-messgeraete.de\\\/es\\\/#\\\/schema\\\/logo\\\/image\\\/\",\"url\":\"https:\\\/\\\/blog.gsa-messgeraete.de\\\/wp-content\\\/uploads\\\/2016\\\/12\\\/cropped-Logo-GSA-Messgeraete-1.jpg\",\"contentUrl\":\"https:\\\/\\\/blog.gsa-messgeraete.de\\\/wp-content\\\/uploads\\\/2016\\\/12\\\/cropped-Logo-GSA-Messgeraete-1.jpg\",\"width\":350,\"height\":164,\"caption\":\"GSA Messger\u00e4tebau GmbH\"},\"image\":{\"@id\":\"https:\\\/\\\/blog.gsa-messgeraete.de\\\/es\\\/#\\\/schema\\\/logo\\\/image\\\/\"}},{\"@type\":\"Person\",\"@id\":\"https:\\\/\\\/blog.gsa-messgeraete.de\\\/es\\\/#\\\/schema\\\/person\\\/66e89e6575b5aa6008b4ea0acc5d38ed\",\"name\":\"Cornelia Umland\",\"image\":{\"@type\":\"ImageObject\",\"inLanguage\":\"es\",\"@id\":\"https:\\\/\\\/secure.gravatar.com\\\/avatar\\\/311de0177214f59652729d2b4d5d895fe80bb802ddc18b84ebfe9a2c8edeceb9?s=96&d=mm&r=g\",\"url\":\"https:\\\/\\\/secure.gravatar.com\\\/avatar\\\/311de0177214f59652729d2b4d5d895fe80bb802ddc18b84ebfe9a2c8edeceb9?s=96&d=mm&r=g\",\"contentUrl\":\"https:\\\/\\\/secure.gravatar.com\\\/avatar\\\/311de0177214f59652729d2b4d5d895fe80bb802ddc18b84ebfe9a2c8edeceb9?s=96&d=mm&r=g\",\"caption\":\"Cornelia Umland\"},\"sameAs\":[\"https:\\\/\\\/x.com\\\/UmlandC\"],\"url\":\"https:\\\/\\\/blog.gsa-messgeraete.de\\\/es\\\/author\\\/cn-umland\\\/\"}]}<\/script>\n<!-- \/ Yoast SEO plugin. -->","yoast_head_json":{"title":"Velas de cera durante el Adviento - polvo fino - blog.gsa-messgeraete.de","description":"Al arder, las velas de cera suelen producir polvo fino contaminado con sustancias nocivas, sobre todo si arden muchas velas al mismo tiempo.","robots":{"index":"index","follow":"follow","max-snippet":"max-snippet:-1","max-image-preview":"max-image-preview:large","max-video-preview":"max-video-preview:-1"},"canonical":"https:\/\/blog.gsa-messgeraete.de\/es\/particulas-finas-nocivas-velas-encendidas\/","og_locale":"es_ES","og_type":"article","og_title":"Velas de cera durante el Adviento - polvo fino - blog.gsa-messgeraete.de","og_description":"Al arder, las velas de cera suelen producir polvo fino contaminado con sustancias nocivas, sobre todo si arden muchas velas al mismo tiempo.","og_url":"https:\/\/blog.gsa-messgeraete.de\/es\/particulas-finas-nocivas-velas-encendidas\/","og_site_name":"blog.gsa-messgeraete.de","article_published_time":"2025-12-11T14:40:44+00:00","article_modified_time":"2026-03-07T09:15:08+00:00","og_image":[{"width":600,"height":400,"url":"https:\/\/blog.gsa-messgeraete.de\/wp-content\/uploads\/2025\/12\/Corona-de-Adviento-polvo-fino-1.jpg","type":"image\/jpeg"}],"author":"Cornelia Umland","twitter_card":"summary_large_image","twitter_creator":"@UmlandC","twitter_misc":{"Escrito por":"Cornelia Umland","Tiempo de lectura":"7 minutos"},"schema":{"@context":"https:\/\/schema.org","@graph":[{"@type":"Article","@id":"https:\/\/blog.gsa-messgeraete.de\/es\/particulas-finas-nocivas-velas-encendidas\/#article","isPartOf":{"@id":"https:\/\/blog.gsa-messgeraete.de\/es\/particulas-finas-nocivas-velas-encendidas\/"},"author":{"name":"Cornelia Umland","@id":"https:\/\/blog.gsa-messgeraete.de\/es\/#\/schema\/person\/66e89e6575b5aa6008b4ea0acc5d38ed"},"headline":"Velas de cera durante el Adviento &#8211; polvo fino","datePublished":"2025-12-11T14:40:44+00:00","dateModified":"2026-03-07T09:15:08+00:00","mainEntityOfPage":{"@id":"https:\/\/blog.gsa-messgeraete.de\/es\/particulas-finas-nocivas-velas-encendidas\/"},"wordCount":1261,"publisher":{"@id":"https:\/\/blog.gsa-messgeraete.de\/es\/#organization"},"image":{"@id":"https:\/\/blog.gsa-messgeraete.de\/es\/particulas-finas-nocivas-velas-encendidas\/#primaryimage"},"thumbnailUrl":"https:\/\/blog.gsa-messgeraete.de\/wp-content\/uploads\/2025\/12\/Corona-de-Adviento-polvo-fino-1.jpg","keywords":["Cera para velas","COV","Di\u00f3xido de carbono","Formaldeh\u00eddo","HAP","Marca de calidad RAL","Nanopart\u00edculas","Negro de humo","Part\u00edculas finas de polvo","polvo fino","Polvo fino de velas","Quemar","Velas de cera","Velas de cera de abeja","Velas perfumadas"],"articleSection":["Contaminantes","Polvo"],"inLanguage":"es"},{"@type":"WebPage","@id":"https:\/\/blog.gsa-messgeraete.de\/es\/particulas-finas-nocivas-velas-encendidas\/","url":"https:\/\/blog.gsa-messgeraete.de\/es\/particulas-finas-nocivas-velas-encendidas\/","name":"Velas de cera durante el Adviento - polvo fino - blog.gsa-messgeraete.de","isPartOf":{"@id":"https:\/\/blog.gsa-messgeraete.de\/es\/#website"},"primaryImageOfPage":{"@id":"https:\/\/blog.gsa-messgeraete.de\/es\/particulas-finas-nocivas-velas-encendidas\/#primaryimage"},"image":{"@id":"https:\/\/blog.gsa-messgeraete.de\/es\/particulas-finas-nocivas-velas-encendidas\/#primaryimage"},"thumbnailUrl":"https:\/\/blog.gsa-messgeraete.de\/wp-content\/uploads\/2025\/12\/Corona-de-Adviento-polvo-fino-1.jpg","datePublished":"2025-12-11T14:40:44+00:00","dateModified":"2026-03-07T09:15:08+00:00","description":"Al arder, las velas de cera suelen producir polvo fino contaminado con sustancias nocivas, sobre todo si arden muchas velas al mismo tiempo.","breadcrumb":{"@id":"https:\/\/blog.gsa-messgeraete.de\/es\/particulas-finas-nocivas-velas-encendidas\/#breadcrumb"},"inLanguage":"es","potentialAction":[{"@type":"ReadAction","target":["https:\/\/blog.gsa-messgeraete.de\/es\/particulas-finas-nocivas-velas-encendidas\/"]}]},{"@type":"ImageObject","inLanguage":"es","@id":"https:\/\/blog.gsa-messgeraete.de\/es\/particulas-finas-nocivas-velas-encendidas\/#primaryimage","url":"https:\/\/blog.gsa-messgeraete.de\/wp-content\/uploads\/2025\/12\/Corona-de-Adviento-polvo-fino-1.jpg","contentUrl":"https:\/\/blog.gsa-messgeraete.de\/wp-content\/uploads\/2025\/12\/Corona-de-Adviento-polvo-fino-1.jpg","width":600,"height":400,"caption":"Corona de Adviento - polvo fino"},{"@type":"BreadcrumbList","@id":"https:\/\/blog.gsa-messgeraete.de\/es\/particulas-finas-nocivas-velas-encendidas\/#breadcrumb","itemListElement":[{"@type":"ListItem","position":1,"name":"Startseite","item":"https:\/\/blog.gsa-messgeraete.de\/es\/"},{"@type":"ListItem","position":2,"name":"Velas de cera durante el Adviento &#8211; polvo fino"}]},{"@type":"WebSite","@id":"https:\/\/blog.gsa-messgeraete.de\/es\/#website","url":"https:\/\/blog.gsa-messgeraete.de\/es\/","name":"blog.gsa-messgeraete.de","description":"","publisher":{"@id":"https:\/\/blog.gsa-messgeraete.de\/es\/#organization"},"potentialAction":[{"@type":"SearchAction","target":{"@type":"EntryPoint","urlTemplate":"https:\/\/blog.gsa-messgeraete.de\/es\/?s={search_term_string}"},"query-input":{"@type":"PropertyValueSpecification","valueRequired":true,"valueName":"search_term_string"}}],"inLanguage":"es"},{"@type":"Organization","@id":"https:\/\/blog.gsa-messgeraete.de\/es\/#organization","name":"GSA Messger\u00e4tebau GmbH","url":"https:\/\/blog.gsa-messgeraete.de\/es\/","logo":{"@type":"ImageObject","inLanguage":"es","@id":"https:\/\/blog.gsa-messgeraete.de\/es\/#\/schema\/logo\/image\/","url":"https:\/\/blog.gsa-messgeraete.de\/wp-content\/uploads\/2016\/12\/cropped-Logo-GSA-Messgeraete-1.jpg","contentUrl":"https:\/\/blog.gsa-messgeraete.de\/wp-content\/uploads\/2016\/12\/cropped-Logo-GSA-Messgeraete-1.jpg","width":350,"height":164,"caption":"GSA Messger\u00e4tebau GmbH"},"image":{"@id":"https:\/\/blog.gsa-messgeraete.de\/es\/#\/schema\/logo\/image\/"}},{"@type":"Person","@id":"https:\/\/blog.gsa-messgeraete.de\/es\/#\/schema\/person\/66e89e6575b5aa6008b4ea0acc5d38ed","name":"Cornelia Umland","image":{"@type":"ImageObject","inLanguage":"es","@id":"https:\/\/secure.gravatar.com\/avatar\/311de0177214f59652729d2b4d5d895fe80bb802ddc18b84ebfe9a2c8edeceb9?s=96&d=mm&r=g","url":"https:\/\/secure.gravatar.com\/avatar\/311de0177214f59652729d2b4d5d895fe80bb802ddc18b84ebfe9a2c8edeceb9?s=96&d=mm&r=g","contentUrl":"https:\/\/secure.gravatar.com\/avatar\/311de0177214f59652729d2b4d5d895fe80bb802ddc18b84ebfe9a2c8edeceb9?s=96&d=mm&r=g","caption":"Cornelia Umland"},"sameAs":["https:\/\/x.com\/UmlandC"],"url":"https:\/\/blog.gsa-messgeraete.de\/es\/author\/cn-umland\/"}]}},"_links":{"self":[{"href":"https:\/\/blog.gsa-messgeraete.de\/es\/wp-json\/wp\/v2\/posts\/12646","targetHints":{"allow":["GET"]}}],"collection":[{"href":"https:\/\/blog.gsa-messgeraete.de\/es\/wp-json\/wp\/v2\/posts"}],"about":[{"href":"https:\/\/blog.gsa-messgeraete.de\/es\/wp-json\/wp\/v2\/types\/post"}],"author":[{"embeddable":true,"href":"https:\/\/blog.gsa-messgeraete.de\/es\/wp-json\/wp\/v2\/users\/3"}],"replies":[{"embeddable":true,"href":"https:\/\/blog.gsa-messgeraete.de\/es\/wp-json\/wp\/v2\/comments?post=12646"}],"version-history":[{"count":9,"href":"https:\/\/blog.gsa-messgeraete.de\/es\/wp-json\/wp\/v2\/posts\/12646\/revisions"}],"predecessor-version":[{"id":15125,"href":"https:\/\/blog.gsa-messgeraete.de\/es\/wp-json\/wp\/v2\/posts\/12646\/revisions\/15125"}],"wp:featuredmedia":[{"embeddable":true,"href":"https:\/\/blog.gsa-messgeraete.de\/es\/wp-json\/wp\/v2\/media\/15121"}],"wp:attachment":[{"href":"https:\/\/blog.gsa-messgeraete.de\/es\/wp-json\/wp\/v2\/media?parent=12646"}],"wp:term":[{"taxonomy":"category","embeddable":true,"href":"https:\/\/blog.gsa-messgeraete.de\/es\/wp-json\/wp\/v2\/categories?post=12646"},{"taxonomy":"post_tag","embeddable":true,"href":"https:\/\/blog.gsa-messgeraete.de\/es\/wp-json\/wp\/v2\/tags?post=12646"}],"curies":[{"name":"wp","href":"https:\/\/api.w.org\/{rel}","templated":true}]}}