{"id":12742,"date":"2024-04-22T10:45:31","date_gmt":"2024-04-22T08:45:31","guid":{"rendered":"https:\/\/blog.gsa-messgeraete.de\/polvo-sahariano-contaminacion-por-polvo-fino\/"},"modified":"2025-08-29T10:25:24","modified_gmt":"2025-08-29T08:25:24","slug":"polvo-del-sahara-contaminacion-por-polvo-fino","status":"publish","type":"post","link":"https:\/\/blog.gsa-messgeraete.de\/es\/polvo-del-sahara-contaminacion-por-polvo-fino\/","title":{"rendered":"Polvo del S\u00e1hara &#8211; contaminaci\u00f3n por polvo fino"},"content":{"rendered":"\n<p>Grandes cantidades de Polvo del S\u00e1hara, que viaj\u00f3 miles de kil\u00f3metros desde el norte de \u00c1frica a trav\u00e9s del Atl\u00e1ntico hasta Europa, caracterizaron el tiempo de Semana Santa de este a\u00f1o. El polvo del desierto no s\u00f3lo provoc\u00f3 con frecuencia cielos muy nublados, sino tambi\u00e9n altos niveles de contaminaci\u00f3n por part\u00edculas en Alemania y otras partes de Europa.<\/p>\n\n\n\n<!--more-->\n\n\n\n<h2 class=\"wp-block-heading\"><br>Polvo del S\u00e1hara &#8211; un fen\u00f3meno meteorol\u00f3gico<\/h2>\n\n\n\n<p>\u00abSobre todo durante el fin de semana de Pascua, el polvo sahariano ti\u00f1\u00f3 de rojizo el cielo de Alemania y otros pa\u00edses europeos, tapando el sol y haci\u00e9ndolo parecer lechoso. Cuando llov\u00eda, las part\u00edculas de polvo marr\u00f3n rojizo del Polvo del S\u00e1hara se precipitaban en el aire como la llamada \u00ablluvia de sangre\u00bb. La contaminaci\u00f3n causada por el polvo sahariano era muy elevada en muchas regiones de Alemania. En algunos casos, los niveles de part\u00edculas medidos eran dos o tres veces superiores a los valores l\u00edmite. El valor l\u00edmite diario de part\u00edculas finas (PM10) de di\u00e1metro inferior a 10 micr\u00f3metros es de 50 microgramos por metro c\u00fabico de aire.<\/p>\n\n\n\n<p>Se calcula que el 30 de marzo de 2024 se transportaron a Suiza m\u00e1s de 180.000 toneladas de arena sahariana. En Suiza, cerca de Davos, la Oficina Federal de Medio Ambiente (FOEN) lleg\u00f3 a medir hasta 500 \u00b5g\/m\u00b3. Las elevadas cantidades de polvo fino procedentes del S\u00e1hara fueron transportadas por el foehn alpino. \u00c9ste se desarroll\u00f3 a partir de una pronunciada zona de baja presi\u00f3n y arrastr\u00f3 vientos c\u00e1lidos hasta Europa Central. En general, las <a href=\"https:\/\/blog.gsa-messgeraete.de\/es\/contaminacion-por-particulas-debida-a-la-combustion\/\">part\u00edculas finas<\/a> (PM10) se definen como polvo con un tama\u00f1o de part\u00edcula inferior a diez micr\u00f3metros. <br><br><br><\/p>\n\n\n\n<h2 class=\"wp-block-heading\">Polvo del S\u00e1hara en Europa<\/h2>\n\n\n\n<p>En general, el polvo sahariano en las regiones europeas no es un fen\u00f3meno raro. Se produce entre cinco y quince veces al a\u00f1o, principalmente en primavera y oto\u00f1o. Se crea cuando finas part\u00edculas de polvo mineral se levantan en el mayor desierto seco del mundo, el S\u00e1hara, y se elevan miles de metros. A continuaci\u00f3n, el viento caliente de gran altitud arrastra los polvos hasta Europa Central. Cada a\u00f1o salen del S\u00e1hara unos mil millones de toneladas de polvos. S\u00f3lo las part\u00edculas m\u00e1s finas son transportadas hacia Europa, mientras que los granos de arena m\u00e1s grandes y pesados no pueden alcanzar las capas m\u00e1s altas del aire.       <\/p>\n\n\n\n<p>En la mayor\u00eda de los casos, el polvo del desierto pasa desapercibido, ya que su concentraci\u00f3n es baja. S\u00f3lo se hace m\u00e1s perceptible para el ser humano cuando ya ha alcanzado altas concentraciones de polvo mineral fino del desierto. S\u00f3lo cuando cientos de miles de toneladas de arena est\u00e1n suspendidas en el aire, el cielo aparece rojizo. El sol es entonces apenas perceptible. Cuando llueve, el polvo mineral ferroso cae en forma de la llamada \u201clluvia de sangre\u201d y puede cubrir grandes zonas con su polvo de color rojizo.    <br><br><\/p>\n\n\n\n<h2 class=\"wp-block-heading\">Composici\u00f3n del polvo sahariano<\/h2>\n\n\n\n<p>El polvo sahariano que nos llega a Europa Central est\u00e1 compuesto por un 60% de cuarzo. Sus otros componentes son \u00f3xido de aluminio en torno al 5-15% y proporciones menores de \u00f3xido de hierro, as\u00ed como cal, \u00f3xido de magnesio y \u00f3xido de potasio. <\/p>\n\n\n\n<p><br><\/p>\n\n\n\n<h2 class=\"wp-block-heading\">Posibles efectos del polvo del desierto<\/h2>\n\n\n\n<ul class=\"wp-block-list\">\n<li>Las part\u00edculas de polvo se reflejan en el aire y dispersan parte de la luz solar. Esto hace que el cielo adquiera un color entre amarillento y rojizo.<\/li>\n\n\n\n<li>la gran cantidad de part\u00edculas de polvo en el aire hace que llegue menos luz solar al suelo, por lo que \u00e9ste es m\u00e1s fr\u00edo. <\/li>\n\n\n\n<li>los polvos pueden formar m\u00e1s n\u00facleos de condensaci\u00f3n, lo que puede provocar un aumento de la formaci\u00f3n de nubes.  <\/li>\n\n\n\n<li>el desarrollo de huracanes en el Atl\u00e1ntico Norte puede verse reducido por las part\u00edculas, ya que el Polvo del S\u00e1hara puede inhibir la radiaci\u00f3n solar y el agua subyacente no se calienta lo suficiente.<\/li>\n\n\n\n<li>el polvo del S\u00e1hara es un buen abono mineral para el crecimiento de las plantas, ya que contiene sustancias valiosas como calcio, magnesio, hierro y f\u00f3sforo.<\/li>\n\n\n\n<li>para la selva sudamericana, los polvos son una de las mejores fuentes de minerales, que son transportados hasta all\u00ed por los vientos alisios.<\/li>\n<\/ul>\n\n\n\n<h2 class=\"wp-block-heading\"><br>Peligros para la salud debidos al polvo del desierto<\/h2>\n\n\n\n<p>Seg\u00fan los estudios, el polvo sahariano se considera menos nocivo que las part\u00edculas finas del tr\u00e1fico. El riesgo de enfermedad es bastante bajo debido a las grandes part\u00edculas de polvo. Sin embargo, el polvo m\u00e1s fino de la arena sahariana puede causar mayores riesgos para la salud, sobre todo en los ni\u00f1os. El asma puede empeorar y tambi\u00e9n pueden desarrollarse enfermedades respiratorias. Que pueda haber una posible relaci\u00f3n entre el desarrollo de alergias al polen y el polvo del desierto es hasta ahora s\u00f3lo una suposici\u00f3n. Seg\u00fan la Agencia Federal de Medio Ambiente, las pruebas han demostrado que las part\u00edculas finas de la arena del desierto pueden provocar m\u00e1s alergias, da\u00f1os pulmonares inflamatorios y enfermedades cardiovasculares.     <br><\/p>\n\n\n\n<p><br><\/p>\n\n\n\n<p><strong>Fuentes:  <\/strong><\/p>\n\n\n\n<p>Fuente de la imagen: 123rf.com \u00a9 ferdel99, imagen n\u00ba 183314778<\/p>\n\n\n\n<p>www.ardalpha.de\/wissen\/umwelt\/klima\/meteorologie-wetter-wuestensand-saharastaub-sand-wind-luft-regenwald-100.html<\/p>\n\n\n\n<p>www.bafu.admin.ch\/bafu\/de\/home\/themen\/luft\/zustand\/daten.html<\/p>\n\n\n\n<p>www.bmuv.de\/themen\/gesundheit\/luftreinhaltung\/feinstaub<\/p>\n\n\n\n<p>www.br.de\/nachrichten\/wissen\/saharastaub-in-der-luft-wie-schaedlich-ist-er,T1U42IL<\/p>\n\n\n\n<p>www.dwd.de\/DE\/service\/lexikon\/begriffe\/S\/saharastaub_faq.pdf?__blob=publicationFile&amp;v=2www.tagesschau.de\/inland\/saharastaub-feinstaubbelastung-100.html<\/p>\n\n\n\n<p>www.dwd.de\/DE\/forschung\/atmosphaerenbeob\/zusammensetzung_atmosphaere\/aerosol\/inh_nav\/saharastaub_node.html<\/p>\n\n\n\n<p>www.imk-tro.kit.edu\/10581.php<\/p>\n\n\n\n<p>www.srf.ch\/meteo\/meteo-stories\/gruss-aus-der-wueste-saharastaub-spannende-fakten-ueber-den-kleinen-alleskoenner<\/p>\n\n\n\n<p>www.umweltbundesamt.de\/daten\/luft\/luftdaten\/luftqualitaet\/<\/p>\n\n\n\n<p>www.spiegel.de\/wissenschaft\/natur\/saharastaub-zieht-ueber-deutschland-gelblicher-himmel-a-5770cd06-02f4-44ad-973a-d5cb00ad2122<\/p>\n\n\n\n<p>www.wetteronline.de\/wetterlexikon\/saharastaub<\/p>\n\n\n\n<p>www.wetter.de\/cms\/blutregen-und-wuestensand-am-wochenende-wind-blaest-saharastaub-nach-deutschland-5082411.html<\/p>\n\n\n\n<p>www.zdf.de\/nachrichten\/panorama\/saharastaub-deutschland-wetter-feinstaub-100.html<\/p>\n\n\n\n<p>www.zdf.de\/nachrichten\/panorama\/saharastaub-karsamstag-wetter-100.html<\/p>\n","protected":false},"excerpt":{"rendered":"<p>Grandes cantidades de Polvo del S\u00e1hara, que viaj\u00f3 miles de kil\u00f3metros desde el norte de \u00c1frica a trav\u00e9s del Atl\u00e1ntico hasta Europa, caracterizaron el tiempo de Semana Santa de este a\u00f1o. El polvo del desierto no s\u00f3lo provoc\u00f3 con frecuencia cielos muy nublados, sino tambi\u00e9n altos niveles de contaminaci\u00f3n por part\u00edculas en Alemania y otras &#8230; <a title=\"Polvo del S\u00e1hara &#8211; contaminaci\u00f3n por polvo fino\" class=\"read-more\" href=\"https:\/\/blog.gsa-messgeraete.de\/es\/polvo-del-sahara-contaminacion-por-polvo-fino\/\" aria-label=\"Leer m\u00e1s sobre Polvo del S\u00e1hara &#8211; contaminaci\u00f3n por polvo fino\">Leer m\u00e1s<\/a><\/p>\n","protected":false},"author":3,"featured_media":12748,"comment_status":"closed","ping_status":"open","sticky":false,"template":"","format":"standard","meta":{"_exactmetrics_skip_tracking":false,"_exactmetrics_sitenote_active":false,"_exactmetrics_sitenote_note":"","_exactmetrics_sitenote_category":0,"footnotes":""},"categories":[1773],"tags":[2118,2119,2041],"class_list":["post-12742","post","type-post","status-publish","format-standard","has-post-thumbnail","hentry","category-polvo","tag-contaminacion-por-particulas","tag-polvo-del-sahara","tag-polvo-fino"],"yoast_head":"<!-- This site is optimized with the Yoast SEO plugin v27.5 - https:\/\/yoast.com\/product\/yoast-seo-wordpress\/ -->\n<title>Polvo del S\u00e1hara - contaminaci\u00f3n por polvo fino - blog.gsa-messgeraete.de<\/title>\n<meta name=\"description\" content=\"El polvo del S\u00e1hara se desarrolla con m\u00e1s frecuencia. Los polvos minerales pueden provocar una fuerte contaminaci\u00f3n por part\u00edculas.\" \/>\n<meta name=\"robots\" content=\"index, follow, max-snippet:-1, max-image-preview:large, max-video-preview:-1\" \/>\n<link rel=\"canonical\" href=\"https:\/\/blog.gsa-messgeraete.de\/es\/polvo-del-sahara-contaminacion-por-polvo-fino\/\" \/>\n<meta property=\"og:locale\" content=\"es_ES\" \/>\n<meta property=\"og:type\" content=\"article\" \/>\n<meta property=\"og:title\" content=\"Polvo del S\u00e1hara - contaminaci\u00f3n por polvo fino - blog.gsa-messgeraete.de\" \/>\n<meta property=\"og:description\" content=\"El polvo del S\u00e1hara se desarrolla con m\u00e1s frecuencia. Los polvos minerales pueden provocar una fuerte contaminaci\u00f3n por part\u00edculas.\" \/>\n<meta property=\"og:url\" content=\"https:\/\/blog.gsa-messgeraete.de\/es\/polvo-del-sahara-contaminacion-por-polvo-fino\/\" \/>\n<meta property=\"og:site_name\" content=\"blog.gsa-messgeraete.de\" \/>\n<meta property=\"article:published_time\" content=\"2024-04-22T08:45:31+00:00\" \/>\n<meta property=\"article:modified_time\" content=\"2025-08-29T08:25:24+00:00\" \/>\n<meta property=\"og:image\" content=\"https:\/\/blog.gsa-messgeraete.de\/wp-content\/uploads\/2024\/04\/Polvo-del-Sahara.jpg\" \/>\n\t<meta property=\"og:image:width\" content=\"600\" \/>\n\t<meta property=\"og:image:height\" content=\"400\" \/>\n\t<meta property=\"og:image:type\" content=\"image\/jpeg\" \/>\n<meta name=\"author\" content=\"Cornelia Umland\" \/>\n<meta name=\"twitter:card\" content=\"summary_large_image\" \/>\n<meta name=\"twitter:creator\" content=\"@UmlandC\" \/>\n<meta name=\"twitter:label1\" content=\"Escrito por\" \/>\n\t<meta name=\"twitter:data1\" content=\"Cornelia Umland\" \/>\n\t<meta name=\"twitter:label2\" content=\"Tiempo de lectura\" \/>\n\t<meta name=\"twitter:data2\" content=\"5 minutos\" \/>\n<script type=\"application\/ld+json\" class=\"yoast-schema-graph\">{\"@context\":\"https:\\\/\\\/schema.org\",\"@graph\":[{\"@type\":\"Article\",\"@id\":\"https:\\\/\\\/blog.gsa-messgeraete.de\\\/es\\\/polvo-del-sahara-contaminacion-por-polvo-fino\\\/#article\",\"isPartOf\":{\"@id\":\"https:\\\/\\\/blog.gsa-messgeraete.de\\\/es\\\/polvo-del-sahara-contaminacion-por-polvo-fino\\\/\"},\"author\":{\"name\":\"Cornelia Umland\",\"@id\":\"https:\\\/\\\/blog.gsa-messgeraete.de\\\/es\\\/#\\\/schema\\\/person\\\/66e89e6575b5aa6008b4ea0acc5d38ed\"},\"headline\":\"Polvo del S\u00e1hara &#8211; contaminaci\u00f3n por polvo fino\",\"datePublished\":\"2024-04-22T08:45:31+00:00\",\"dateModified\":\"2025-08-29T08:25:24+00:00\",\"mainEntityOfPage\":{\"@id\":\"https:\\\/\\\/blog.gsa-messgeraete.de\\\/es\\\/polvo-del-sahara-contaminacion-por-polvo-fino\\\/\"},\"wordCount\":1025,\"publisher\":{\"@id\":\"https:\\\/\\\/blog.gsa-messgeraete.de\\\/es\\\/#organization\"},\"image\":{\"@id\":\"https:\\\/\\\/blog.gsa-messgeraete.de\\\/es\\\/polvo-del-sahara-contaminacion-por-polvo-fino\\\/#primaryimage\"},\"thumbnailUrl\":\"https:\\\/\\\/blog.gsa-messgeraete.de\\\/wp-content\\\/uploads\\\/2024\\\/04\\\/Polvo-del-Sahara.jpg\",\"keywords\":[\"Contaminaci\u00f3n por part\u00edculas\",\"Polvo del S\u00e1hara\",\"polvo fino\"],\"articleSection\":[\"Polvo\"],\"inLanguage\":\"es\"},{\"@type\":\"WebPage\",\"@id\":\"https:\\\/\\\/blog.gsa-messgeraete.de\\\/es\\\/polvo-del-sahara-contaminacion-por-polvo-fino\\\/\",\"url\":\"https:\\\/\\\/blog.gsa-messgeraete.de\\\/es\\\/polvo-del-sahara-contaminacion-por-polvo-fino\\\/\",\"name\":\"Polvo del S\u00e1hara - contaminaci\u00f3n por polvo fino - blog.gsa-messgeraete.de\",\"isPartOf\":{\"@id\":\"https:\\\/\\\/blog.gsa-messgeraete.de\\\/es\\\/#website\"},\"primaryImageOfPage\":{\"@id\":\"https:\\\/\\\/blog.gsa-messgeraete.de\\\/es\\\/polvo-del-sahara-contaminacion-por-polvo-fino\\\/#primaryimage\"},\"image\":{\"@id\":\"https:\\\/\\\/blog.gsa-messgeraete.de\\\/es\\\/polvo-del-sahara-contaminacion-por-polvo-fino\\\/#primaryimage\"},\"thumbnailUrl\":\"https:\\\/\\\/blog.gsa-messgeraete.de\\\/wp-content\\\/uploads\\\/2024\\\/04\\\/Polvo-del-Sahara.jpg\",\"datePublished\":\"2024-04-22T08:45:31+00:00\",\"dateModified\":\"2025-08-29T08:25:24+00:00\",\"description\":\"El polvo del S\u00e1hara se desarrolla con m\u00e1s frecuencia. Los polvos minerales pueden provocar una fuerte contaminaci\u00f3n por part\u00edculas.\",\"breadcrumb\":{\"@id\":\"https:\\\/\\\/blog.gsa-messgeraete.de\\\/es\\\/polvo-del-sahara-contaminacion-por-polvo-fino\\\/#breadcrumb\"},\"inLanguage\":\"es\",\"potentialAction\":[{\"@type\":\"ReadAction\",\"target\":[\"https:\\\/\\\/blog.gsa-messgeraete.de\\\/es\\\/polvo-del-sahara-contaminacion-por-polvo-fino\\\/\"]}]},{\"@type\":\"ImageObject\",\"inLanguage\":\"es\",\"@id\":\"https:\\\/\\\/blog.gsa-messgeraete.de\\\/es\\\/polvo-del-sahara-contaminacion-por-polvo-fino\\\/#primaryimage\",\"url\":\"https:\\\/\\\/blog.gsa-messgeraete.de\\\/wp-content\\\/uploads\\\/2024\\\/04\\\/Polvo-del-Sahara.jpg\",\"contentUrl\":\"https:\\\/\\\/blog.gsa-messgeraete.de\\\/wp-content\\\/uploads\\\/2024\\\/04\\\/Polvo-del-Sahara.jpg\",\"width\":600,\"height\":400,\"caption\":\"Polvo del S\u00e1hara\"},{\"@type\":\"BreadcrumbList\",\"@id\":\"https:\\\/\\\/blog.gsa-messgeraete.de\\\/es\\\/polvo-del-sahara-contaminacion-por-polvo-fino\\\/#breadcrumb\",\"itemListElement\":[{\"@type\":\"ListItem\",\"position\":1,\"name\":\"Startseite\",\"item\":\"https:\\\/\\\/blog.gsa-messgeraete.de\\\/es\\\/\"},{\"@type\":\"ListItem\",\"position\":2,\"name\":\"Polvo del S\u00e1hara &#8211; contaminaci\u00f3n por polvo fino\"}]},{\"@type\":\"WebSite\",\"@id\":\"https:\\\/\\\/blog.gsa-messgeraete.de\\\/es\\\/#website\",\"url\":\"https:\\\/\\\/blog.gsa-messgeraete.de\\\/es\\\/\",\"name\":\"blog.gsa-messgeraete.de\",\"description\":\"\",\"publisher\":{\"@id\":\"https:\\\/\\\/blog.gsa-messgeraete.de\\\/es\\\/#organization\"},\"potentialAction\":[{\"@type\":\"SearchAction\",\"target\":{\"@type\":\"EntryPoint\",\"urlTemplate\":\"https:\\\/\\\/blog.gsa-messgeraete.de\\\/es\\\/?s={search_term_string}\"},\"query-input\":{\"@type\":\"PropertyValueSpecification\",\"valueRequired\":true,\"valueName\":\"search_term_string\"}}],\"inLanguage\":\"es\"},{\"@type\":\"Organization\",\"@id\":\"https:\\\/\\\/blog.gsa-messgeraete.de\\\/es\\\/#organization\",\"name\":\"GSA Messger\u00e4tebau GmbH\",\"url\":\"https:\\\/\\\/blog.gsa-messgeraete.de\\\/es\\\/\",\"logo\":{\"@type\":\"ImageObject\",\"inLanguage\":\"es\",\"@id\":\"https:\\\/\\\/blog.gsa-messgeraete.de\\\/es\\\/#\\\/schema\\\/logo\\\/image\\\/\",\"url\":\"https:\\\/\\\/blog.gsa-messgeraete.de\\\/wp-content\\\/uploads\\\/2016\\\/12\\\/cropped-Logo-GSA-Messgeraete-1.jpg\",\"contentUrl\":\"https:\\\/\\\/blog.gsa-messgeraete.de\\\/wp-content\\\/uploads\\\/2016\\\/12\\\/cropped-Logo-GSA-Messgeraete-1.jpg\",\"width\":350,\"height\":164,\"caption\":\"GSA Messger\u00e4tebau GmbH\"},\"image\":{\"@id\":\"https:\\\/\\\/blog.gsa-messgeraete.de\\\/es\\\/#\\\/schema\\\/logo\\\/image\\\/\"}},{\"@type\":\"Person\",\"@id\":\"https:\\\/\\\/blog.gsa-messgeraete.de\\\/es\\\/#\\\/schema\\\/person\\\/66e89e6575b5aa6008b4ea0acc5d38ed\",\"name\":\"Cornelia Umland\",\"image\":{\"@type\":\"ImageObject\",\"inLanguage\":\"es\",\"@id\":\"https:\\\/\\\/secure.gravatar.com\\\/avatar\\\/311de0177214f59652729d2b4d5d895fe80bb802ddc18b84ebfe9a2c8edeceb9?s=96&d=mm&r=g\",\"url\":\"https:\\\/\\\/secure.gravatar.com\\\/avatar\\\/311de0177214f59652729d2b4d5d895fe80bb802ddc18b84ebfe9a2c8edeceb9?s=96&d=mm&r=g\",\"contentUrl\":\"https:\\\/\\\/secure.gravatar.com\\\/avatar\\\/311de0177214f59652729d2b4d5d895fe80bb802ddc18b84ebfe9a2c8edeceb9?s=96&d=mm&r=g\",\"caption\":\"Cornelia Umland\"},\"sameAs\":[\"https:\\\/\\\/x.com\\\/UmlandC\"],\"url\":\"https:\\\/\\\/blog.gsa-messgeraete.de\\\/es\\\/author\\\/cn-umland\\\/\"}]}<\/script>\n<!-- \/ Yoast SEO plugin. -->","yoast_head_json":{"title":"Polvo del S\u00e1hara - contaminaci\u00f3n por polvo fino - blog.gsa-messgeraete.de","description":"El polvo del S\u00e1hara se desarrolla con m\u00e1s frecuencia. Los polvos minerales pueden provocar una fuerte contaminaci\u00f3n por part\u00edculas.","robots":{"index":"index","follow":"follow","max-snippet":"max-snippet:-1","max-image-preview":"max-image-preview:large","max-video-preview":"max-video-preview:-1"},"canonical":"https:\/\/blog.gsa-messgeraete.de\/es\/polvo-del-sahara-contaminacion-por-polvo-fino\/","og_locale":"es_ES","og_type":"article","og_title":"Polvo del S\u00e1hara - contaminaci\u00f3n por polvo fino - blog.gsa-messgeraete.de","og_description":"El polvo del S\u00e1hara se desarrolla con m\u00e1s frecuencia. Los polvos minerales pueden provocar una fuerte contaminaci\u00f3n por part\u00edculas.","og_url":"https:\/\/blog.gsa-messgeraete.de\/es\/polvo-del-sahara-contaminacion-por-polvo-fino\/","og_site_name":"blog.gsa-messgeraete.de","article_published_time":"2024-04-22T08:45:31+00:00","article_modified_time":"2025-08-29T08:25:24+00:00","og_image":[{"width":600,"height":400,"url":"https:\/\/blog.gsa-messgeraete.de\/wp-content\/uploads\/2024\/04\/Polvo-del-Sahara.jpg","type":"image\/jpeg"}],"author":"Cornelia Umland","twitter_card":"summary_large_image","twitter_creator":"@UmlandC","twitter_misc":{"Escrito por":"Cornelia Umland","Tiempo de lectura":"5 minutos"},"schema":{"@context":"https:\/\/schema.org","@graph":[{"@type":"Article","@id":"https:\/\/blog.gsa-messgeraete.de\/es\/polvo-del-sahara-contaminacion-por-polvo-fino\/#article","isPartOf":{"@id":"https:\/\/blog.gsa-messgeraete.de\/es\/polvo-del-sahara-contaminacion-por-polvo-fino\/"},"author":{"name":"Cornelia Umland","@id":"https:\/\/blog.gsa-messgeraete.de\/es\/#\/schema\/person\/66e89e6575b5aa6008b4ea0acc5d38ed"},"headline":"Polvo del S\u00e1hara &#8211; contaminaci\u00f3n por polvo fino","datePublished":"2024-04-22T08:45:31+00:00","dateModified":"2025-08-29T08:25:24+00:00","mainEntityOfPage":{"@id":"https:\/\/blog.gsa-messgeraete.de\/es\/polvo-del-sahara-contaminacion-por-polvo-fino\/"},"wordCount":1025,"publisher":{"@id":"https:\/\/blog.gsa-messgeraete.de\/es\/#organization"},"image":{"@id":"https:\/\/blog.gsa-messgeraete.de\/es\/polvo-del-sahara-contaminacion-por-polvo-fino\/#primaryimage"},"thumbnailUrl":"https:\/\/blog.gsa-messgeraete.de\/wp-content\/uploads\/2024\/04\/Polvo-del-Sahara.jpg","keywords":["Contaminaci\u00f3n por part\u00edculas","Polvo del S\u00e1hara","polvo fino"],"articleSection":["Polvo"],"inLanguage":"es"},{"@type":"WebPage","@id":"https:\/\/blog.gsa-messgeraete.de\/es\/polvo-del-sahara-contaminacion-por-polvo-fino\/","url":"https:\/\/blog.gsa-messgeraete.de\/es\/polvo-del-sahara-contaminacion-por-polvo-fino\/","name":"Polvo del S\u00e1hara - contaminaci\u00f3n por polvo fino - blog.gsa-messgeraete.de","isPartOf":{"@id":"https:\/\/blog.gsa-messgeraete.de\/es\/#website"},"primaryImageOfPage":{"@id":"https:\/\/blog.gsa-messgeraete.de\/es\/polvo-del-sahara-contaminacion-por-polvo-fino\/#primaryimage"},"image":{"@id":"https:\/\/blog.gsa-messgeraete.de\/es\/polvo-del-sahara-contaminacion-por-polvo-fino\/#primaryimage"},"thumbnailUrl":"https:\/\/blog.gsa-messgeraete.de\/wp-content\/uploads\/2024\/04\/Polvo-del-Sahara.jpg","datePublished":"2024-04-22T08:45:31+00:00","dateModified":"2025-08-29T08:25:24+00:00","description":"El polvo del S\u00e1hara se desarrolla con m\u00e1s frecuencia. Los polvos minerales pueden provocar una fuerte contaminaci\u00f3n por part\u00edculas.","breadcrumb":{"@id":"https:\/\/blog.gsa-messgeraete.de\/es\/polvo-del-sahara-contaminacion-por-polvo-fino\/#breadcrumb"},"inLanguage":"es","potentialAction":[{"@type":"ReadAction","target":["https:\/\/blog.gsa-messgeraete.de\/es\/polvo-del-sahara-contaminacion-por-polvo-fino\/"]}]},{"@type":"ImageObject","inLanguage":"es","@id":"https:\/\/blog.gsa-messgeraete.de\/es\/polvo-del-sahara-contaminacion-por-polvo-fino\/#primaryimage","url":"https:\/\/blog.gsa-messgeraete.de\/wp-content\/uploads\/2024\/04\/Polvo-del-Sahara.jpg","contentUrl":"https:\/\/blog.gsa-messgeraete.de\/wp-content\/uploads\/2024\/04\/Polvo-del-Sahara.jpg","width":600,"height":400,"caption":"Polvo del S\u00e1hara"},{"@type":"BreadcrumbList","@id":"https:\/\/blog.gsa-messgeraete.de\/es\/polvo-del-sahara-contaminacion-por-polvo-fino\/#breadcrumb","itemListElement":[{"@type":"ListItem","position":1,"name":"Startseite","item":"https:\/\/blog.gsa-messgeraete.de\/es\/"},{"@type":"ListItem","position":2,"name":"Polvo del S\u00e1hara &#8211; contaminaci\u00f3n por polvo fino"}]},{"@type":"WebSite","@id":"https:\/\/blog.gsa-messgeraete.de\/es\/#website","url":"https:\/\/blog.gsa-messgeraete.de\/es\/","name":"blog.gsa-messgeraete.de","description":"","publisher":{"@id":"https:\/\/blog.gsa-messgeraete.de\/es\/#organization"},"potentialAction":[{"@type":"SearchAction","target":{"@type":"EntryPoint","urlTemplate":"https:\/\/blog.gsa-messgeraete.de\/es\/?s={search_term_string}"},"query-input":{"@type":"PropertyValueSpecification","valueRequired":true,"valueName":"search_term_string"}}],"inLanguage":"es"},{"@type":"Organization","@id":"https:\/\/blog.gsa-messgeraete.de\/es\/#organization","name":"GSA Messger\u00e4tebau GmbH","url":"https:\/\/blog.gsa-messgeraete.de\/es\/","logo":{"@type":"ImageObject","inLanguage":"es","@id":"https:\/\/blog.gsa-messgeraete.de\/es\/#\/schema\/logo\/image\/","url":"https:\/\/blog.gsa-messgeraete.de\/wp-content\/uploads\/2016\/12\/cropped-Logo-GSA-Messgeraete-1.jpg","contentUrl":"https:\/\/blog.gsa-messgeraete.de\/wp-content\/uploads\/2016\/12\/cropped-Logo-GSA-Messgeraete-1.jpg","width":350,"height":164,"caption":"GSA Messger\u00e4tebau GmbH"},"image":{"@id":"https:\/\/blog.gsa-messgeraete.de\/es\/#\/schema\/logo\/image\/"}},{"@type":"Person","@id":"https:\/\/blog.gsa-messgeraete.de\/es\/#\/schema\/person\/66e89e6575b5aa6008b4ea0acc5d38ed","name":"Cornelia Umland","image":{"@type":"ImageObject","inLanguage":"es","@id":"https:\/\/secure.gravatar.com\/avatar\/311de0177214f59652729d2b4d5d895fe80bb802ddc18b84ebfe9a2c8edeceb9?s=96&d=mm&r=g","url":"https:\/\/secure.gravatar.com\/avatar\/311de0177214f59652729d2b4d5d895fe80bb802ddc18b84ebfe9a2c8edeceb9?s=96&d=mm&r=g","contentUrl":"https:\/\/secure.gravatar.com\/avatar\/311de0177214f59652729d2b4d5d895fe80bb802ddc18b84ebfe9a2c8edeceb9?s=96&d=mm&r=g","caption":"Cornelia Umland"},"sameAs":["https:\/\/x.com\/UmlandC"],"url":"https:\/\/blog.gsa-messgeraete.de\/es\/author\/cn-umland\/"}]}},"_links":{"self":[{"href":"https:\/\/blog.gsa-messgeraete.de\/es\/wp-json\/wp\/v2\/posts\/12742","targetHints":{"allow":["GET"]}}],"collection":[{"href":"https:\/\/blog.gsa-messgeraete.de\/es\/wp-json\/wp\/v2\/posts"}],"about":[{"href":"https:\/\/blog.gsa-messgeraete.de\/es\/wp-json\/wp\/v2\/types\/post"}],"author":[{"embeddable":true,"href":"https:\/\/blog.gsa-messgeraete.de\/es\/wp-json\/wp\/v2\/users\/3"}],"replies":[{"embeddable":true,"href":"https:\/\/blog.gsa-messgeraete.de\/es\/wp-json\/wp\/v2\/comments?post=12742"}],"version-history":[{"count":6,"href":"https:\/\/blog.gsa-messgeraete.de\/es\/wp-json\/wp\/v2\/posts\/12742\/revisions"}],"predecessor-version":[{"id":13958,"href":"https:\/\/blog.gsa-messgeraete.de\/es\/wp-json\/wp\/v2\/posts\/12742\/revisions\/13958"}],"wp:featuredmedia":[{"embeddable":true,"href":"https:\/\/blog.gsa-messgeraete.de\/es\/wp-json\/wp\/v2\/media\/12748"}],"wp:attachment":[{"href":"https:\/\/blog.gsa-messgeraete.de\/es\/wp-json\/wp\/v2\/media?parent=12742"}],"wp:term":[{"taxonomy":"category","embeddable":true,"href":"https:\/\/blog.gsa-messgeraete.de\/es\/wp-json\/wp\/v2\/categories?post=12742"},{"taxonomy":"post_tag","embeddable":true,"href":"https:\/\/blog.gsa-messgeraete.de\/es\/wp-json\/wp\/v2\/tags?post=12742"}],"curies":[{"name":"wp","href":"https:\/\/api.w.org\/{rel}","templated":true}]}}