{"id":13113,"date":"2022-04-22T13:08:00","date_gmt":"2022-04-22T11:08:00","guid":{"rendered":"https:\/\/blog.gsa-messgeraete.de\/dano-medioambiental-masivo-debido-a-la-guerra\/"},"modified":"2025-06-18T15:21:55","modified_gmt":"2025-06-18T13:21:55","slug":"dano-medioambiental-masivo-debido-a-la-guerra","status":"publish","type":"post","link":"https:\/\/blog.gsa-messgeraete.de\/es\/dano-medioambiental-masivo-debido-a-la-guerra\/","title":{"rendered":"Da\u00f1o medioambiental masivo debido a la guerra"},"content":{"rendered":"\n<p><strong>Los da\u00f1os medioambientales causados por la guerra<\/strong> tienen un enorme impacto en el <strong>medio ambiente<\/strong> de las zonas afectadas. La guerra no s\u00f3lo causa un sufrimiento incre\u00edble a las personas, sino que tambi\u00e9n deja tras de s\u00ed una destrucci\u00f3n medioambiental con consecuencias negativas a largo plazo.   <\/p>\n\n\n\n<!--more-->\n\n\n\n<p><br>Las im\u00e1genes de la actual guerra en Ucrania no s\u00f3lo muestran a personas desesperadas y edificios destruidos, sino tambi\u00e9n zonas naturales completamente devastadas. \u00c1rboles quemados, campos yermos y extensiones enteras de tierra destruidas. <\/p>\n\n\n\n<p><br><\/p>\n\n\n\n<h2 class=\"wp-block-heading\">Da\u00f1o medioambiental causados por la guerra: consecuencias a largo plazo<\/h2>\n\n\n\n<p>La guerra de agresi\u00f3n en Ucrania muestra las enormes consecuencias de la guerra. Las importantes zonas agr\u00edcolas que abastecen de grano a gran parte de la poblaci\u00f3n mundial, as\u00ed como de girasol y colza para la producci\u00f3n de aceites, no pueden cultivarse. <br><\/p>\n\n\n\n<h3 class=\"wp-block-heading\"><strong>Qu\u00e9<\/strong> <strong>significa la contaminaci\u00f3n medioambiental causada por la guerra<\/strong>:<\/h3>\n\n\n\n<ul class=\"wp-block-list\">\n<li>Las zonas afectadas est\u00e1n <strong>permanentemente contaminadas<\/strong><\/li>\n\n\n\n<li>La fuerte <strong>contaminaci\u00f3n atmosf\u00e9rica <\/strong>provocada por los bombardeos y, por tanto, en muchos casos, la <strong>liberaci\u00f3n de metales pesados<\/strong> en el aire<\/li>\n\n\n\n<li><strong>Los campos<\/strong> se queman y <strong>no pueden utilizarse para la agricultura<\/strong><\/li>\n\n\n\n<li>Las <strong>aguas <\/strong>y los <strong>mares<\/strong> est\u00e1n<strong> envenenados<\/strong> por el bombardeo de puertos y barcos<\/li>\n\n\n\n<li>Es posible que se <strong>libere<\/strong> <strong>material radiactivo<\/strong> a trav\u00e9s de centrales nucleares da\u00f1adas o lugares de almacenamiento radiactivo.<\/li>\n<\/ul>\n\n\n\n<p><br>Los <strong>ecosistemas <\/strong>naturales <strong>intactos <\/strong>y<strong> <\/strong>a <strong>largo plazo se destruyen<\/strong> grandes extensiones<strong> de tierras agr\u00edcolas <\/strong>. Los <strong>da\u00f1os medioambientales causados por la guerra<\/strong> son inmensos, con la<strong> contaminaci\u00f3n del<\/strong> agua, el suelo y el aire. Los objetivos de protecci\u00f3n medioambiental ya no son alcanzables a largo plazo. La guerra tiene un impacto directo y masivo en la <strong>protecci\u00f3n del clima<\/strong>.   <\/p>\n\n\n\n<p><\/p>\n\n\n\n<p>Se<em> los ecosistemas de las zonas en guerra podr\u00edan tardar mucho tiempo en regenerarse y las antiguas tierras agr\u00edcolas podr\u00edan volver a cultivarse. Debido a estas consecuencias, el Programa Mundial de Alimentos de las Naciones Unidas advierte de los efectos negativos de la guerra en Ucrania sobre el suministro mundial de alimentos <\/em>. Cuanto m\u00e1s dure el conflicto, mayor ser\u00e1 el impacto sobre los paisajes, las personas y la biodiversidad afectados.<\/p>\n\n\n\n<p>Los da\u00f1os medioambientales masivos causados por la guerra est\u00e1n <em>prohibidos por <strong>el derecho internacional.<\/strong><\/em> <em>La Convenci\u00f3n sobre la Guerra Medioambiental<\/em> de 1976 y un <em>protocolo adicional a la Convenci\u00f3n de Ginebra<\/em> proh\u00edben <strong>las formas de guerra que utilicen t\u00e9cnicas perjudiciales para el medio ambiente<\/strong> con \u201cefectos duraderos o graves\u201d. Entre ellas se incluyen las <strong>intervenciones militares<\/strong> en los <strong>ciclos naturales <\/strong>del medio ambiente. Por ejemplo <em><strong>la inundaci\u00f3n de minas<\/strong><\/em> puede contaminar grandes zonas. Posible <em><strong>ataques a refiner\u00edas<\/strong> <\/em>pueden contaminar el suelo.     <\/p>\n\n\n\n<p><br><\/p>\n\n\n\n<p>En una entrevista con la Sra. Astrid Sahm, del Instituto Alem\u00e1n de Asuntos Internacionales y de Seguridad (Stiftung Wissenschaft und Politik) en la BR (Bayrischer Rundfunk, fuente ver m\u00e1s abajo), hace balance de la guerra y sus consecuencias para la protecci\u00f3n del clima. La cuesti\u00f3n es c\u00f3mo afecta la guerra de Rusia contra Ucrania a la protecci\u00f3n internacional del clima. La Sra. Sahm concluye que, sin un cambio estructural satisfactorio en la econom\u00eda ucraniana, no podr\u00e1 alcanzarse el objetivo de \u201ctransformar Europa en un continente clim\u00e1ticamente neutro\u201d. Hasta la fecha, alrededor del 30% de las necesidades de electricidad de Ucrania se siguen cubriendo con hulla y la industria sider\u00fargica es muy importante. Sin embargo, faltan recursos financieros para llevar a cabo reformas importantes, como en los sectores energ\u00e9tico e industrial, como consecuencia de la guerra.      <\/p>\n\n\n\n<p><br><\/p>\n\n\n\n<p><strong>Fuentes:<\/strong><\/p>\n\n\n\n<p>Fuente de la imagen: 123rf.com \u00a9 palinchak, imagen n\u00ba 183548319<\/p>\n\n\n\n<p>www.br.de\/nachrichten\/deutschland-welt\/ukraine-krieg-was-bedeutet-der-konflikt-fuer-den-klimaschutz,SyGd2bS<\/p>\n\n\n\n<p>www.daswetter.com\/nachrichten\/aktuelles\/krieg-umwelt-katastrophe-wetter-klima-ukraine-russland.html<\/p>\n\n\n\n<p>www.de.wikipedia.org\/wiki\/ENMOD-Konvention<\/p>\n\n\n\n<p>www.fr.de\/politik\/umwelt-ukraine-krieg-russland-natur-oel-atom-versuchte-gebiete-kiew-moskau-selenskyj-putin-91423220.html<\/p>\n\n\n\n<p>www.greenpeace.de\/frieden\/ukraine-krieg-bedrohliche-lage-dortige-atomkraftwerke<\/p>\n\n\n\n<p>www.greenpeace.de\/frieden\/krieg-umwelt<\/p>\n\n\n\n<p>www.taz.de\/Kriegsschaeden-in-der-Ukraine\/!5839848\/<\/p>\n\n\n\n<p>www.iwkoeln.de\/presse\/iw-nachrichten\/sarah-fluchs-wie-kriege-die-umwelt-schaedigen.html<\/p>\n","protected":false},"excerpt":{"rendered":"<p>Los da\u00f1os medioambientales causados por la guerra tienen un enorme impacto sobre el medio ambiente y la protecci\u00f3n del clima en las zonas afectadas.  <\/p>\n","protected":false},"author":3,"featured_media":9919,"comment_status":"closed","ping_status":"open","sticky":false,"template":"","format":"standard","meta":{"_exactmetrics_skip_tracking":false,"_exactmetrics_sitenote_active":false,"_exactmetrics_sitenote_note":"","_exactmetrics_sitenote_category":0,"footnotes":""},"categories":[1770,1773,1060],"tags":[2360,2073,2358,2357,2361,2356,2359],"class_list":["post-13113","post","type-post","status-publish","format-standard","has-post-thumbnail","hentry","category-contaminantes","category-polvo","category-sin-categorizar","tag-contaminacion","tag-contaminacion-atmosferica","tag-contaminacion-medioambiental-por-la-guerra","tag-danos-medioambientales-causados-por-la-guerra","tag-liberacion-de-metales-pesados","tag-metales-pesados","tag-proteccion-del-clima"],"yoast_head":"<!-- This site is optimized with the Yoast SEO plugin v27.5 - https:\/\/yoast.com\/product\/yoast-seo-wordpress\/ -->\n<title>Da\u00f1o medioambiental masivo debido a la guerra - blog.gsa-messgeraete.de<\/title>\n<meta name=\"description\" content=\"Los da\u00f1os medioambientales causados por la guerra tienen un enorme impacto en el medio ambiente de las zonas afectadas, sobre todo por la contaminaci\u00f3n y la poluci\u00f3n atmosf\u00e9rica.\" \/>\n<meta name=\"robots\" content=\"index, follow, max-snippet:-1, max-image-preview:large, max-video-preview:-1\" \/>\n<link rel=\"canonical\" href=\"https:\/\/blog.gsa-messgeraete.de\/es\/dano-medioambiental-masivo-debido-a-la-guerra\/\" \/>\n<meta property=\"og:locale\" content=\"es_ES\" \/>\n<meta property=\"og:type\" content=\"article\" \/>\n<meta property=\"og:title\" content=\"Da\u00f1o medioambiental masivo debido a la guerra - blog.gsa-messgeraete.de\" \/>\n<meta property=\"og:description\" content=\"Los da\u00f1os medioambientales causados por la guerra tienen un enorme impacto en el medio ambiente de las zonas afectadas, sobre todo por la contaminaci\u00f3n y la poluci\u00f3n atmosf\u00e9rica.\" \/>\n<meta property=\"og:url\" content=\"https:\/\/blog.gsa-messgeraete.de\/es\/dano-medioambiental-masivo-debido-a-la-guerra\/\" \/>\n<meta property=\"og:site_name\" content=\"blog.gsa-messgeraete.de\" \/>\n<meta property=\"article:published_time\" content=\"2022-04-22T11:08:00+00:00\" \/>\n<meta property=\"article:modified_time\" content=\"2025-06-18T13:21:55+00:00\" \/>\n<meta property=\"og:image\" content=\"https:\/\/blog.gsa-messgeraete.de\/wp-content\/uploads\/2022\/04\/Umweltschaeden-Krieg-Kiew-2022.jpg\" \/>\n\t<meta property=\"og:image:width\" content=\"848\" \/>\n\t<meta property=\"og:image:height\" content=\"565\" \/>\n\t<meta property=\"og:image:type\" content=\"image\/jpeg\" \/>\n<meta name=\"author\" content=\"Cornelia Umland\" \/>\n<meta name=\"twitter:card\" content=\"summary_large_image\" \/>\n<meta name=\"twitter:creator\" content=\"@UmlandC\" \/>\n<meta name=\"twitter:label1\" content=\"Escrito por\" \/>\n\t<meta name=\"twitter:data1\" content=\"Cornelia Umland\" \/>\n\t<meta name=\"twitter:label2\" content=\"Tiempo de lectura\" \/>\n\t<meta name=\"twitter:data2\" content=\"4 minutos\" \/>\n<script type=\"application\/ld+json\" class=\"yoast-schema-graph\">{\"@context\":\"https:\\\/\\\/schema.org\",\"@graph\":[{\"@type\":\"Article\",\"@id\":\"https:\\\/\\\/blog.gsa-messgeraete.de\\\/es\\\/dano-medioambiental-masivo-debido-a-la-guerra\\\/#article\",\"isPartOf\":{\"@id\":\"https:\\\/\\\/blog.gsa-messgeraete.de\\\/es\\\/dano-medioambiental-masivo-debido-a-la-guerra\\\/\"},\"author\":{\"name\":\"Cornelia Umland\",\"@id\":\"https:\\\/\\\/blog.gsa-messgeraete.de\\\/es\\\/#\\\/schema\\\/person\\\/66e89e6575b5aa6008b4ea0acc5d38ed\"},\"headline\":\"Da\u00f1o medioambiental masivo debido a la guerra\",\"datePublished\":\"2022-04-22T11:08:00+00:00\",\"dateModified\":\"2025-06-18T13:21:55+00:00\",\"mainEntityOfPage\":{\"@id\":\"https:\\\/\\\/blog.gsa-messgeraete.de\\\/es\\\/dano-medioambiental-masivo-debido-a-la-guerra\\\/\"},\"wordCount\":668,\"publisher\":{\"@id\":\"https:\\\/\\\/blog.gsa-messgeraete.de\\\/es\\\/#organization\"},\"image\":{\"@id\":\"https:\\\/\\\/blog.gsa-messgeraete.de\\\/es\\\/dano-medioambiental-masivo-debido-a-la-guerra\\\/#primaryimage\"},\"thumbnailUrl\":\"https:\\\/\\\/blog.gsa-messgeraete.de\\\/wp-content\\\/uploads\\\/2022\\\/04\\\/Umweltschaeden-Krieg-Kiew-2022.jpg\",\"keywords\":[\"Contaminaci\u00f3n\",\"Contaminaci\u00f3n atmosf\u00e9rica\",\"Contaminaci\u00f3n medioambiental por la guerra\",\"Da\u00f1os medioambientales causados por la guerra\",\"Liberaci\u00f3n de metales pesados\",\"Metales pesados\",\"Protecci\u00f3n del clima\"],\"articleSection\":[\"Contaminantes\",\"Polvo\",\"Sin categorizar\"],\"inLanguage\":\"es\"},{\"@type\":\"WebPage\",\"@id\":\"https:\\\/\\\/blog.gsa-messgeraete.de\\\/es\\\/dano-medioambiental-masivo-debido-a-la-guerra\\\/\",\"url\":\"https:\\\/\\\/blog.gsa-messgeraete.de\\\/es\\\/dano-medioambiental-masivo-debido-a-la-guerra\\\/\",\"name\":\"Da\u00f1o medioambiental masivo debido a la guerra - blog.gsa-messgeraete.de\",\"isPartOf\":{\"@id\":\"https:\\\/\\\/blog.gsa-messgeraete.de\\\/es\\\/#website\"},\"primaryImageOfPage\":{\"@id\":\"https:\\\/\\\/blog.gsa-messgeraete.de\\\/es\\\/dano-medioambiental-masivo-debido-a-la-guerra\\\/#primaryimage\"},\"image\":{\"@id\":\"https:\\\/\\\/blog.gsa-messgeraete.de\\\/es\\\/dano-medioambiental-masivo-debido-a-la-guerra\\\/#primaryimage\"},\"thumbnailUrl\":\"https:\\\/\\\/blog.gsa-messgeraete.de\\\/wp-content\\\/uploads\\\/2022\\\/04\\\/Umweltschaeden-Krieg-Kiew-2022.jpg\",\"datePublished\":\"2022-04-22T11:08:00+00:00\",\"dateModified\":\"2025-06-18T13:21:55+00:00\",\"description\":\"Los da\u00f1os medioambientales causados por la guerra tienen un enorme impacto en el medio ambiente de las zonas afectadas, sobre todo por la contaminaci\u00f3n y la poluci\u00f3n atmosf\u00e9rica.\",\"breadcrumb\":{\"@id\":\"https:\\\/\\\/blog.gsa-messgeraete.de\\\/es\\\/dano-medioambiental-masivo-debido-a-la-guerra\\\/#breadcrumb\"},\"inLanguage\":\"es\",\"potentialAction\":[{\"@type\":\"ReadAction\",\"target\":[\"https:\\\/\\\/blog.gsa-messgeraete.de\\\/es\\\/dano-medioambiental-masivo-debido-a-la-guerra\\\/\"]}]},{\"@type\":\"ImageObject\",\"inLanguage\":\"es\",\"@id\":\"https:\\\/\\\/blog.gsa-messgeraete.de\\\/es\\\/dano-medioambiental-masivo-debido-a-la-guerra\\\/#primaryimage\",\"url\":\"https:\\\/\\\/blog.gsa-messgeraete.de\\\/wp-content\\\/uploads\\\/2022\\\/04\\\/Umweltschaeden-Krieg-Kiew-2022.jpg\",\"contentUrl\":\"https:\\\/\\\/blog.gsa-messgeraete.de\\\/wp-content\\\/uploads\\\/2022\\\/04\\\/Umweltschaeden-Krieg-Kiew-2022.jpg\",\"width\":848,\"height\":565,\"caption\":\"Da\u00f1os medioambientales Guerra Kiev 2022\"},{\"@type\":\"BreadcrumbList\",\"@id\":\"https:\\\/\\\/blog.gsa-messgeraete.de\\\/es\\\/dano-medioambiental-masivo-debido-a-la-guerra\\\/#breadcrumb\",\"itemListElement\":[{\"@type\":\"ListItem\",\"position\":1,\"name\":\"Startseite\",\"item\":\"https:\\\/\\\/blog.gsa-messgeraete.de\\\/es\\\/\"},{\"@type\":\"ListItem\",\"position\":2,\"name\":\"Da\u00f1o medioambiental masivo debido a la guerra\"}]},{\"@type\":\"WebSite\",\"@id\":\"https:\\\/\\\/blog.gsa-messgeraete.de\\\/es\\\/#website\",\"url\":\"https:\\\/\\\/blog.gsa-messgeraete.de\\\/es\\\/\",\"name\":\"blog.gsa-messgeraete.de\",\"description\":\"\",\"publisher\":{\"@id\":\"https:\\\/\\\/blog.gsa-messgeraete.de\\\/es\\\/#organization\"},\"potentialAction\":[{\"@type\":\"SearchAction\",\"target\":{\"@type\":\"EntryPoint\",\"urlTemplate\":\"https:\\\/\\\/blog.gsa-messgeraete.de\\\/es\\\/?s={search_term_string}\"},\"query-input\":{\"@type\":\"PropertyValueSpecification\",\"valueRequired\":true,\"valueName\":\"search_term_string\"}}],\"inLanguage\":\"es\"},{\"@type\":\"Organization\",\"@id\":\"https:\\\/\\\/blog.gsa-messgeraete.de\\\/es\\\/#organization\",\"name\":\"GSA Messger\u00e4tebau GmbH\",\"url\":\"https:\\\/\\\/blog.gsa-messgeraete.de\\\/es\\\/\",\"logo\":{\"@type\":\"ImageObject\",\"inLanguage\":\"es\",\"@id\":\"https:\\\/\\\/blog.gsa-messgeraete.de\\\/es\\\/#\\\/schema\\\/logo\\\/image\\\/\",\"url\":\"https:\\\/\\\/blog.gsa-messgeraete.de\\\/wp-content\\\/uploads\\\/2016\\\/12\\\/cropped-Logo-GSA-Messgeraete-1.jpg\",\"contentUrl\":\"https:\\\/\\\/blog.gsa-messgeraete.de\\\/wp-content\\\/uploads\\\/2016\\\/12\\\/cropped-Logo-GSA-Messgeraete-1.jpg\",\"width\":350,\"height\":164,\"caption\":\"GSA Messger\u00e4tebau GmbH\"},\"image\":{\"@id\":\"https:\\\/\\\/blog.gsa-messgeraete.de\\\/es\\\/#\\\/schema\\\/logo\\\/image\\\/\"}},{\"@type\":\"Person\",\"@id\":\"https:\\\/\\\/blog.gsa-messgeraete.de\\\/es\\\/#\\\/schema\\\/person\\\/66e89e6575b5aa6008b4ea0acc5d38ed\",\"name\":\"Cornelia Umland\",\"image\":{\"@type\":\"ImageObject\",\"inLanguage\":\"es\",\"@id\":\"https:\\\/\\\/secure.gravatar.com\\\/avatar\\\/311de0177214f59652729d2b4d5d895fe80bb802ddc18b84ebfe9a2c8edeceb9?s=96&d=mm&r=g\",\"url\":\"https:\\\/\\\/secure.gravatar.com\\\/avatar\\\/311de0177214f59652729d2b4d5d895fe80bb802ddc18b84ebfe9a2c8edeceb9?s=96&d=mm&r=g\",\"contentUrl\":\"https:\\\/\\\/secure.gravatar.com\\\/avatar\\\/311de0177214f59652729d2b4d5d895fe80bb802ddc18b84ebfe9a2c8edeceb9?s=96&d=mm&r=g\",\"caption\":\"Cornelia Umland\"},\"sameAs\":[\"https:\\\/\\\/x.com\\\/UmlandC\"],\"url\":\"https:\\\/\\\/blog.gsa-messgeraete.de\\\/es\\\/author\\\/cn-umland\\\/\"}]}<\/script>\n<!-- \/ Yoast SEO plugin. -->","yoast_head_json":{"title":"Da\u00f1o medioambiental masivo debido a la guerra - blog.gsa-messgeraete.de","description":"Los da\u00f1os medioambientales causados por la guerra tienen un enorme impacto en el medio ambiente de las zonas afectadas, sobre todo por la contaminaci\u00f3n y la poluci\u00f3n atmosf\u00e9rica.","robots":{"index":"index","follow":"follow","max-snippet":"max-snippet:-1","max-image-preview":"max-image-preview:large","max-video-preview":"max-video-preview:-1"},"canonical":"https:\/\/blog.gsa-messgeraete.de\/es\/dano-medioambiental-masivo-debido-a-la-guerra\/","og_locale":"es_ES","og_type":"article","og_title":"Da\u00f1o medioambiental masivo debido a la guerra - blog.gsa-messgeraete.de","og_description":"Los da\u00f1os medioambientales causados por la guerra tienen un enorme impacto en el medio ambiente de las zonas afectadas, sobre todo por la contaminaci\u00f3n y la poluci\u00f3n atmosf\u00e9rica.","og_url":"https:\/\/blog.gsa-messgeraete.de\/es\/dano-medioambiental-masivo-debido-a-la-guerra\/","og_site_name":"blog.gsa-messgeraete.de","article_published_time":"2022-04-22T11:08:00+00:00","article_modified_time":"2025-06-18T13:21:55+00:00","og_image":[{"width":848,"height":565,"url":"https:\/\/blog.gsa-messgeraete.de\/wp-content\/uploads\/2022\/04\/Umweltschaeden-Krieg-Kiew-2022.jpg","type":"image\/jpeg"}],"author":"Cornelia Umland","twitter_card":"summary_large_image","twitter_creator":"@UmlandC","twitter_misc":{"Escrito por":"Cornelia Umland","Tiempo de lectura":"4 minutos"},"schema":{"@context":"https:\/\/schema.org","@graph":[{"@type":"Article","@id":"https:\/\/blog.gsa-messgeraete.de\/es\/dano-medioambiental-masivo-debido-a-la-guerra\/#article","isPartOf":{"@id":"https:\/\/blog.gsa-messgeraete.de\/es\/dano-medioambiental-masivo-debido-a-la-guerra\/"},"author":{"name":"Cornelia Umland","@id":"https:\/\/blog.gsa-messgeraete.de\/es\/#\/schema\/person\/66e89e6575b5aa6008b4ea0acc5d38ed"},"headline":"Da\u00f1o medioambiental masivo debido a la guerra","datePublished":"2022-04-22T11:08:00+00:00","dateModified":"2025-06-18T13:21:55+00:00","mainEntityOfPage":{"@id":"https:\/\/blog.gsa-messgeraete.de\/es\/dano-medioambiental-masivo-debido-a-la-guerra\/"},"wordCount":668,"publisher":{"@id":"https:\/\/blog.gsa-messgeraete.de\/es\/#organization"},"image":{"@id":"https:\/\/blog.gsa-messgeraete.de\/es\/dano-medioambiental-masivo-debido-a-la-guerra\/#primaryimage"},"thumbnailUrl":"https:\/\/blog.gsa-messgeraete.de\/wp-content\/uploads\/2022\/04\/Umweltschaeden-Krieg-Kiew-2022.jpg","keywords":["Contaminaci\u00f3n","Contaminaci\u00f3n atmosf\u00e9rica","Contaminaci\u00f3n medioambiental por la guerra","Da\u00f1os medioambientales causados por la guerra","Liberaci\u00f3n de metales pesados","Metales pesados","Protecci\u00f3n del clima"],"articleSection":["Contaminantes","Polvo","Sin categorizar"],"inLanguage":"es"},{"@type":"WebPage","@id":"https:\/\/blog.gsa-messgeraete.de\/es\/dano-medioambiental-masivo-debido-a-la-guerra\/","url":"https:\/\/blog.gsa-messgeraete.de\/es\/dano-medioambiental-masivo-debido-a-la-guerra\/","name":"Da\u00f1o medioambiental masivo debido a la guerra - blog.gsa-messgeraete.de","isPartOf":{"@id":"https:\/\/blog.gsa-messgeraete.de\/es\/#website"},"primaryImageOfPage":{"@id":"https:\/\/blog.gsa-messgeraete.de\/es\/dano-medioambiental-masivo-debido-a-la-guerra\/#primaryimage"},"image":{"@id":"https:\/\/blog.gsa-messgeraete.de\/es\/dano-medioambiental-masivo-debido-a-la-guerra\/#primaryimage"},"thumbnailUrl":"https:\/\/blog.gsa-messgeraete.de\/wp-content\/uploads\/2022\/04\/Umweltschaeden-Krieg-Kiew-2022.jpg","datePublished":"2022-04-22T11:08:00+00:00","dateModified":"2025-06-18T13:21:55+00:00","description":"Los da\u00f1os medioambientales causados por la guerra tienen un enorme impacto en el medio ambiente de las zonas afectadas, sobre todo por la contaminaci\u00f3n y la poluci\u00f3n atmosf\u00e9rica.","breadcrumb":{"@id":"https:\/\/blog.gsa-messgeraete.de\/es\/dano-medioambiental-masivo-debido-a-la-guerra\/#breadcrumb"},"inLanguage":"es","potentialAction":[{"@type":"ReadAction","target":["https:\/\/blog.gsa-messgeraete.de\/es\/dano-medioambiental-masivo-debido-a-la-guerra\/"]}]},{"@type":"ImageObject","inLanguage":"es","@id":"https:\/\/blog.gsa-messgeraete.de\/es\/dano-medioambiental-masivo-debido-a-la-guerra\/#primaryimage","url":"https:\/\/blog.gsa-messgeraete.de\/wp-content\/uploads\/2022\/04\/Umweltschaeden-Krieg-Kiew-2022.jpg","contentUrl":"https:\/\/blog.gsa-messgeraete.de\/wp-content\/uploads\/2022\/04\/Umweltschaeden-Krieg-Kiew-2022.jpg","width":848,"height":565,"caption":"Da\u00f1os medioambientales Guerra Kiev 2022"},{"@type":"BreadcrumbList","@id":"https:\/\/blog.gsa-messgeraete.de\/es\/dano-medioambiental-masivo-debido-a-la-guerra\/#breadcrumb","itemListElement":[{"@type":"ListItem","position":1,"name":"Startseite","item":"https:\/\/blog.gsa-messgeraete.de\/es\/"},{"@type":"ListItem","position":2,"name":"Da\u00f1o medioambiental masivo debido a la guerra"}]},{"@type":"WebSite","@id":"https:\/\/blog.gsa-messgeraete.de\/es\/#website","url":"https:\/\/blog.gsa-messgeraete.de\/es\/","name":"blog.gsa-messgeraete.de","description":"","publisher":{"@id":"https:\/\/blog.gsa-messgeraete.de\/es\/#organization"},"potentialAction":[{"@type":"SearchAction","target":{"@type":"EntryPoint","urlTemplate":"https:\/\/blog.gsa-messgeraete.de\/es\/?s={search_term_string}"},"query-input":{"@type":"PropertyValueSpecification","valueRequired":true,"valueName":"search_term_string"}}],"inLanguage":"es"},{"@type":"Organization","@id":"https:\/\/blog.gsa-messgeraete.de\/es\/#organization","name":"GSA Messger\u00e4tebau GmbH","url":"https:\/\/blog.gsa-messgeraete.de\/es\/","logo":{"@type":"ImageObject","inLanguage":"es","@id":"https:\/\/blog.gsa-messgeraete.de\/es\/#\/schema\/logo\/image\/","url":"https:\/\/blog.gsa-messgeraete.de\/wp-content\/uploads\/2016\/12\/cropped-Logo-GSA-Messgeraete-1.jpg","contentUrl":"https:\/\/blog.gsa-messgeraete.de\/wp-content\/uploads\/2016\/12\/cropped-Logo-GSA-Messgeraete-1.jpg","width":350,"height":164,"caption":"GSA Messger\u00e4tebau GmbH"},"image":{"@id":"https:\/\/blog.gsa-messgeraete.de\/es\/#\/schema\/logo\/image\/"}},{"@type":"Person","@id":"https:\/\/blog.gsa-messgeraete.de\/es\/#\/schema\/person\/66e89e6575b5aa6008b4ea0acc5d38ed","name":"Cornelia Umland","image":{"@type":"ImageObject","inLanguage":"es","@id":"https:\/\/secure.gravatar.com\/avatar\/311de0177214f59652729d2b4d5d895fe80bb802ddc18b84ebfe9a2c8edeceb9?s=96&d=mm&r=g","url":"https:\/\/secure.gravatar.com\/avatar\/311de0177214f59652729d2b4d5d895fe80bb802ddc18b84ebfe9a2c8edeceb9?s=96&d=mm&r=g","contentUrl":"https:\/\/secure.gravatar.com\/avatar\/311de0177214f59652729d2b4d5d895fe80bb802ddc18b84ebfe9a2c8edeceb9?s=96&d=mm&r=g","caption":"Cornelia Umland"},"sameAs":["https:\/\/x.com\/UmlandC"],"url":"https:\/\/blog.gsa-messgeraete.de\/es\/author\/cn-umland\/"}]}},"_links":{"self":[{"href":"https:\/\/blog.gsa-messgeraete.de\/es\/wp-json\/wp\/v2\/posts\/13113","targetHints":{"allow":["GET"]}}],"collection":[{"href":"https:\/\/blog.gsa-messgeraete.de\/es\/wp-json\/wp\/v2\/posts"}],"about":[{"href":"https:\/\/blog.gsa-messgeraete.de\/es\/wp-json\/wp\/v2\/types\/post"}],"author":[{"embeddable":true,"href":"https:\/\/blog.gsa-messgeraete.de\/es\/wp-json\/wp\/v2\/users\/3"}],"replies":[{"embeddable":true,"href":"https:\/\/blog.gsa-messgeraete.de\/es\/wp-json\/wp\/v2\/comments?post=13113"}],"version-history":[{"count":5,"href":"https:\/\/blog.gsa-messgeraete.de\/es\/wp-json\/wp\/v2\/posts\/13113\/revisions"}],"predecessor-version":[{"id":13118,"href":"https:\/\/blog.gsa-messgeraete.de\/es\/wp-json\/wp\/v2\/posts\/13113\/revisions\/13118"}],"wp:featuredmedia":[{"embeddable":true,"href":"https:\/\/blog.gsa-messgeraete.de\/es\/wp-json\/wp\/v2\/media\/9919"}],"wp:attachment":[{"href":"https:\/\/blog.gsa-messgeraete.de\/es\/wp-json\/wp\/v2\/media?parent=13113"}],"wp:term":[{"taxonomy":"category","embeddable":true,"href":"https:\/\/blog.gsa-messgeraete.de\/es\/wp-json\/wp\/v2\/categories?post=13113"},{"taxonomy":"post_tag","embeddable":true,"href":"https:\/\/blog.gsa-messgeraete.de\/es\/wp-json\/wp\/v2\/tags?post=13113"}],"curies":[{"name":"wp","href":"https:\/\/api.w.org\/{rel}","templated":true}]}}