{"id":13267,"date":"2021-01-28T14:00:00","date_gmt":"2021-01-28T13:00:00","guid":{"rendered":"https:\/\/blog.gsa-messgeraete.de\/mascarillas-quirurgicas-y-mascarillas-ffp2-efectos-protectores-contra-las-infecciones-coronarias\/"},"modified":"2025-09-04T12:14:17","modified_gmt":"2025-09-04T10:14:17","slug":"mascarillas-quirurgicas-y-mascarillas-ffp2-efectos-protectores-contra-las-infecciones-coronarias","status":"publish","type":"post","link":"https:\/\/blog.gsa-messgeraete.de\/es\/mascarillas-quirurgicas-y-mascarillas-ffp2-efectos-protectores-contra-las-infecciones-coronarias\/","title":{"rendered":"Mascarillas quir\u00fargicas y mascarillas FFP2: efectos protectores contra las infecciones coronarias"},"content":{"rendered":"\n<h2 class=\"wp-block-heading\">Obligaci\u00f3n nacional de llevar mascarillas especiales  <\/h2>\n\n\n\n<p>Desde el lunes <strong>25 de enero de 2021<\/strong>, es <strong>obligatorio<\/strong> llevar \u00fanicamente <strong>mascarillas quir\u00fargicas <\/strong>o <strong>mascarillas FFP2<\/strong> al <strong>comprar en tiendas<\/strong> y en el <strong>transporte p\u00fablico<\/strong>. Estas \u00faltimas son cada vez m\u00e1s demandadas debido a sus mejores propiedades de filtrado contra la infecci\u00f3n por coronavirus. <\/p>\n\n\n\n<!--more-->\n\n\n\n<p><br>La pandemia <strong>de coronavirus<\/strong> (pandemia de SARS-CoV-2) y el consiguiente r\u00e1pido aumento de las infecciones han provocado severas restricciones y nuevas normas de comportamiento en nuestra vida cotidiana y en muchos otros \u00e1mbitos.<\/p>\n\n\n\n<p>Mientras tanto, se ha <strong>endurecido<\/strong> a\u00fan m\u00e1s la <strong>obligaci\u00f3n de llevar mascarillas <\/strong>m\u00e9dicas. Las \u00ab<strong>mascarillas de uso cotidiano<\/strong>\u00bb que se utilizaban antes &#8211; en su mayor\u00eda cosidas con telas finas &#8211; ya no pueden llevarse. En su lugar, s\u00f3lo pueden llevarse las mascarillas quir\u00fargicas y FFP2, que, adem\u00e1s de proteger a los dem\u00e1s, tambi\u00e9n tienen por objeto proteger al usuario de posibles infecciones. De este modo se reducir\u00e1 a\u00fan m\u00e1s el riesgo de infecci\u00f3n de persona a persona con el llamado \u00abcoronavirus\u00bb (SARS-CoV-2). La protecci\u00f3n bucal y nasal pretende proteger contra la transmisi\u00f3n de aerosoles (part\u00edculas muy finas en el aire) con los que se transmiten los coronavirus.<\/p>\n\n\n\n<p>Los distintos <strong>tipos de mascarillas<\/strong> tienen <strong>diferentes efectos protectores<\/strong> frente a la transmisi\u00f3n de aerosoles contaminados con coronavirus.<\/p>\n\n\n\n<p><br><\/p>\n\n\n\n<h3 class=\"wp-block-heading\"><strong>M\u00e1scaras cotidianas: \u00bfPor qu\u00e9 deben dejar de llevarse en p\u00fablico y en muchos otros \u00e1mbitos? <\/strong><\/h3>\n\n\n\n<p><strong>Las simples mascarillas de uso cotidiano<\/strong> fabricadas con materiales disponibles en el mercado <strong>no<\/strong> est\u00e1n sujetas a <strong>ninguna norma<\/strong> relativa al rendimiento del filtro o al efecto protector. En general, no ofrecen protecci\u00f3n suficiente contra los aerosoles contaminados con virus. Seg\u00fan la BfArM (Oficina Federal de Medicamentos y Productos Sanitarios), las mascarillas de <strong>uso<\/strong> cotidiano ofrecen cierta <strong>protecci\u00f3n<\/strong>: \u00ab(&#8230;) sin embargo, el efecto protector de estas mascarillas depende de la estanqueidad y calidad del material utilizado, de la adaptaci\u00f3n a la forma de la cara y del n\u00famero de capas de tejido\u00bb. En general, son adecuadas hasta cierto punto para \u00abcapturar las gotas y frenar el aire exhalado\u00bb (fuente: www.bfarm.de).  <\/p>\n\n\n\n<p><br><\/p>\n\n\n\n<h3 class=\"wp-block-heading\"><strong>Mascarillas m\u00e9dicas \u00abmascarillas quir\u00fargicas\u00bb y medias mascarillas con filtro de part\u00edculas \u00abmascarillas FFP\u00bb (mascarillas FFP2 y FFP3)<\/strong><\/h3>\n\n\n\n<p>Existen <strong>diferencias de dise\u00f1o<\/strong> y <strong>efecto protector<\/strong> entre las mascarillas quir\u00fargicas (mascarillas m\u00e9dicas) y las mascarillas FFP2 y FFP3 (mascarillas de protecci\u00f3n laboral).  <\/p>\n\n\n\n<p>En una resoluci\u00f3n de 19 de enero de 2021, los gobiernos federal y estatal se\u00f1alaron que las mascarillas quir\u00fargicas y las mascarillas con la norma <strong>KN95\/N95<\/strong> o <strong>FFP-2<\/strong> tienen un <strong>efecto protector m\u00e9dico superior al <\/strong>de las mascarillas de uso cotidiano, que no est\u00e1n sujetas a ninguna norma.  <\/p>\n\n\n\n<p>Tanto las mascarillas quir\u00fargicas como las mascarillas FFP est\u00e1n fabricadas con telas no tejidas especiales. Sus propiedades de filtraci\u00f3n se comprueban de acuerdo con los requisitos legales y las normas t\u00e9cnicas. <\/p>\n\n\n\n<p>La Oficina Federal de Medicamentos y Productos Sanitarios (BfArM) ha destacado acertadamente las principales diferencias, que presentamos brevemente a continuaci\u00f3n:  <\/p>\n\n\n\n<p><br><\/p>\n\n\n\n<h3 class=\"wp-block-heading\"><strong>Mascarillas quir\u00fargicas<\/strong> &#8211; <strong>Mascarillas m\u00e9dicas<\/strong><\/h3>\n\n\n\n<p>Las <strong>mascarillas quir\u00fargicas<\/strong> (mascarillas m\u00e9dicas) est\u00e1n hechas de pl\u00e1sticos especiales y tienen una estructura multicapa. Suelen utilizarse como productos desechables en hospitales o consultas m\u00e9dicas. Su finalidad principal <strong>es proteger a los dem\u00e1s de<\/strong> las gotitas infecciosas del usuario. Deben cumplir los requisitos legales y la <strong>norma<\/strong> europea <strong>EN 14683:2019-10<\/strong>. Llevan la <strong>marca CE<\/strong> para el mercado europeo.      <\/p>\n\n\n\n<p><br><\/p>\n\n\n\n<h3 class=\"wp-block-heading\"><strong>Semim\u00e1scaras filtrantes de part\u00edculas \/ m\u00e1scaras FFP<\/strong><\/h3>\n\n\n\n<p><strong>FFP<\/strong> es la abreviatura de <strong>\u00abpieza facial filtrante<\/strong>\u00ab. Estas mascarillas pertenecen a la categor\u00eda de productos \u00abequipos de protecci\u00f3n individual\u00bb (EPI) y son mascarillas antipolvo que se utilizan como m\u00e1scaras de seguridad industrial.  <\/p>\n\n\n\n<p>En comparaci\u00f3n con las mascarillas quir\u00fargicas, no s\u00f3lo se utilizan principalmente para la <strong>protecci\u00f3n externa<\/strong>, sino tambi\u00e9n para la <strong>autoprotecci\u00f3n<\/strong>. Debido a su forma y al grosor del vell\u00f3n, suelen ajustarse bien y protegen contra aerosoles, part\u00edculas y gotitas. Los requisitos legales y las normas t\u00e9cnicas tambi\u00e9n se aplican a las mascarillas FFP. El rendimiento filtrante del material se prueba para aerosoles conforme a la norma europea <strong>EN 149:2001+A1:2009<\/strong>. Tambi\u00e9n est\u00e1n <strong>etiquetadas con la marca CE<\/strong> y el n\u00famero de identificaci\u00f3n de cuatro d\u00edgitos de acuerdo con las normas europeas.<\/p>\n\n\n\n<p><br><\/p>\n\n\n\n<h3 class=\"wp-block-heading\"><strong>M\u00e1scaras FFP2 y m\u00e1scaras FFP3<\/strong> <\/h3>\n\n\n\n<p>Ahora es obligatorio <strong>llevar mascarillas FFP2<\/strong> al comprar en tiendas y se han realizado pruebas actuales negativas para coronavirus. \u00bfCu\u00e1l es la diferencia entre una mascarilla FFP-2 y una mascarilla FFP-3?   <\/p>\n\n\n\n<p>Ambos <strong>tipos de mascarilla <\/strong><strong>(FFP-2 y FFP-3<\/strong>) cumplen las <strong>normas KN95 \/N95 <\/strong>para la protecci\u00f3n frente a la infecci\u00f3n por SARS-CoV-2. Se han sometido a pruebas de aerosoles en cuanto a su efecto filtrante. Debido a su <strong>mayor rendimiento de filtraci\u00f3n<\/strong> y a su <strong>ajuste ce\u00f1ido<\/strong>, proporcionan mejor protecci\u00f3n frente a la infecci\u00f3n que las mascarillas quir\u00fargicas, ya que el aire inhalado tambi\u00e9n se filtra mejor.  <\/p>\n\n\n\n<p>Las <strong>mascarillas F<\/strong>FP2 deben retener al menos <strong>el 94%<\/strong> de los aerosoles de prueba (las part\u00edculas l\u00edquidas m\u00e1s finas del aire). <strong>Las mascarillas<\/strong> <strong>FFP-3<\/strong> filtran al menos el <strong>99%<\/strong> de \u00e9stas. Por tanto, ofrecen la autoprotecci\u00f3n m\u00e1s eficaz. Sin embargo, las mascarillas FFP-3 tienen una apertura de v\u00e1lvula para la exhalaci\u00f3n debido a su vell\u00f3n a\u00fan m\u00e1s denso, que de otro modo dificultar\u00eda demasiado la respiraci\u00f3n. Sin embargo, el aire que sale al exhalar no ofrece protecci\u00f3n a los dem\u00e1s. Esto significa que ya no hay protecci\u00f3n frente a los dem\u00e1s y aumenta el riesgo de que otra persona se infecte con el coronavirus. Por este motivo, <strong>las mascarillas FFP-2<\/strong> han pasado a ser <strong>obligatorias <\/strong> <strong>para su uso<\/strong> en espacios p\u00fablicos y en muchos otros \u00e1mbitos (laborales), como el asistencial.<\/p>\n\n\n\n<p><br><\/p>\n\n\n\n<p>\u00bfNecesitas <strong>mediciones del aire para detectar coronavirus<\/strong> en <strong>zonas interiores<\/strong>de tu empresa, en centros de ense\u00f1anza o en otras \u00e1reas? Recientemente hemos empezado a ofrecer el <a href=\"https:\/\/www.gsa-messgeraete.de\/Casetes-de-muestreo-de-virus-Vira-Pore-para-la-medicion-de-coronaviru\">casete de muestreo de virus Vira-Pore<\/a> para ayudarte a <strong>realizar pruebas de detecci\u00f3n de coronavirus en el aire interior<\/strong>. Puedes llevar a cabo este muestreo con los dispositivos de medici\u00f3n GSA <a href=\"https:\/\/www.gsa-messgeraete.de\/Muestreador-SG10-2-con-cargador\" target=\"_blank\" rel=\"noreferrer noopener\">SG10-2<\/a>, <a href=\"https:\/\/www.gsa-messgeraete.de\/Dispositivo-de-muestreo-SG10-2A-con-cargador\" target=\"_blank\" rel=\"noreferrer noopener\">SG10-2A<\/a> o <a href=\"https:\/\/www.gsa-messgeraete.de\/SG12-Dispositivo-de-muestreo-completo-para-funcionamiento-con-red-y-b\" target=\"_blank\" rel=\"noreferrer noopener\">SG12<\/a> adecuados y encargar el an\u00e1lisis de las muestras a laboratorios especializados. Bastan 10 minutos para realizar una medici\u00f3n. Estaremos encantados de ofrecerte <a href=\"https:\/\/www.gsa-messgeraete.de\/Contacto\">un asesoramiento<\/a> completo al respecto.    <\/p>\n\n\n\n<p><br><\/p>\n\n\n\n<p><strong>Fuentes:<\/strong> <\/p>\n\n\n\n<p>Fuente de la imagen: 123rf.com \u00a9 Andriy Popov, archivo de imagen n\u00ba. 168117278<\/p>\n\n\n\n<p>https:\/\/www.bfarm.de\/SharedDocs\/Risikoinformationen\/Medizinprodukte\/DE\/schutzmasken.html<\/p>\n\n\n\n<p>  https:\/\/www.fh-muenster.de\/gesundheit\/forschung\/forschungsprojekte\/moeglichkeiten-und-grenzen-der-eigenverantwortlichen-wiederverwendung-von-ffp2-masken-im-privatgebrauch\/index.php  <\/p>\n\n\n\n<p>https:\/\/www.morgenpost.de\/politik\/article231314880\/FFP2-OP-Maskenpflicht-Corona-medizinische-Masken.html<\/p>\n\n\n\n<p>https:\/\/www.tagesspiegel.de\/politik\/schutz-zertifizierung-preis-wie-man-gute-ffp-2-und-op-masken-erkennt-und-was-sie-kosten\/26794148.html<\/p>\n\n\n\n<p><\/p>\n","protected":false},"excerpt":{"rendered":"<p>Obligaci\u00f3n nacional de llevar mascarillas especiales Desde el lunes 25 de enero de 2021, es obligatorio llevar \u00fanicamente mascarillas quir\u00fargicas o mascarillas FFP2 al comprar en tiendas y en el transporte p\u00fablico. Estas \u00faltimas son cada vez m\u00e1s demandadas debido a sus mejores propiedades de filtrado contra la infecci\u00f3n por coronavirus.<\/p>\n","protected":false},"author":3,"featured_media":13274,"comment_status":"closed","ping_status":"open","sticky":false,"template":"","format":"standard","meta":{"_exactmetrics_skip_tracking":false,"_exactmetrics_sitenote_active":false,"_exactmetrics_sitenote_note":"","_exactmetrics_sitenote_category":0,"footnotes":""},"categories":[1637,2298,2111],"tags":[2296,2461,2460,2459,2362,2462,1775,2295,1639],"class_list":["post-13267","post","type-post","status-publish","format-standard","has-post-thumbnail","hentry","category-aparatos-de-medicion","category-medicion-de-coronavirus-en-el-aire","category-seguridad-laboral","tag-casete-de-muestreo-vira-pore","tag-coronavirus-es-3","tag-mascaras-ff3","tag-mascaras-ffp-2","tag-medicion-de-coronavirus-en-el-aire-es","tag-pandemia-de-corona","tag-sg10-2-es","tag-sg10-2a-es","tag-sg12-es"],"yoast_head":"<!-- This site is optimized with the Yoast SEO plugin v27.5 - https:\/\/yoast.com\/product\/yoast-seo-wordpress\/ -->\n<title>Mascarillas quir\u00fargicas y mascarillas FFP2: efectos protectores contra las infecciones coronarias - blog.gsa-messgeraete.de<\/title>\n<meta name=\"description\" content=\"Las mascarillas quir\u00fargicas y las mascarillas FFP2 tienen diferentes efectos protectores contra los coronavirus.\" \/>\n<meta name=\"robots\" content=\"index, follow, max-snippet:-1, max-image-preview:large, max-video-preview:-1\" \/>\n<link rel=\"canonical\" href=\"https:\/\/blog.gsa-messgeraete.de\/es\/mascarillas-quirurgicas-y-mascarillas-ffp2-efectos-protectores-contra-las-infecciones-coronarias\/\" \/>\n<meta property=\"og:locale\" content=\"es_ES\" \/>\n<meta property=\"og:type\" content=\"article\" \/>\n<meta property=\"og:title\" content=\"Mascarillas quir\u00fargicas y mascarillas FFP2: efectos protectores contra las infecciones coronarias - blog.gsa-messgeraete.de\" \/>\n<meta property=\"og:description\" content=\"Las mascarillas quir\u00fargicas y las mascarillas FFP2 tienen diferentes efectos protectores contra los coronavirus.\" \/>\n<meta property=\"og:url\" content=\"https:\/\/blog.gsa-messgeraete.de\/es\/mascarillas-quirurgicas-y-mascarillas-ffp2-efectos-protectores-contra-las-infecciones-coronarias\/\" \/>\n<meta property=\"og:site_name\" content=\"blog.gsa-messgeraete.de\" \/>\n<meta property=\"article:published_time\" content=\"2021-01-28T13:00:00+00:00\" \/>\n<meta property=\"article:modified_time\" content=\"2025-09-04T10:14:17+00:00\" \/>\n<meta property=\"og:image\" content=\"https:\/\/blog.gsa-messgeraete.de\/wp-content\/uploads\/2021\/01\/Portador-de-la-mascara-FFP-2.jpg\" \/>\n\t<meta property=\"og:image:width\" content=\"600\" \/>\n\t<meta property=\"og:image:height\" content=\"400\" \/>\n\t<meta property=\"og:image:type\" content=\"image\/jpeg\" \/>\n<meta name=\"author\" content=\"Cornelia Umland\" \/>\n<meta name=\"twitter:card\" content=\"summary_large_image\" \/>\n<meta name=\"twitter:creator\" content=\"@UmlandC\" \/>\n<meta name=\"twitter:label1\" content=\"Escrito por\" \/>\n\t<meta name=\"twitter:data1\" content=\"Cornelia Umland\" \/>\n\t<meta name=\"twitter:label2\" content=\"Tiempo de lectura\" \/>\n\t<meta name=\"twitter:data2\" content=\"6 minutos\" \/>\n<script type=\"application\/ld+json\" class=\"yoast-schema-graph\">{\"@context\":\"https:\\\/\\\/schema.org\",\"@graph\":[{\"@type\":\"Article\",\"@id\":\"https:\\\/\\\/blog.gsa-messgeraete.de\\\/es\\\/mascarillas-quirurgicas-y-mascarillas-ffp2-efectos-protectores-contra-las-infecciones-coronarias\\\/#article\",\"isPartOf\":{\"@id\":\"https:\\\/\\\/blog.gsa-messgeraete.de\\\/es\\\/mascarillas-quirurgicas-y-mascarillas-ffp2-efectos-protectores-contra-las-infecciones-coronarias\\\/\"},\"author\":{\"name\":\"Cornelia Umland\",\"@id\":\"https:\\\/\\\/blog.gsa-messgeraete.de\\\/es\\\/#\\\/schema\\\/person\\\/66e89e6575b5aa6008b4ea0acc5d38ed\"},\"headline\":\"Mascarillas quir\u00fargicas y mascarillas FFP2: efectos protectores contra las infecciones coronarias\",\"datePublished\":\"2021-01-28T13:00:00+00:00\",\"dateModified\":\"2025-09-04T10:14:17+00:00\",\"mainEntityOfPage\":{\"@id\":\"https:\\\/\\\/blog.gsa-messgeraete.de\\\/es\\\/mascarillas-quirurgicas-y-mascarillas-ffp2-efectos-protectores-contra-las-infecciones-coronarias\\\/\"},\"wordCount\":1157,\"publisher\":{\"@id\":\"https:\\\/\\\/blog.gsa-messgeraete.de\\\/es\\\/#organization\"},\"image\":{\"@id\":\"https:\\\/\\\/blog.gsa-messgeraete.de\\\/es\\\/mascarillas-quirurgicas-y-mascarillas-ffp2-efectos-protectores-contra-las-infecciones-coronarias\\\/#primaryimage\"},\"thumbnailUrl\":\"https:\\\/\\\/blog.gsa-messgeraete.de\\\/wp-content\\\/uploads\\\/2021\\\/01\\\/Portador-de-la-mascara-FFP-2.jpg\",\"keywords\":[\"Casete de muestreo Vira-Pore\",\"Coronavirus\",\"M\u00e1scaras FF3\",\"M\u00e1scaras FFP-2\",\"Medici\u00f3n de coronavirus en el aire\",\"Pandemia de Corona\",\"SG10-2\",\"SG10-2A\",\"SG12\"],\"articleSection\":[\"Aparatos de medici\u00f3n\",\"Medici\u00f3n de coronavirus en el aire\",\"Seguridad laboral\"],\"inLanguage\":\"es\"},{\"@type\":\"WebPage\",\"@id\":\"https:\\\/\\\/blog.gsa-messgeraete.de\\\/es\\\/mascarillas-quirurgicas-y-mascarillas-ffp2-efectos-protectores-contra-las-infecciones-coronarias\\\/\",\"url\":\"https:\\\/\\\/blog.gsa-messgeraete.de\\\/es\\\/mascarillas-quirurgicas-y-mascarillas-ffp2-efectos-protectores-contra-las-infecciones-coronarias\\\/\",\"name\":\"Mascarillas quir\u00fargicas y mascarillas FFP2: efectos protectores contra las infecciones coronarias - blog.gsa-messgeraete.de\",\"isPartOf\":{\"@id\":\"https:\\\/\\\/blog.gsa-messgeraete.de\\\/es\\\/#website\"},\"primaryImageOfPage\":{\"@id\":\"https:\\\/\\\/blog.gsa-messgeraete.de\\\/es\\\/mascarillas-quirurgicas-y-mascarillas-ffp2-efectos-protectores-contra-las-infecciones-coronarias\\\/#primaryimage\"},\"image\":{\"@id\":\"https:\\\/\\\/blog.gsa-messgeraete.de\\\/es\\\/mascarillas-quirurgicas-y-mascarillas-ffp2-efectos-protectores-contra-las-infecciones-coronarias\\\/#primaryimage\"},\"thumbnailUrl\":\"https:\\\/\\\/blog.gsa-messgeraete.de\\\/wp-content\\\/uploads\\\/2021\\\/01\\\/Portador-de-la-mascara-FFP-2.jpg\",\"datePublished\":\"2021-01-28T13:00:00+00:00\",\"dateModified\":\"2025-09-04T10:14:17+00:00\",\"description\":\"Las mascarillas quir\u00fargicas y las mascarillas FFP2 tienen diferentes efectos protectores contra los coronavirus.\",\"breadcrumb\":{\"@id\":\"https:\\\/\\\/blog.gsa-messgeraete.de\\\/es\\\/mascarillas-quirurgicas-y-mascarillas-ffp2-efectos-protectores-contra-las-infecciones-coronarias\\\/#breadcrumb\"},\"inLanguage\":\"es\",\"potentialAction\":[{\"@type\":\"ReadAction\",\"target\":[\"https:\\\/\\\/blog.gsa-messgeraete.de\\\/es\\\/mascarillas-quirurgicas-y-mascarillas-ffp2-efectos-protectores-contra-las-infecciones-coronarias\\\/\"]}]},{\"@type\":\"ImageObject\",\"inLanguage\":\"es\",\"@id\":\"https:\\\/\\\/blog.gsa-messgeraete.de\\\/es\\\/mascarillas-quirurgicas-y-mascarillas-ffp2-efectos-protectores-contra-las-infecciones-coronarias\\\/#primaryimage\",\"url\":\"https:\\\/\\\/blog.gsa-messgeraete.de\\\/wp-content\\\/uploads\\\/2021\\\/01\\\/Portador-de-la-mascara-FFP-2.jpg\",\"contentUrl\":\"https:\\\/\\\/blog.gsa-messgeraete.de\\\/wp-content\\\/uploads\\\/2021\\\/01\\\/Portador-de-la-mascara-FFP-2.jpg\",\"width\":600,\"height\":400,\"caption\":\"Portador de la m\u00e1scara FFP-2\"},{\"@type\":\"BreadcrumbList\",\"@id\":\"https:\\\/\\\/blog.gsa-messgeraete.de\\\/es\\\/mascarillas-quirurgicas-y-mascarillas-ffp2-efectos-protectores-contra-las-infecciones-coronarias\\\/#breadcrumb\",\"itemListElement\":[{\"@type\":\"ListItem\",\"position\":1,\"name\":\"Startseite\",\"item\":\"https:\\\/\\\/blog.gsa-messgeraete.de\\\/es\\\/\"},{\"@type\":\"ListItem\",\"position\":2,\"name\":\"Mascarillas quir\u00fargicas y mascarillas FFP2: efectos protectores contra las infecciones coronarias\"}]},{\"@type\":\"WebSite\",\"@id\":\"https:\\\/\\\/blog.gsa-messgeraete.de\\\/es\\\/#website\",\"url\":\"https:\\\/\\\/blog.gsa-messgeraete.de\\\/es\\\/\",\"name\":\"blog.gsa-messgeraete.de\",\"description\":\"\",\"publisher\":{\"@id\":\"https:\\\/\\\/blog.gsa-messgeraete.de\\\/es\\\/#organization\"},\"potentialAction\":[{\"@type\":\"SearchAction\",\"target\":{\"@type\":\"EntryPoint\",\"urlTemplate\":\"https:\\\/\\\/blog.gsa-messgeraete.de\\\/es\\\/?s={search_term_string}\"},\"query-input\":{\"@type\":\"PropertyValueSpecification\",\"valueRequired\":true,\"valueName\":\"search_term_string\"}}],\"inLanguage\":\"es\"},{\"@type\":\"Organization\",\"@id\":\"https:\\\/\\\/blog.gsa-messgeraete.de\\\/es\\\/#organization\",\"name\":\"GSA Messger\u00e4tebau GmbH\",\"url\":\"https:\\\/\\\/blog.gsa-messgeraete.de\\\/es\\\/\",\"logo\":{\"@type\":\"ImageObject\",\"inLanguage\":\"es\",\"@id\":\"https:\\\/\\\/blog.gsa-messgeraete.de\\\/es\\\/#\\\/schema\\\/logo\\\/image\\\/\",\"url\":\"https:\\\/\\\/blog.gsa-messgeraete.de\\\/wp-content\\\/uploads\\\/2016\\\/12\\\/cropped-Logo-GSA-Messgeraete-1.jpg\",\"contentUrl\":\"https:\\\/\\\/blog.gsa-messgeraete.de\\\/wp-content\\\/uploads\\\/2016\\\/12\\\/cropped-Logo-GSA-Messgeraete-1.jpg\",\"width\":350,\"height\":164,\"caption\":\"GSA Messger\u00e4tebau GmbH\"},\"image\":{\"@id\":\"https:\\\/\\\/blog.gsa-messgeraete.de\\\/es\\\/#\\\/schema\\\/logo\\\/image\\\/\"}},{\"@type\":\"Person\",\"@id\":\"https:\\\/\\\/blog.gsa-messgeraete.de\\\/es\\\/#\\\/schema\\\/person\\\/66e89e6575b5aa6008b4ea0acc5d38ed\",\"name\":\"Cornelia Umland\",\"image\":{\"@type\":\"ImageObject\",\"inLanguage\":\"es\",\"@id\":\"https:\\\/\\\/secure.gravatar.com\\\/avatar\\\/311de0177214f59652729d2b4d5d895fe80bb802ddc18b84ebfe9a2c8edeceb9?s=96&d=mm&r=g\",\"url\":\"https:\\\/\\\/secure.gravatar.com\\\/avatar\\\/311de0177214f59652729d2b4d5d895fe80bb802ddc18b84ebfe9a2c8edeceb9?s=96&d=mm&r=g\",\"contentUrl\":\"https:\\\/\\\/secure.gravatar.com\\\/avatar\\\/311de0177214f59652729d2b4d5d895fe80bb802ddc18b84ebfe9a2c8edeceb9?s=96&d=mm&r=g\",\"caption\":\"Cornelia Umland\"},\"sameAs\":[\"https:\\\/\\\/x.com\\\/UmlandC\"],\"url\":\"https:\\\/\\\/blog.gsa-messgeraete.de\\\/es\\\/author\\\/cn-umland\\\/\"}]}<\/script>\n<!-- \/ Yoast SEO plugin. -->","yoast_head_json":{"title":"Mascarillas quir\u00fargicas y mascarillas FFP2: efectos protectores contra las infecciones coronarias - blog.gsa-messgeraete.de","description":"Las mascarillas quir\u00fargicas y las mascarillas FFP2 tienen diferentes efectos protectores contra los coronavirus.","robots":{"index":"index","follow":"follow","max-snippet":"max-snippet:-1","max-image-preview":"max-image-preview:large","max-video-preview":"max-video-preview:-1"},"canonical":"https:\/\/blog.gsa-messgeraete.de\/es\/mascarillas-quirurgicas-y-mascarillas-ffp2-efectos-protectores-contra-las-infecciones-coronarias\/","og_locale":"es_ES","og_type":"article","og_title":"Mascarillas quir\u00fargicas y mascarillas FFP2: efectos protectores contra las infecciones coronarias - blog.gsa-messgeraete.de","og_description":"Las mascarillas quir\u00fargicas y las mascarillas FFP2 tienen diferentes efectos protectores contra los coronavirus.","og_url":"https:\/\/blog.gsa-messgeraete.de\/es\/mascarillas-quirurgicas-y-mascarillas-ffp2-efectos-protectores-contra-las-infecciones-coronarias\/","og_site_name":"blog.gsa-messgeraete.de","article_published_time":"2021-01-28T13:00:00+00:00","article_modified_time":"2025-09-04T10:14:17+00:00","og_image":[{"width":600,"height":400,"url":"https:\/\/blog.gsa-messgeraete.de\/wp-content\/uploads\/2021\/01\/Portador-de-la-mascara-FFP-2.jpg","type":"image\/jpeg"}],"author":"Cornelia Umland","twitter_card":"summary_large_image","twitter_creator":"@UmlandC","twitter_misc":{"Escrito por":"Cornelia Umland","Tiempo de lectura":"6 minutos"},"schema":{"@context":"https:\/\/schema.org","@graph":[{"@type":"Article","@id":"https:\/\/blog.gsa-messgeraete.de\/es\/mascarillas-quirurgicas-y-mascarillas-ffp2-efectos-protectores-contra-las-infecciones-coronarias\/#article","isPartOf":{"@id":"https:\/\/blog.gsa-messgeraete.de\/es\/mascarillas-quirurgicas-y-mascarillas-ffp2-efectos-protectores-contra-las-infecciones-coronarias\/"},"author":{"name":"Cornelia Umland","@id":"https:\/\/blog.gsa-messgeraete.de\/es\/#\/schema\/person\/66e89e6575b5aa6008b4ea0acc5d38ed"},"headline":"Mascarillas quir\u00fargicas y mascarillas FFP2: efectos protectores contra las infecciones coronarias","datePublished":"2021-01-28T13:00:00+00:00","dateModified":"2025-09-04T10:14:17+00:00","mainEntityOfPage":{"@id":"https:\/\/blog.gsa-messgeraete.de\/es\/mascarillas-quirurgicas-y-mascarillas-ffp2-efectos-protectores-contra-las-infecciones-coronarias\/"},"wordCount":1157,"publisher":{"@id":"https:\/\/blog.gsa-messgeraete.de\/es\/#organization"},"image":{"@id":"https:\/\/blog.gsa-messgeraete.de\/es\/mascarillas-quirurgicas-y-mascarillas-ffp2-efectos-protectores-contra-las-infecciones-coronarias\/#primaryimage"},"thumbnailUrl":"https:\/\/blog.gsa-messgeraete.de\/wp-content\/uploads\/2021\/01\/Portador-de-la-mascara-FFP-2.jpg","keywords":["Casete de muestreo Vira-Pore","Coronavirus","M\u00e1scaras FF3","M\u00e1scaras FFP-2","Medici\u00f3n de coronavirus en el aire","Pandemia de Corona","SG10-2","SG10-2A","SG12"],"articleSection":["Aparatos de medici\u00f3n","Medici\u00f3n de coronavirus en el aire","Seguridad laboral"],"inLanguage":"es"},{"@type":"WebPage","@id":"https:\/\/blog.gsa-messgeraete.de\/es\/mascarillas-quirurgicas-y-mascarillas-ffp2-efectos-protectores-contra-las-infecciones-coronarias\/","url":"https:\/\/blog.gsa-messgeraete.de\/es\/mascarillas-quirurgicas-y-mascarillas-ffp2-efectos-protectores-contra-las-infecciones-coronarias\/","name":"Mascarillas quir\u00fargicas y mascarillas FFP2: efectos protectores contra las infecciones coronarias - blog.gsa-messgeraete.de","isPartOf":{"@id":"https:\/\/blog.gsa-messgeraete.de\/es\/#website"},"primaryImageOfPage":{"@id":"https:\/\/blog.gsa-messgeraete.de\/es\/mascarillas-quirurgicas-y-mascarillas-ffp2-efectos-protectores-contra-las-infecciones-coronarias\/#primaryimage"},"image":{"@id":"https:\/\/blog.gsa-messgeraete.de\/es\/mascarillas-quirurgicas-y-mascarillas-ffp2-efectos-protectores-contra-las-infecciones-coronarias\/#primaryimage"},"thumbnailUrl":"https:\/\/blog.gsa-messgeraete.de\/wp-content\/uploads\/2021\/01\/Portador-de-la-mascara-FFP-2.jpg","datePublished":"2021-01-28T13:00:00+00:00","dateModified":"2025-09-04T10:14:17+00:00","description":"Las mascarillas quir\u00fargicas y las mascarillas FFP2 tienen diferentes efectos protectores contra los coronavirus.","breadcrumb":{"@id":"https:\/\/blog.gsa-messgeraete.de\/es\/mascarillas-quirurgicas-y-mascarillas-ffp2-efectos-protectores-contra-las-infecciones-coronarias\/#breadcrumb"},"inLanguage":"es","potentialAction":[{"@type":"ReadAction","target":["https:\/\/blog.gsa-messgeraete.de\/es\/mascarillas-quirurgicas-y-mascarillas-ffp2-efectos-protectores-contra-las-infecciones-coronarias\/"]}]},{"@type":"ImageObject","inLanguage":"es","@id":"https:\/\/blog.gsa-messgeraete.de\/es\/mascarillas-quirurgicas-y-mascarillas-ffp2-efectos-protectores-contra-las-infecciones-coronarias\/#primaryimage","url":"https:\/\/blog.gsa-messgeraete.de\/wp-content\/uploads\/2021\/01\/Portador-de-la-mascara-FFP-2.jpg","contentUrl":"https:\/\/blog.gsa-messgeraete.de\/wp-content\/uploads\/2021\/01\/Portador-de-la-mascara-FFP-2.jpg","width":600,"height":400,"caption":"Portador de la m\u00e1scara FFP-2"},{"@type":"BreadcrumbList","@id":"https:\/\/blog.gsa-messgeraete.de\/es\/mascarillas-quirurgicas-y-mascarillas-ffp2-efectos-protectores-contra-las-infecciones-coronarias\/#breadcrumb","itemListElement":[{"@type":"ListItem","position":1,"name":"Startseite","item":"https:\/\/blog.gsa-messgeraete.de\/es\/"},{"@type":"ListItem","position":2,"name":"Mascarillas quir\u00fargicas y mascarillas FFP2: efectos protectores contra las infecciones coronarias"}]},{"@type":"WebSite","@id":"https:\/\/blog.gsa-messgeraete.de\/es\/#website","url":"https:\/\/blog.gsa-messgeraete.de\/es\/","name":"blog.gsa-messgeraete.de","description":"","publisher":{"@id":"https:\/\/blog.gsa-messgeraete.de\/es\/#organization"},"potentialAction":[{"@type":"SearchAction","target":{"@type":"EntryPoint","urlTemplate":"https:\/\/blog.gsa-messgeraete.de\/es\/?s={search_term_string}"},"query-input":{"@type":"PropertyValueSpecification","valueRequired":true,"valueName":"search_term_string"}}],"inLanguage":"es"},{"@type":"Organization","@id":"https:\/\/blog.gsa-messgeraete.de\/es\/#organization","name":"GSA Messger\u00e4tebau GmbH","url":"https:\/\/blog.gsa-messgeraete.de\/es\/","logo":{"@type":"ImageObject","inLanguage":"es","@id":"https:\/\/blog.gsa-messgeraete.de\/es\/#\/schema\/logo\/image\/","url":"https:\/\/blog.gsa-messgeraete.de\/wp-content\/uploads\/2016\/12\/cropped-Logo-GSA-Messgeraete-1.jpg","contentUrl":"https:\/\/blog.gsa-messgeraete.de\/wp-content\/uploads\/2016\/12\/cropped-Logo-GSA-Messgeraete-1.jpg","width":350,"height":164,"caption":"GSA Messger\u00e4tebau GmbH"},"image":{"@id":"https:\/\/blog.gsa-messgeraete.de\/es\/#\/schema\/logo\/image\/"}},{"@type":"Person","@id":"https:\/\/blog.gsa-messgeraete.de\/es\/#\/schema\/person\/66e89e6575b5aa6008b4ea0acc5d38ed","name":"Cornelia Umland","image":{"@type":"ImageObject","inLanguage":"es","@id":"https:\/\/secure.gravatar.com\/avatar\/311de0177214f59652729d2b4d5d895fe80bb802ddc18b84ebfe9a2c8edeceb9?s=96&d=mm&r=g","url":"https:\/\/secure.gravatar.com\/avatar\/311de0177214f59652729d2b4d5d895fe80bb802ddc18b84ebfe9a2c8edeceb9?s=96&d=mm&r=g","contentUrl":"https:\/\/secure.gravatar.com\/avatar\/311de0177214f59652729d2b4d5d895fe80bb802ddc18b84ebfe9a2c8edeceb9?s=96&d=mm&r=g","caption":"Cornelia Umland"},"sameAs":["https:\/\/x.com\/UmlandC"],"url":"https:\/\/blog.gsa-messgeraete.de\/es\/author\/cn-umland\/"}]}},"_links":{"self":[{"href":"https:\/\/blog.gsa-messgeraete.de\/es\/wp-json\/wp\/v2\/posts\/13267","targetHints":{"allow":["GET"]}}],"collection":[{"href":"https:\/\/blog.gsa-messgeraete.de\/es\/wp-json\/wp\/v2\/posts"}],"about":[{"href":"https:\/\/blog.gsa-messgeraete.de\/es\/wp-json\/wp\/v2\/types\/post"}],"author":[{"embeddable":true,"href":"https:\/\/blog.gsa-messgeraete.de\/es\/wp-json\/wp\/v2\/users\/3"}],"replies":[{"embeddable":true,"href":"https:\/\/blog.gsa-messgeraete.de\/es\/wp-json\/wp\/v2\/comments?post=13267"}],"version-history":[{"count":6,"href":"https:\/\/blog.gsa-messgeraete.de\/es\/wp-json\/wp\/v2\/posts\/13267\/revisions"}],"predecessor-version":[{"id":14085,"href":"https:\/\/blog.gsa-messgeraete.de\/es\/wp-json\/wp\/v2\/posts\/13267\/revisions\/14085"}],"wp:featuredmedia":[{"embeddable":true,"href":"https:\/\/blog.gsa-messgeraete.de\/es\/wp-json\/wp\/v2\/media\/13274"}],"wp:attachment":[{"href":"https:\/\/blog.gsa-messgeraete.de\/es\/wp-json\/wp\/v2\/media?parent=13267"}],"wp:term":[{"taxonomy":"category","embeddable":true,"href":"https:\/\/blog.gsa-messgeraete.de\/es\/wp-json\/wp\/v2\/categories?post=13267"},{"taxonomy":"post_tag","embeddable":true,"href":"https:\/\/blog.gsa-messgeraete.de\/es\/wp-json\/wp\/v2\/tags?post=13267"}],"curies":[{"name":"wp","href":"https:\/\/api.w.org\/{rel}","templated":true}]}}