{"id":13496,"date":"2019-12-31T14:41:15","date_gmt":"2019-12-31T13:41:15","guid":{"rendered":"https:\/\/blog.gsa-messgeraete.de\/contaminacion-por-particulas-en-nochevieja\/"},"modified":"2026-03-05T10:32:04","modified_gmt":"2026-03-05T09:32:04","slug":"contaminacion-por-particulas-en-nochevieja","status":"publish","type":"post","link":"https:\/\/blog.gsa-messgeraete.de\/es\/contaminacion-por-particulas-en-nochevieja\/","title":{"rendered":"Contaminaci\u00f3n por part\u00edculas en Nochevieja"},"content":{"rendered":"\n<p>Los medios de comunicaci\u00f3n ya no pueden imaginar la vida sin <strong>contaminaci\u00f3n por part\u00edculas<\/strong>, pero \u00bfqu\u00e9 es y hasta qu\u00e9 punto es peligrosa para nosotros? El debate se reaviva en Nochevieja: \u00bfsignifica esto el fin de los cohetes y petardos? <\/p>\n\n\n\n<!--more-->\n\n\n\n<p class=\"has-small-font-size\"><\/p>\n\n\n\n<h2 class=\"wp-block-heading\">Polvo fino<\/h2>\n\n\n\n<p>Por otro lado, est\u00e1 la fracci\u00f3n de <strong>polvo E<\/strong> <strong>(antes: polvo total)<\/strong>, cuyas part\u00edculas pueden inhalarse y acumularse en las v\u00edas respiratorias superiores. <\/p>\n\n\n\n<p>En general, el t\u00e9rmino polvo describe las part\u00edculas s\u00f3lidas m\u00e1s peque\u00f1as que est\u00e1n finamente distribuidas en el aire ambiente. El <strong>t\u00e9rmino (ahora obsoleto) polvo fino <\/strong>se refiere al <strong>polvo respirable <\/strong>de la fracci\u00f3n de <strong>polvo A<\/strong>. Se trata de part\u00edculas de polvo cuyo di\u00e1metro es tan peque\u00f1o que son capaces de penetrar en los alv\u00e9olos (alv\u00e9olos pulmonares).<\/p>\n\n\n\n<p><br><\/p>\n\n\n\n<h3 class=\"wp-block-heading\"><strong>Peligros debidos a la contaminaci\u00f3n por polvo fino<\/strong> <\/h3>\n\n\n\n<p>El <strong>peligro del <\/strong><a href=\"https:\/\/blog.gsa-messgeraete.de\/es\/medicion-de-sustancias-peligrosas-en-el-area-de-trabajo-fraccion-de-polvo-a-polvo\/\"><strong>polvo A<\/strong><\/a><strong> (polvo fino) <\/strong>reside en el peque\u00f1o tama\u00f1o de las part\u00edculas, inferior a 10\u00b5m (PM10: materia particulada). Esto les permite penetrar en las v\u00edas respiratorias hasta los <span style=\"text-decoration: underline;\">alv\u00e9olos<\/span> (sacos de aire de los pulmones). All\u00ed causan <strong>irritaci\u00f3n e inflamaci\u00f3n<\/strong> e interrumpen el intercambio gaseoso. Esto puede provocar dolor tor\u00e1cico, dificultad respiratoria y, con una exposici\u00f3n prolongada, <strong>un deterioro permanente de la funci\u00f3n pulmonar<\/strong>. Seg\u00fan el tipo de sustancia, tambi\u00e9n puede provocar <strong>la formaci\u00f3n de c\u00e1ncer<\/strong>. Por tanto, es aconsejable adoptar medidas de protecci\u00f3n contra el polvo A. Si hay contacto en el \u00e1rea de trabajo, deben cumplirse las disposiciones legales sobre <a href=\"https:\/\/blog.gsa-messgeraete.de\/es\/los-pilares-importantes-de-la-salud-y-la-seguridad-en-el-trabajo\/\">salud y seguridad en el trabajo<\/a>. Esto comienza con la evaluaci\u00f3n de riesgos y contin\u00faa con el <a href=\"https:\/\/blog.gsa-messgeraete.de\/es\/medicion-de-polvos-que-significa-valor-limite-en-el-lugar-de-trabajo\/\">OEL<\/a> hasta el concepto de seguridad formulado.<\/p>\n\n\n\n<p><br><\/p>\n\n\n\n<h3 class=\"wp-block-heading\"><strong>Contaminaci\u00f3n por part\u00edculas en Nochevieja<\/strong><\/h3>\n\n\n\n<p>En los \u00faltimos a\u00f1os<strong> <\/strong>en Nochevieja han aumentado los debates sobre el tema de los fuegos artificiales y el polvo fino. Por el momento, son frecuentes los <span style=\"text-decoration: underline;\">llamamientos a la prohibici\u00f3n<\/span>. <strong>La raz\u00f3n aducida para esta prohibici\u00f3n es la enorme contaminaci\u00f3n por polvo fino que provocan los cohetes y petardos<\/strong>.  <\/p>\n\n\n\n<p>Pero, \u00bfhasta qu\u00e9 punto es realmente alta la contaminaci\u00f3n por part\u00edculas en Nochevieja? Desde un punto de vista subjetivo, uno podr\u00eda estar inmediatamente de acuerdo con esta teor\u00eda, ya que el aumento de la contaminaci\u00f3n es visible en los bancos de niebla en Nochevieja. Pero, \u00bfes correcta esta impresi\u00f3n? <br>Cada a\u00f1o, los fuegos artificiales liberan unas 4200 toneladas de polvo fino (PM10), principalmente en Nochevieja. Esta cifra corresponde aproximadamente al 2% de la cantidad total de part\u00edculas finas liberadas en Alemania.<\/p>\n\n\n\n<p><br><\/p>\n\n\n\n<p><em><strong>Adem\u00e1s, las mediciones han demostrado que los niveles de part\u00edculas son m\u00e1s altos en los primeros d\u00edas de A\u00f1o Nuevo que el resto del a\u00f1o<\/strong>.<\/em><strong> <\/strong><\/p>\n\n\n\n<p>Los valores medidos rondan a veces los 1000\u00b5g\/m\u00b3 de aire; a modo de comparaci\u00f3n, el valor medio de PM10 en las ciudades alemanas en 2018 fue de unos 18\u00b5m\/m\u00b3.<br>La rapidez con que se disipa esta contaminaci\u00f3n por part\u00edculas depende en gran medida de las condiciones meteorol\u00f3gicas. Por ejemplo, los vientos fuertes favorecen la dispersi\u00f3n de las part\u00edculas finas. La Comisi\u00f3n Europea ha establecido un valor l\u00edmite de PM10 de 50\u00b5g\/m\u00b3, que no debe superarse m\u00e1s de 35 veces al a\u00f1o. Esto significa que una (o incluso dos, seg\u00fan las condiciones meteorol\u00f3gicas) superaci\u00f3n permitida el primer d\u00eda del a\u00f1o ya estar\u00eda documentada.<\/p>\n\n\n\n<p><br><\/p>\n\n\n\n<h3 class=\"wp-block-heading\"><strong>Debate sobre la prohibici\u00f3n de los fuegos artificiales en Nochevieja<\/strong><\/h3>\n\n\n\n<p>Como consecuencia del actual debate medioambiental, se han emitido las primeras prohibiciones de fuegos artificiales para este a\u00f1o. Hay una prohibici\u00f3n total en algunas partes del centro hist\u00f3rico de M\u00fanich, mientras que Colonia y D\u00fcsseldorf han establecido las llamadas zonas de protecci\u00f3n en las que no se puede encender ning\u00fan artefacto pirot\u00e9cnico. El motivo principal no es s\u00f3lo proteger el medio ambiente, sino <strong>tambi\u00e9n a <\/strong>los agentes de polic\u00eda y a los espectadores. No existe una normativa estandarizada, pero el <strong>alt\u00edsimo nivel de contaminaci\u00f3n por polvo fino en Nochevieja<\/strong> sigue siendo indiscutible.    <\/p>\n\n\n\n<p><br><\/p>\n\n\n\n<p>Fuentes:<br>[1]: Fuente de la imagen de contribuci\u00f3n:<br> \u00a9 Zbynek Burival \/ 123rf.com<br>[2]: https:\/\/www.umweltbundesamt.de\/themen\/luft\/luftschadstoffe\/feinstaub<br>[3]: https:\/\/www.umweltbundesamt.de\/service\/uba-fragen\/was-ist-feinstaub<br>[4]: https:\/\/www.bund.net\/themen\/mobilitaet\/schadstoffe\/feinstaub\/<br>[5]: https:\/\/www.umweltbundesamt.de\/themen\/dicke-luft-jahreswechsel<br>[6]: https:\/\/www.umweltbundesamt.de\/sites\/default\/files\/medien\/479\/publikationen\/hgp_wenn_die_luft_zum_schneiden_ist_2019.pdf<br>[7]: https:\/\/www.umweltbundesamt.de\/themen\/luft\/luftschadstoffe\/feinstaub\/feinstaub-durch-silvesterfeuerwerk<br>[8]: https:\/\/www.aerztezeitung.de\/Panorama\/Feinstaub-Feuerwerk-an-Silvester-405319.html<br>[9]: https:\/\/www.quarks.de\/umwelt\/feinstaub-belastung-durch-feuerwerk\/<br>[10]: https:\/\/www.sueddeutsche.de\/wissen\/silvester-feuerwerk-feinstaub-1.47<\/p>\n","protected":false},"excerpt":{"rendered":"<p>Los medios de comunicaci\u00f3n ya no pueden imaginar la vida sin contaminaci\u00f3n por part\u00edculas, pero \u00bfqu\u00e9 es y hasta qu\u00e9 punto es peligrosa para nosotros? El debate se reaviva en Nochevieja: \u00bfsignifica esto el fin de los cohetes y petardos?<\/p>\n","protected":false},"author":2,"featured_media":9805,"comment_status":"closed","ping_status":"open","sticky":false,"template":"","format":"standard","meta":{"_exactmetrics_skip_tracking":false,"_exactmetrics_sitenote_active":false,"_exactmetrics_sitenote_note":"","_exactmetrics_sitenote_category":0,"footnotes":""},"categories":[1773,1060],"tags":[2118,2574,2570,2467,2571,2438,1771,2041,2534,2254,2572,2474,2495,2573],"class_list":["post-13496","post","type-post","status-publish","format-standard","has-post-thumbnail","hentry","category-polvo","category-sin-categorizar","tag-contaminacion-por-particulas","tag-contaminacion-por-particulas-en-nochevieja","tag-fraccion-de-particulas","tag-medicion-de-particulas-finas","tag-particulas-finas-en-nochevieja","tag-particulas-solidas-en-el-aire","tag-polvo-a","tag-polvo-fino","tag-polvos","tag-seguridad-laboral","tag-valor-anual-pm10","tag-valor-limite-de-polvo","tag-valor-limite-en-el-lugar-de-trabajo","tag-valores-limite-de-pm10"],"yoast_head":"<!-- This site is optimized with the Yoast SEO plugin v27.5 - https:\/\/yoast.com\/product\/yoast-seo-wordpress\/ -->\n<title>Contaminaci\u00f3n por part\u00edculas en Nochevieja - blog.gsa-messgeraete.de<\/title>\n<meta name=\"description\" content=\"El peligro de la contaminaci\u00f3n por polvo fino - reside en el peque\u00f1o tama\u00f1o de las part\u00edculas. Pueden provocar la formaci\u00f3n de c\u00e1ncer.\" \/>\n<meta name=\"robots\" content=\"index, follow, max-snippet:-1, max-image-preview:large, max-video-preview:-1\" \/>\n<link rel=\"canonical\" href=\"https:\/\/blog.gsa-messgeraete.de\/es\/contaminacion-por-particulas-en-nochevieja\/\" \/>\n<meta property=\"og:locale\" content=\"es_ES\" \/>\n<meta property=\"og:type\" content=\"article\" \/>\n<meta property=\"og:title\" content=\"Contaminaci\u00f3n por part\u00edculas en Nochevieja - blog.gsa-messgeraete.de\" \/>\n<meta property=\"og:description\" content=\"El peligro de la contaminaci\u00f3n por polvo fino - reside en el peque\u00f1o tama\u00f1o de las part\u00edculas. Pueden provocar la formaci\u00f3n de c\u00e1ncer.\" \/>\n<meta property=\"og:url\" content=\"https:\/\/blog.gsa-messgeraete.de\/es\/contaminacion-por-particulas-en-nochevieja\/\" \/>\n<meta property=\"og:site_name\" content=\"blog.gsa-messgeraete.de\" \/>\n<meta property=\"article:published_time\" content=\"2019-12-31T13:41:15+00:00\" \/>\n<meta property=\"article:modified_time\" content=\"2026-03-05T09:32:04+00:00\" \/>\n<meta property=\"og:image\" content=\"https:\/\/blog.gsa-messgeraete.de\/wp-content\/uploads\/2019\/12\/feuerwerk-feinstaub-an-silvester.jpg\" \/>\n\t<meta property=\"og:image:width\" content=\"565\" \/>\n\t<meta property=\"og:image:height\" content=\"848\" \/>\n\t<meta property=\"og:image:type\" content=\"image\/jpeg\" \/>\n<meta name=\"author\" content=\"s.abels\" \/>\n<meta name=\"twitter:card\" content=\"summary_large_image\" \/>\n<meta name=\"twitter:label1\" content=\"Escrito por\" \/>\n\t<meta name=\"twitter:data1\" content=\"s.abels\" \/>\n\t<meta name=\"twitter:label2\" content=\"Tiempo de lectura\" \/>\n\t<meta name=\"twitter:data2\" content=\"4 minutos\" \/>\n<script type=\"application\/ld+json\" class=\"yoast-schema-graph\">{\"@context\":\"https:\\\/\\\/schema.org\",\"@graph\":[{\"@type\":\"Article\",\"@id\":\"https:\\\/\\\/blog.gsa-messgeraete.de\\\/es\\\/contaminacion-por-particulas-en-nochevieja\\\/#article\",\"isPartOf\":{\"@id\":\"https:\\\/\\\/blog.gsa-messgeraete.de\\\/es\\\/contaminacion-por-particulas-en-nochevieja\\\/\"},\"author\":{\"name\":\"s.abels\",\"@id\":\"https:\\\/\\\/blog.gsa-messgeraete.de\\\/es\\\/#\\\/schema\\\/person\\\/c4e44d90595cffae6fdad967be126025\"},\"headline\":\"Contaminaci\u00f3n por part\u00edculas en Nochevieja\",\"datePublished\":\"2019-12-31T13:41:15+00:00\",\"dateModified\":\"2026-03-05T09:32:04+00:00\",\"mainEntityOfPage\":{\"@id\":\"https:\\\/\\\/blog.gsa-messgeraete.de\\\/es\\\/contaminacion-por-particulas-en-nochevieja\\\/\"},\"wordCount\":804,\"publisher\":{\"@id\":\"https:\\\/\\\/blog.gsa-messgeraete.de\\\/es\\\/#organization\"},\"image\":{\"@id\":\"https:\\\/\\\/blog.gsa-messgeraete.de\\\/es\\\/contaminacion-por-particulas-en-nochevieja\\\/#primaryimage\"},\"thumbnailUrl\":\"https:\\\/\\\/blog.gsa-messgeraete.de\\\/wp-content\\\/uploads\\\/2019\\\/12\\\/feuerwerk-feinstaub-an-silvester.jpg\",\"keywords\":[\"Contaminaci\u00f3n por part\u00edculas\",\"Contaminaci\u00f3n por part\u00edculas en Nochevieja\",\"Fracci\u00f3n de part\u00edculas\",\"Medici\u00f3n de part\u00edculas finas\",\"Part\u00edculas finas en Nochevieja\",\"Part\u00edculas s\u00f3lidas en el aire\",\"Polvo A\",\"polvo fino\",\"Polvos\",\"Seguridad laboral\",\"Valor anual PM10\",\"Valor l\u00edmite de polvo\",\"Valor l\u00edmite en el lugar de trabajo\",\"Valores l\u00edmite de PM10\"],\"articleSection\":[\"Polvo\",\"Sin categorizar\"],\"inLanguage\":\"es\"},{\"@type\":\"WebPage\",\"@id\":\"https:\\\/\\\/blog.gsa-messgeraete.de\\\/es\\\/contaminacion-por-particulas-en-nochevieja\\\/\",\"url\":\"https:\\\/\\\/blog.gsa-messgeraete.de\\\/es\\\/contaminacion-por-particulas-en-nochevieja\\\/\",\"name\":\"Contaminaci\u00f3n por part\u00edculas en Nochevieja - blog.gsa-messgeraete.de\",\"isPartOf\":{\"@id\":\"https:\\\/\\\/blog.gsa-messgeraete.de\\\/es\\\/#website\"},\"primaryImageOfPage\":{\"@id\":\"https:\\\/\\\/blog.gsa-messgeraete.de\\\/es\\\/contaminacion-por-particulas-en-nochevieja\\\/#primaryimage\"},\"image\":{\"@id\":\"https:\\\/\\\/blog.gsa-messgeraete.de\\\/es\\\/contaminacion-por-particulas-en-nochevieja\\\/#primaryimage\"},\"thumbnailUrl\":\"https:\\\/\\\/blog.gsa-messgeraete.de\\\/wp-content\\\/uploads\\\/2019\\\/12\\\/feuerwerk-feinstaub-an-silvester.jpg\",\"datePublished\":\"2019-12-31T13:41:15+00:00\",\"dateModified\":\"2026-03-05T09:32:04+00:00\",\"description\":\"El peligro de la contaminaci\u00f3n por polvo fino - reside en el peque\u00f1o tama\u00f1o de las part\u00edculas. Pueden provocar la formaci\u00f3n de c\u00e1ncer.\",\"breadcrumb\":{\"@id\":\"https:\\\/\\\/blog.gsa-messgeraete.de\\\/es\\\/contaminacion-por-particulas-en-nochevieja\\\/#breadcrumb\"},\"inLanguage\":\"es\",\"potentialAction\":[{\"@type\":\"ReadAction\",\"target\":[\"https:\\\/\\\/blog.gsa-messgeraete.de\\\/es\\\/contaminacion-por-particulas-en-nochevieja\\\/\"]}]},{\"@type\":\"ImageObject\",\"inLanguage\":\"es\",\"@id\":\"https:\\\/\\\/blog.gsa-messgeraete.de\\\/es\\\/contaminacion-por-particulas-en-nochevieja\\\/#primaryimage\",\"url\":\"https:\\\/\\\/blog.gsa-messgeraete.de\\\/wp-content\\\/uploads\\\/2019\\\/12\\\/feuerwerk-feinstaub-an-silvester.jpg\",\"contentUrl\":\"https:\\\/\\\/blog.gsa-messgeraete.de\\\/wp-content\\\/uploads\\\/2019\\\/12\\\/feuerwerk-feinstaub-an-silvester.jpg\",\"width\":565,\"height\":848,\"caption\":\"Feinstaubbelastung an Silvester\"},{\"@type\":\"BreadcrumbList\",\"@id\":\"https:\\\/\\\/blog.gsa-messgeraete.de\\\/es\\\/contaminacion-por-particulas-en-nochevieja\\\/#breadcrumb\",\"itemListElement\":[{\"@type\":\"ListItem\",\"position\":1,\"name\":\"Startseite\",\"item\":\"https:\\\/\\\/blog.gsa-messgeraete.de\\\/es\\\/\"},{\"@type\":\"ListItem\",\"position\":2,\"name\":\"Contaminaci\u00f3n por part\u00edculas en Nochevieja\"}]},{\"@type\":\"WebSite\",\"@id\":\"https:\\\/\\\/blog.gsa-messgeraete.de\\\/es\\\/#website\",\"url\":\"https:\\\/\\\/blog.gsa-messgeraete.de\\\/es\\\/\",\"name\":\"blog.gsa-messgeraete.de\",\"description\":\"\",\"publisher\":{\"@id\":\"https:\\\/\\\/blog.gsa-messgeraete.de\\\/es\\\/#organization\"},\"potentialAction\":[{\"@type\":\"SearchAction\",\"target\":{\"@type\":\"EntryPoint\",\"urlTemplate\":\"https:\\\/\\\/blog.gsa-messgeraete.de\\\/es\\\/?s={search_term_string}\"},\"query-input\":{\"@type\":\"PropertyValueSpecification\",\"valueRequired\":true,\"valueName\":\"search_term_string\"}}],\"inLanguage\":\"es\"},{\"@type\":\"Organization\",\"@id\":\"https:\\\/\\\/blog.gsa-messgeraete.de\\\/es\\\/#organization\",\"name\":\"GSA Messger\u00e4tebau GmbH\",\"url\":\"https:\\\/\\\/blog.gsa-messgeraete.de\\\/es\\\/\",\"logo\":{\"@type\":\"ImageObject\",\"inLanguage\":\"es\",\"@id\":\"https:\\\/\\\/blog.gsa-messgeraete.de\\\/es\\\/#\\\/schema\\\/logo\\\/image\\\/\",\"url\":\"https:\\\/\\\/blog.gsa-messgeraete.de\\\/wp-content\\\/uploads\\\/2016\\\/12\\\/cropped-Logo-GSA-Messgeraete-1.jpg\",\"contentUrl\":\"https:\\\/\\\/blog.gsa-messgeraete.de\\\/wp-content\\\/uploads\\\/2016\\\/12\\\/cropped-Logo-GSA-Messgeraete-1.jpg\",\"width\":350,\"height\":164,\"caption\":\"GSA Messger\u00e4tebau GmbH\"},\"image\":{\"@id\":\"https:\\\/\\\/blog.gsa-messgeraete.de\\\/es\\\/#\\\/schema\\\/logo\\\/image\\\/\"}},{\"@type\":\"Person\",\"@id\":\"https:\\\/\\\/blog.gsa-messgeraete.de\\\/es\\\/#\\\/schema\\\/person\\\/c4e44d90595cffae6fdad967be126025\",\"name\":\"s.abels\",\"image\":{\"@type\":\"ImageObject\",\"inLanguage\":\"es\",\"@id\":\"https:\\\/\\\/secure.gravatar.com\\\/avatar\\\/3b75cbec49bb628a867f2387e59f63a8a99603b88e4438bd7574e3945d52e43a?s=96&d=mm&r=g\",\"url\":\"https:\\\/\\\/secure.gravatar.com\\\/avatar\\\/3b75cbec49bb628a867f2387e59f63a8a99603b88e4438bd7574e3945d52e43a?s=96&d=mm&r=g\",\"contentUrl\":\"https:\\\/\\\/secure.gravatar.com\\\/avatar\\\/3b75cbec49bb628a867f2387e59f63a8a99603b88e4438bd7574e3945d52e43a?s=96&d=mm&r=g\",\"caption\":\"s.abels\"},\"url\":\"https:\\\/\\\/blog.gsa-messgeraete.de\\\/es\\\/author\\\/s-abels\\\/\"}]}<\/script>\n<!-- \/ Yoast SEO plugin. -->","yoast_head_json":{"title":"Contaminaci\u00f3n por part\u00edculas en Nochevieja - blog.gsa-messgeraete.de","description":"El peligro de la contaminaci\u00f3n por polvo fino - reside en el peque\u00f1o tama\u00f1o de las part\u00edculas. Pueden provocar la formaci\u00f3n de c\u00e1ncer.","robots":{"index":"index","follow":"follow","max-snippet":"max-snippet:-1","max-image-preview":"max-image-preview:large","max-video-preview":"max-video-preview:-1"},"canonical":"https:\/\/blog.gsa-messgeraete.de\/es\/contaminacion-por-particulas-en-nochevieja\/","og_locale":"es_ES","og_type":"article","og_title":"Contaminaci\u00f3n por part\u00edculas en Nochevieja - blog.gsa-messgeraete.de","og_description":"El peligro de la contaminaci\u00f3n por polvo fino - reside en el peque\u00f1o tama\u00f1o de las part\u00edculas. Pueden provocar la formaci\u00f3n de c\u00e1ncer.","og_url":"https:\/\/blog.gsa-messgeraete.de\/es\/contaminacion-por-particulas-en-nochevieja\/","og_site_name":"blog.gsa-messgeraete.de","article_published_time":"2019-12-31T13:41:15+00:00","article_modified_time":"2026-03-05T09:32:04+00:00","og_image":[{"width":565,"height":848,"url":"https:\/\/blog.gsa-messgeraete.de\/wp-content\/uploads\/2019\/12\/feuerwerk-feinstaub-an-silvester.jpg","type":"image\/jpeg"}],"author":"s.abels","twitter_card":"summary_large_image","twitter_misc":{"Escrito por":"s.abels","Tiempo de lectura":"4 minutos"},"schema":{"@context":"https:\/\/schema.org","@graph":[{"@type":"Article","@id":"https:\/\/blog.gsa-messgeraete.de\/es\/contaminacion-por-particulas-en-nochevieja\/#article","isPartOf":{"@id":"https:\/\/blog.gsa-messgeraete.de\/es\/contaminacion-por-particulas-en-nochevieja\/"},"author":{"name":"s.abels","@id":"https:\/\/blog.gsa-messgeraete.de\/es\/#\/schema\/person\/c4e44d90595cffae6fdad967be126025"},"headline":"Contaminaci\u00f3n por part\u00edculas en Nochevieja","datePublished":"2019-12-31T13:41:15+00:00","dateModified":"2026-03-05T09:32:04+00:00","mainEntityOfPage":{"@id":"https:\/\/blog.gsa-messgeraete.de\/es\/contaminacion-por-particulas-en-nochevieja\/"},"wordCount":804,"publisher":{"@id":"https:\/\/blog.gsa-messgeraete.de\/es\/#organization"},"image":{"@id":"https:\/\/blog.gsa-messgeraete.de\/es\/contaminacion-por-particulas-en-nochevieja\/#primaryimage"},"thumbnailUrl":"https:\/\/blog.gsa-messgeraete.de\/wp-content\/uploads\/2019\/12\/feuerwerk-feinstaub-an-silvester.jpg","keywords":["Contaminaci\u00f3n por part\u00edculas","Contaminaci\u00f3n por part\u00edculas en Nochevieja","Fracci\u00f3n de part\u00edculas","Medici\u00f3n de part\u00edculas finas","Part\u00edculas finas en Nochevieja","Part\u00edculas s\u00f3lidas en el aire","Polvo A","polvo fino","Polvos","Seguridad laboral","Valor anual PM10","Valor l\u00edmite de polvo","Valor l\u00edmite en el lugar de trabajo","Valores l\u00edmite de PM10"],"articleSection":["Polvo","Sin categorizar"],"inLanguage":"es"},{"@type":"WebPage","@id":"https:\/\/blog.gsa-messgeraete.de\/es\/contaminacion-por-particulas-en-nochevieja\/","url":"https:\/\/blog.gsa-messgeraete.de\/es\/contaminacion-por-particulas-en-nochevieja\/","name":"Contaminaci\u00f3n por part\u00edculas en Nochevieja - blog.gsa-messgeraete.de","isPartOf":{"@id":"https:\/\/blog.gsa-messgeraete.de\/es\/#website"},"primaryImageOfPage":{"@id":"https:\/\/blog.gsa-messgeraete.de\/es\/contaminacion-por-particulas-en-nochevieja\/#primaryimage"},"image":{"@id":"https:\/\/blog.gsa-messgeraete.de\/es\/contaminacion-por-particulas-en-nochevieja\/#primaryimage"},"thumbnailUrl":"https:\/\/blog.gsa-messgeraete.de\/wp-content\/uploads\/2019\/12\/feuerwerk-feinstaub-an-silvester.jpg","datePublished":"2019-12-31T13:41:15+00:00","dateModified":"2026-03-05T09:32:04+00:00","description":"El peligro de la contaminaci\u00f3n por polvo fino - reside en el peque\u00f1o tama\u00f1o de las part\u00edculas. Pueden provocar la formaci\u00f3n de c\u00e1ncer.","breadcrumb":{"@id":"https:\/\/blog.gsa-messgeraete.de\/es\/contaminacion-por-particulas-en-nochevieja\/#breadcrumb"},"inLanguage":"es","potentialAction":[{"@type":"ReadAction","target":["https:\/\/blog.gsa-messgeraete.de\/es\/contaminacion-por-particulas-en-nochevieja\/"]}]},{"@type":"ImageObject","inLanguage":"es","@id":"https:\/\/blog.gsa-messgeraete.de\/es\/contaminacion-por-particulas-en-nochevieja\/#primaryimage","url":"https:\/\/blog.gsa-messgeraete.de\/wp-content\/uploads\/2019\/12\/feuerwerk-feinstaub-an-silvester.jpg","contentUrl":"https:\/\/blog.gsa-messgeraete.de\/wp-content\/uploads\/2019\/12\/feuerwerk-feinstaub-an-silvester.jpg","width":565,"height":848,"caption":"Feinstaubbelastung an Silvester"},{"@type":"BreadcrumbList","@id":"https:\/\/blog.gsa-messgeraete.de\/es\/contaminacion-por-particulas-en-nochevieja\/#breadcrumb","itemListElement":[{"@type":"ListItem","position":1,"name":"Startseite","item":"https:\/\/blog.gsa-messgeraete.de\/es\/"},{"@type":"ListItem","position":2,"name":"Contaminaci\u00f3n por part\u00edculas en Nochevieja"}]},{"@type":"WebSite","@id":"https:\/\/blog.gsa-messgeraete.de\/es\/#website","url":"https:\/\/blog.gsa-messgeraete.de\/es\/","name":"blog.gsa-messgeraete.de","description":"","publisher":{"@id":"https:\/\/blog.gsa-messgeraete.de\/es\/#organization"},"potentialAction":[{"@type":"SearchAction","target":{"@type":"EntryPoint","urlTemplate":"https:\/\/blog.gsa-messgeraete.de\/es\/?s={search_term_string}"},"query-input":{"@type":"PropertyValueSpecification","valueRequired":true,"valueName":"search_term_string"}}],"inLanguage":"es"},{"@type":"Organization","@id":"https:\/\/blog.gsa-messgeraete.de\/es\/#organization","name":"GSA Messger\u00e4tebau GmbH","url":"https:\/\/blog.gsa-messgeraete.de\/es\/","logo":{"@type":"ImageObject","inLanguage":"es","@id":"https:\/\/blog.gsa-messgeraete.de\/es\/#\/schema\/logo\/image\/","url":"https:\/\/blog.gsa-messgeraete.de\/wp-content\/uploads\/2016\/12\/cropped-Logo-GSA-Messgeraete-1.jpg","contentUrl":"https:\/\/blog.gsa-messgeraete.de\/wp-content\/uploads\/2016\/12\/cropped-Logo-GSA-Messgeraete-1.jpg","width":350,"height":164,"caption":"GSA Messger\u00e4tebau GmbH"},"image":{"@id":"https:\/\/blog.gsa-messgeraete.de\/es\/#\/schema\/logo\/image\/"}},{"@type":"Person","@id":"https:\/\/blog.gsa-messgeraete.de\/es\/#\/schema\/person\/c4e44d90595cffae6fdad967be126025","name":"s.abels","image":{"@type":"ImageObject","inLanguage":"es","@id":"https:\/\/secure.gravatar.com\/avatar\/3b75cbec49bb628a867f2387e59f63a8a99603b88e4438bd7574e3945d52e43a?s=96&d=mm&r=g","url":"https:\/\/secure.gravatar.com\/avatar\/3b75cbec49bb628a867f2387e59f63a8a99603b88e4438bd7574e3945d52e43a?s=96&d=mm&r=g","contentUrl":"https:\/\/secure.gravatar.com\/avatar\/3b75cbec49bb628a867f2387e59f63a8a99603b88e4438bd7574e3945d52e43a?s=96&d=mm&r=g","caption":"s.abels"},"url":"https:\/\/blog.gsa-messgeraete.de\/es\/author\/s-abels\/"}]}},"_links":{"self":[{"href":"https:\/\/blog.gsa-messgeraete.de\/es\/wp-json\/wp\/v2\/posts\/13496","targetHints":{"allow":["GET"]}}],"collection":[{"href":"https:\/\/blog.gsa-messgeraete.de\/es\/wp-json\/wp\/v2\/posts"}],"about":[{"href":"https:\/\/blog.gsa-messgeraete.de\/es\/wp-json\/wp\/v2\/types\/post"}],"author":[{"embeddable":true,"href":"https:\/\/blog.gsa-messgeraete.de\/es\/wp-json\/wp\/v2\/users\/2"}],"replies":[{"embeddable":true,"href":"https:\/\/blog.gsa-messgeraete.de\/es\/wp-json\/wp\/v2\/comments?post=13496"}],"version-history":[{"count":9,"href":"https:\/\/blog.gsa-messgeraete.de\/es\/wp-json\/wp\/v2\/posts\/13496\/revisions"}],"predecessor-version":[{"id":16770,"href":"https:\/\/blog.gsa-messgeraete.de\/es\/wp-json\/wp\/v2\/posts\/13496\/revisions\/16770"}],"wp:featuredmedia":[{"embeddable":true,"href":"https:\/\/blog.gsa-messgeraete.de\/es\/wp-json\/wp\/v2\/media\/9805"}],"wp:attachment":[{"href":"https:\/\/blog.gsa-messgeraete.de\/es\/wp-json\/wp\/v2\/media?parent=13496"}],"wp:term":[{"taxonomy":"category","embeddable":true,"href":"https:\/\/blog.gsa-messgeraete.de\/es\/wp-json\/wp\/v2\/categories?post=13496"},{"taxonomy":"post_tag","embeddable":true,"href":"https:\/\/blog.gsa-messgeraete.de\/es\/wp-json\/wp\/v2\/tags?post=13496"}],"curies":[{"name":"wp","href":"https:\/\/api.w.org\/{rel}","templated":true}]}}