{"id":13628,"date":"2019-06-28T16:12:54","date_gmt":"2019-06-28T14:12:54","guid":{"rendered":"https:\/\/blog.gsa-messgeraete.de\/mediciones-de-fibras-de-amianto\/"},"modified":"2025-09-04T20:00:38","modified_gmt":"2025-09-04T18:00:38","slug":"mediciones-de-fibras-de-amianto","status":"publish","type":"post","link":"https:\/\/blog.gsa-messgeraete.de\/es\/mediciones-de-fibras-de-amianto\/","title":{"rendered":"Mediciones de fibras de amianto"},"content":{"rendered":"\n<p>Como GSA Messger\u00e4tebau GmbH, ofrecemos <strong>mediciones precisas de fibras de amianto<\/strong> y su an\u00e1lisis para su determinaci\u00f3n. Siempre es aconsejable que el muestreo para la medici\u00f3n y el an\u00e1lisis del amianto lo realicen <strong>expertos<\/strong>. Nuestros <strong>t\u00e9cnicos de medici\u00f3n<\/strong> estar\u00e1n encantados de asesorarte en todas las cuestiones relacionadas con la toma de muestras y la posterior Mediciones de fibras de amianto. <a href=\"https:\/\/www.gsa-ratingen.de\/en\/contact\/\">Ponte en contacto con<\/a> nosotros en cualquier momento para que podamos desarrollar un concepto de medici\u00f3n personalizado. Como<strong> laboratorio de ensayos acreditado<\/strong>, <a href=\"https:\/\/www.gsa-ratingen.de\/en\/\">GSA Gesellschaft f\u00fcr Schadstoffanalytik<\/a> es un socio competente a tu lado.   <\/p>\n\n\n\n<!--more-->\n\n\n\n<h3 class=\"wp-block-heading\"><strong><br>\u00bfQu\u00e9 es el amianto?<\/strong><\/h3>\n\n\n\n<p>El amianto es un mineral natural, fibroso y silicatado, con un di\u00e1metro de fibra que oscila entre 0,1 \u00b5m y 2 \u00b5m. Debido a sus propiedades qu\u00edmicas, como su baja inflamabilidad y su buen aislamiento t\u00e9rmico, se utiliz\u00f3 en la construcci\u00f3n durante mucho tiempo. El gran peligro del amianto reside en la liberaci\u00f3n de las fibras. Las fibras de amianto liberadas entran en los pulmones a trav\u00e9s del aire y pueden causar irritaci\u00f3n. Una exposici\u00f3n prolongada puede provocar asbestosis (\u00abpulm\u00f3n de amianto\u00bb).    <\/p>\n\n\n\n<h3 class=\"wp-block-heading\">&nbsp;<\/h3>\n\n\n\n<h3 class=\"wp-block-heading\"><strong>\u00bfD\u00f3nde se puede encontrar amianto?<\/strong><\/h3>\n\n\n\n<p>Es dif\u00edcil hacer una afirmaci\u00f3n generalmente v\u00e1lida, pero hay algunos indicios que apuntan a la presencia de fibras de amianto. El a\u00f1o de construcci\u00f3n puede proporcionar un indicio. El amianto se prohibi\u00f3 como material de construcci\u00f3n en 1993. Las casas construidas entre 1960 y 1980 que no fueron objeto de grandes reformas suelen contener amianto. El amianto se utilizaba a menudo como material aislante debido a sus buenas propiedades de almacenamiento del calor. Sin embargo, se utilizaba de muchas formas distintas, por lo que tambi\u00e9n se empleaba amianto-cemento, selladores de juntas que conten\u00edan amianto, revestimientos de suelos o adhesivos para suelos (por ejemplo, para baldosas). Una sospecha inicial surge, por ejemplo, del color de un componente, que en el caso del adhesivo mencionado es negro.      <\/p>\n\n\n\n<h3 class=\"wp-block-heading\">&nbsp;<\/h3>\n\n\n\n<h3 class=\"wp-block-heading\"><strong>\u00bfQu\u00e9 hacer en caso de sospecha?<\/strong><\/h3>\n\n\n\n<p>Si se sospecha la presencia de amianto, las zonas sospechosas deben medirse y analizarse inmediatamente. De ello se pueden encargar nuestros t\u00e9cnicos de medici\u00f3n. Estaremos encantados de asesorarte al respecto. Si deseas tomar t\u00fa mismo muestras de materiales sospechosos de contener amianto, debes tener en cuenta algunos puntos importantes.   <\/p>\n\n\n\n<h3 class=\"wp-block-heading\">&nbsp;<\/h3>\n\n\n\n<h3 class=\"wp-block-heading\"><strong>Mediciones de fibras de amianto (muestra s\u00f3lida)<\/strong><\/h3>\n\n\n\n<p>Al tomar muestras de material sospechoso de contener amianto, la protecci\u00f3n personal es siempre primordial. Por tanto, es necesario llevar una mascarilla para polvo fino (FFP2) y, en caso necesario, otros equipos de protecci\u00f3n. En general, es importante evitar la liberaci\u00f3n de polvo y, por tanto, de fibras. Debe evitarse da\u00f1ar (a\u00fan m\u00e1s) las zonas afectadas y sus alrededores.<br>El punto de muestreo debe estar bien humedecido. Si es posible, la muestra debe recortarse con un cuchillo. El tama\u00f1o de la muestra debe tener una longitud de borde de 2-4 cm. Una vez tomada la muestra, la zona debe humedecerse de nuevo y sellarse (por ejemplo, con adhesivo, masilla y\/o cinta de tela). La muestra tomada debe envasarse herm\u00e9ticamente en una peque\u00f1a bolsa de pl\u00e1stico. A continuaci\u00f3n, esta muestra envasada se introduce en una bolsa de pl\u00e1stico m\u00e1s grande y se etiqueta cuidadosamente: lugar de la toma de muestras, fecha e informaci\u00f3n adicional. Una vez tomada la muestra, deben limpiarse a fondo las manos, los cuchillos y todo el equipo utilizado. Env\u00eda la bolsa de pl\u00e1stico con la muestra y todos los documentos necesarios bien embalados a <a href=\"https:\/\/www.gsa-ratingen.de\/en\/\">GSA Gesellschaft f\u00fcr Schadstoffanalytik<\/a>. Nuestros analistas realizar\u00e1n el an\u00e1lisis y discutir\u00e1n los resultados contigo.           <\/p>\n\n\n\n<p>Fuentes:<br>[1]: https:\/\/www.gsa-ratingen.de\/<br>[2]: https:\/\/blog.rathscheck.de\/asbest-messen-wie-funktioniert-das<br>[3]: https:\/\/blog.gsa-messgeraete.de\/asbest\/<\/p>\n\n\n\n<p><\/p>\n","protected":false},"excerpt":{"rendered":"<p>Como GSA Messger\u00e4tebau GmbH, ofrecemos mediciones precisas de fibras de amianto y su an\u00e1lisis para su determinaci\u00f3n. Siempre es aconsejable que el muestreo para la medici\u00f3n y el an\u00e1lisis del amianto lo realicen expertos. Nuestros t\u00e9cnicos de medici\u00f3n estar\u00e1n encantados de asesorarte en todas las cuestiones relacionadas con la toma de muestras y la posterior &#8230; <a title=\"Mediciones de fibras de amianto\" class=\"read-more\" href=\"https:\/\/blog.gsa-messgeraete.de\/es\/mediciones-de-fibras-de-amianto\/\" aria-label=\"Leer m\u00e1s sobre Mediciones de fibras de amianto\">Leer m\u00e1s<\/a><\/p>\n","protected":false},"author":2,"featured_media":13637,"comment_status":"closed","ping_status":"open","sticky":false,"template":"","format":"standard","meta":{"_exactmetrics_skip_tracking":false,"_exactmetrics_sitenote_active":false,"_exactmetrics_sitenote_note":"","_exactmetrics_sitenote_category":0,"footnotes":""},"categories":[1770],"tags":[2665,2667,2561,1642,2630,2664,1643,2668,2101,2564,2666,2566],"class_list":["post-13628","post","type-post","status-publish","format-standard","has-post-thumbnail","hentry","category-contaminantes","tag-amianto-en-el-hogar-es","tag-analisis-de-amianto","tag-analisis-de-fibras","tag-fibras-de-amianto","tag-gsa-ratingen-es","tag-laboratorio-de-pruebas-acreditado","tag-medicion-del-amianto","tag-medicion-del-amianto-y-analisis-del-amianto","tag-mediciones-de-fibra-es","tag-medir-el-amianto","tag-mide-tu-mismo-el-amianto","tag-muestra-solida-de-amianto"],"yoast_head":"<!-- This site is optimized with the Yoast SEO plugin v27.5 - https:\/\/yoast.com\/product\/yoast-seo-wordpress\/ -->\n<title>Mediciones de fibras de amianto - blog.gsa-messgeraete.de<\/title>\n<meta name=\"description\" content=\"Si se sospecha la presencia de amianto, debe realizarse un an\u00e1lisis profesional y utilizando los dispositivos de medici\u00f3n GSA.\" \/>\n<meta name=\"robots\" content=\"index, follow, max-snippet:-1, max-image-preview:large, max-video-preview:-1\" \/>\n<link rel=\"canonical\" href=\"https:\/\/blog.gsa-messgeraete.de\/es\/mediciones-de-fibras-de-amianto\/\" \/>\n<meta property=\"og:locale\" content=\"es_ES\" \/>\n<meta property=\"og:type\" content=\"article\" \/>\n<meta property=\"og:title\" content=\"Mediciones de fibras de amianto - blog.gsa-messgeraete.de\" \/>\n<meta property=\"og:description\" content=\"Si se sospecha la presencia de amianto, debe realizarse un an\u00e1lisis profesional y utilizando los dispositivos de medici\u00f3n GSA.\" \/>\n<meta property=\"og:url\" content=\"https:\/\/blog.gsa-messgeraete.de\/es\/mediciones-de-fibras-de-amianto\/\" \/>\n<meta property=\"og:site_name\" content=\"blog.gsa-messgeraete.de\" \/>\n<meta property=\"article:published_time\" content=\"2019-06-28T14:12:54+00:00\" \/>\n<meta property=\"article:modified_time\" content=\"2025-09-04T18:00:38+00:00\" \/>\n<meta property=\"og:image\" content=\"https:\/\/blog.gsa-messgeraete.de\/wp-content\/uploads\/2019\/06\/Medicion-de-amianto.jpg\" \/>\n\t<meta property=\"og:image:width\" content=\"600\" \/>\n\t<meta property=\"og:image:height\" content=\"450\" \/>\n\t<meta property=\"og:image:type\" content=\"image\/jpeg\" \/>\n<meta name=\"author\" content=\"s.abels\" \/>\n<meta name=\"twitter:card\" content=\"summary_large_image\" \/>\n<meta name=\"twitter:label1\" content=\"Escrito por\" \/>\n\t<meta name=\"twitter:data1\" content=\"s.abels\" \/>\n\t<meta name=\"twitter:label2\" content=\"Tiempo de lectura\" \/>\n\t<meta name=\"twitter:data2\" content=\"4 minutos\" \/>\n<script type=\"application\/ld+json\" class=\"yoast-schema-graph\">{\"@context\":\"https:\\\/\\\/schema.org\",\"@graph\":[{\"@type\":\"Article\",\"@id\":\"https:\\\/\\\/blog.gsa-messgeraete.de\\\/es\\\/mediciones-de-fibras-de-amianto\\\/#article\",\"isPartOf\":{\"@id\":\"https:\\\/\\\/blog.gsa-messgeraete.de\\\/es\\\/mediciones-de-fibras-de-amianto\\\/\"},\"author\":{\"name\":\"s.abels\",\"@id\":\"https:\\\/\\\/blog.gsa-messgeraete.de\\\/es\\\/#\\\/schema\\\/person\\\/c4e44d90595cffae6fdad967be126025\"},\"headline\":\"Mediciones de fibras de amianto\",\"datePublished\":\"2019-06-28T14:12:54+00:00\",\"dateModified\":\"2025-09-04T18:00:38+00:00\",\"mainEntityOfPage\":{\"@id\":\"https:\\\/\\\/blog.gsa-messgeraete.de\\\/es\\\/mediciones-de-fibras-de-amianto\\\/\"},\"wordCount\":642,\"publisher\":{\"@id\":\"https:\\\/\\\/blog.gsa-messgeraete.de\\\/es\\\/#organization\"},\"image\":{\"@id\":\"https:\\\/\\\/blog.gsa-messgeraete.de\\\/es\\\/mediciones-de-fibras-de-amianto\\\/#primaryimage\"},\"thumbnailUrl\":\"https:\\\/\\\/blog.gsa-messgeraete.de\\\/wp-content\\\/uploads\\\/2019\\\/06\\\/Medicion-de-amianto.jpg\",\"keywords\":[\"Amianto en el hogar\",\"An\u00e1lisis de amianto\",\"An\u00e1lisis de fibras\",\"Fibras de amianto\",\"GSA Ratingen\",\"Laboratorio de pruebas acreditado\",\"Medici\u00f3n del amianto\",\"Medici\u00f3n del amianto y an\u00e1lisis del amianto\",\"Mediciones de fibra\",\"Medir el amianto\",\"Mide t\u00fa mismo el amianto\",\"Muestra s\u00f3lida de amianto\"],\"articleSection\":[\"Contaminantes\"],\"inLanguage\":\"es\"},{\"@type\":\"WebPage\",\"@id\":\"https:\\\/\\\/blog.gsa-messgeraete.de\\\/es\\\/mediciones-de-fibras-de-amianto\\\/\",\"url\":\"https:\\\/\\\/blog.gsa-messgeraete.de\\\/es\\\/mediciones-de-fibras-de-amianto\\\/\",\"name\":\"Mediciones de fibras de amianto - blog.gsa-messgeraete.de\",\"isPartOf\":{\"@id\":\"https:\\\/\\\/blog.gsa-messgeraete.de\\\/es\\\/#website\"},\"primaryImageOfPage\":{\"@id\":\"https:\\\/\\\/blog.gsa-messgeraete.de\\\/es\\\/mediciones-de-fibras-de-amianto\\\/#primaryimage\"},\"image\":{\"@id\":\"https:\\\/\\\/blog.gsa-messgeraete.de\\\/es\\\/mediciones-de-fibras-de-amianto\\\/#primaryimage\"},\"thumbnailUrl\":\"https:\\\/\\\/blog.gsa-messgeraete.de\\\/wp-content\\\/uploads\\\/2019\\\/06\\\/Medicion-de-amianto.jpg\",\"datePublished\":\"2019-06-28T14:12:54+00:00\",\"dateModified\":\"2025-09-04T18:00:38+00:00\",\"description\":\"Si se sospecha la presencia de amianto, debe realizarse un an\u00e1lisis profesional y utilizando los dispositivos de medici\u00f3n GSA.\",\"breadcrumb\":{\"@id\":\"https:\\\/\\\/blog.gsa-messgeraete.de\\\/es\\\/mediciones-de-fibras-de-amianto\\\/#breadcrumb\"},\"inLanguage\":\"es\",\"potentialAction\":[{\"@type\":\"ReadAction\",\"target\":[\"https:\\\/\\\/blog.gsa-messgeraete.de\\\/es\\\/mediciones-de-fibras-de-amianto\\\/\"]}]},{\"@type\":\"ImageObject\",\"inLanguage\":\"es\",\"@id\":\"https:\\\/\\\/blog.gsa-messgeraete.de\\\/es\\\/mediciones-de-fibras-de-amianto\\\/#primaryimage\",\"url\":\"https:\\\/\\\/blog.gsa-messgeraete.de\\\/wp-content\\\/uploads\\\/2019\\\/06\\\/Medicion-de-amianto.jpg\",\"contentUrl\":\"https:\\\/\\\/blog.gsa-messgeraete.de\\\/wp-content\\\/uploads\\\/2019\\\/06\\\/Medicion-de-amianto.jpg\",\"width\":600,\"height\":450,\"caption\":\"Medici\u00f3n de amianto\"},{\"@type\":\"BreadcrumbList\",\"@id\":\"https:\\\/\\\/blog.gsa-messgeraete.de\\\/es\\\/mediciones-de-fibras-de-amianto\\\/#breadcrumb\",\"itemListElement\":[{\"@type\":\"ListItem\",\"position\":1,\"name\":\"Startseite\",\"item\":\"https:\\\/\\\/blog.gsa-messgeraete.de\\\/es\\\/\"},{\"@type\":\"ListItem\",\"position\":2,\"name\":\"Mediciones de fibras de amianto\"}]},{\"@type\":\"WebSite\",\"@id\":\"https:\\\/\\\/blog.gsa-messgeraete.de\\\/es\\\/#website\",\"url\":\"https:\\\/\\\/blog.gsa-messgeraete.de\\\/es\\\/\",\"name\":\"blog.gsa-messgeraete.de\",\"description\":\"\",\"publisher\":{\"@id\":\"https:\\\/\\\/blog.gsa-messgeraete.de\\\/es\\\/#organization\"},\"potentialAction\":[{\"@type\":\"SearchAction\",\"target\":{\"@type\":\"EntryPoint\",\"urlTemplate\":\"https:\\\/\\\/blog.gsa-messgeraete.de\\\/es\\\/?s={search_term_string}\"},\"query-input\":{\"@type\":\"PropertyValueSpecification\",\"valueRequired\":true,\"valueName\":\"search_term_string\"}}],\"inLanguage\":\"es\"},{\"@type\":\"Organization\",\"@id\":\"https:\\\/\\\/blog.gsa-messgeraete.de\\\/es\\\/#organization\",\"name\":\"GSA Messger\u00e4tebau GmbH\",\"url\":\"https:\\\/\\\/blog.gsa-messgeraete.de\\\/es\\\/\",\"logo\":{\"@type\":\"ImageObject\",\"inLanguage\":\"es\",\"@id\":\"https:\\\/\\\/blog.gsa-messgeraete.de\\\/es\\\/#\\\/schema\\\/logo\\\/image\\\/\",\"url\":\"https:\\\/\\\/blog.gsa-messgeraete.de\\\/wp-content\\\/uploads\\\/2016\\\/12\\\/cropped-Logo-GSA-Messgeraete-1.jpg\",\"contentUrl\":\"https:\\\/\\\/blog.gsa-messgeraete.de\\\/wp-content\\\/uploads\\\/2016\\\/12\\\/cropped-Logo-GSA-Messgeraete-1.jpg\",\"width\":350,\"height\":164,\"caption\":\"GSA Messger\u00e4tebau GmbH\"},\"image\":{\"@id\":\"https:\\\/\\\/blog.gsa-messgeraete.de\\\/es\\\/#\\\/schema\\\/logo\\\/image\\\/\"}},{\"@type\":\"Person\",\"@id\":\"https:\\\/\\\/blog.gsa-messgeraete.de\\\/es\\\/#\\\/schema\\\/person\\\/c4e44d90595cffae6fdad967be126025\",\"name\":\"s.abels\",\"image\":{\"@type\":\"ImageObject\",\"inLanguage\":\"es\",\"@id\":\"https:\\\/\\\/secure.gravatar.com\\\/avatar\\\/3b75cbec49bb628a867f2387e59f63a8a99603b88e4438bd7574e3945d52e43a?s=96&d=mm&r=g\",\"url\":\"https:\\\/\\\/secure.gravatar.com\\\/avatar\\\/3b75cbec49bb628a867f2387e59f63a8a99603b88e4438bd7574e3945d52e43a?s=96&d=mm&r=g\",\"contentUrl\":\"https:\\\/\\\/secure.gravatar.com\\\/avatar\\\/3b75cbec49bb628a867f2387e59f63a8a99603b88e4438bd7574e3945d52e43a?s=96&d=mm&r=g\",\"caption\":\"s.abels\"},\"url\":\"https:\\\/\\\/blog.gsa-messgeraete.de\\\/es\\\/author\\\/s-abels\\\/\"}]}<\/script>\n<!-- \/ Yoast SEO plugin. -->","yoast_head_json":{"title":"Mediciones de fibras de amianto - blog.gsa-messgeraete.de","description":"Si se sospecha la presencia de amianto, debe realizarse un an\u00e1lisis profesional y utilizando los dispositivos de medici\u00f3n GSA.","robots":{"index":"index","follow":"follow","max-snippet":"max-snippet:-1","max-image-preview":"max-image-preview:large","max-video-preview":"max-video-preview:-1"},"canonical":"https:\/\/blog.gsa-messgeraete.de\/es\/mediciones-de-fibras-de-amianto\/","og_locale":"es_ES","og_type":"article","og_title":"Mediciones de fibras de amianto - blog.gsa-messgeraete.de","og_description":"Si se sospecha la presencia de amianto, debe realizarse un an\u00e1lisis profesional y utilizando los dispositivos de medici\u00f3n GSA.","og_url":"https:\/\/blog.gsa-messgeraete.de\/es\/mediciones-de-fibras-de-amianto\/","og_site_name":"blog.gsa-messgeraete.de","article_published_time":"2019-06-28T14:12:54+00:00","article_modified_time":"2025-09-04T18:00:38+00:00","og_image":[{"width":600,"height":450,"url":"https:\/\/blog.gsa-messgeraete.de\/wp-content\/uploads\/2019\/06\/Medicion-de-amianto.jpg","type":"image\/jpeg"}],"author":"s.abels","twitter_card":"summary_large_image","twitter_misc":{"Escrito por":"s.abels","Tiempo de lectura":"4 minutos"},"schema":{"@context":"https:\/\/schema.org","@graph":[{"@type":"Article","@id":"https:\/\/blog.gsa-messgeraete.de\/es\/mediciones-de-fibras-de-amianto\/#article","isPartOf":{"@id":"https:\/\/blog.gsa-messgeraete.de\/es\/mediciones-de-fibras-de-amianto\/"},"author":{"name":"s.abels","@id":"https:\/\/blog.gsa-messgeraete.de\/es\/#\/schema\/person\/c4e44d90595cffae6fdad967be126025"},"headline":"Mediciones de fibras de amianto","datePublished":"2019-06-28T14:12:54+00:00","dateModified":"2025-09-04T18:00:38+00:00","mainEntityOfPage":{"@id":"https:\/\/blog.gsa-messgeraete.de\/es\/mediciones-de-fibras-de-amianto\/"},"wordCount":642,"publisher":{"@id":"https:\/\/blog.gsa-messgeraete.de\/es\/#organization"},"image":{"@id":"https:\/\/blog.gsa-messgeraete.de\/es\/mediciones-de-fibras-de-amianto\/#primaryimage"},"thumbnailUrl":"https:\/\/blog.gsa-messgeraete.de\/wp-content\/uploads\/2019\/06\/Medicion-de-amianto.jpg","keywords":["Amianto en el hogar","An\u00e1lisis de amianto","An\u00e1lisis de fibras","Fibras de amianto","GSA Ratingen","Laboratorio de pruebas acreditado","Medici\u00f3n del amianto","Medici\u00f3n del amianto y an\u00e1lisis del amianto","Mediciones de fibra","Medir el amianto","Mide t\u00fa mismo el amianto","Muestra s\u00f3lida de amianto"],"articleSection":["Contaminantes"],"inLanguage":"es"},{"@type":"WebPage","@id":"https:\/\/blog.gsa-messgeraete.de\/es\/mediciones-de-fibras-de-amianto\/","url":"https:\/\/blog.gsa-messgeraete.de\/es\/mediciones-de-fibras-de-amianto\/","name":"Mediciones de fibras de amianto - blog.gsa-messgeraete.de","isPartOf":{"@id":"https:\/\/blog.gsa-messgeraete.de\/es\/#website"},"primaryImageOfPage":{"@id":"https:\/\/blog.gsa-messgeraete.de\/es\/mediciones-de-fibras-de-amianto\/#primaryimage"},"image":{"@id":"https:\/\/blog.gsa-messgeraete.de\/es\/mediciones-de-fibras-de-amianto\/#primaryimage"},"thumbnailUrl":"https:\/\/blog.gsa-messgeraete.de\/wp-content\/uploads\/2019\/06\/Medicion-de-amianto.jpg","datePublished":"2019-06-28T14:12:54+00:00","dateModified":"2025-09-04T18:00:38+00:00","description":"Si se sospecha la presencia de amianto, debe realizarse un an\u00e1lisis profesional y utilizando los dispositivos de medici\u00f3n GSA.","breadcrumb":{"@id":"https:\/\/blog.gsa-messgeraete.de\/es\/mediciones-de-fibras-de-amianto\/#breadcrumb"},"inLanguage":"es","potentialAction":[{"@type":"ReadAction","target":["https:\/\/blog.gsa-messgeraete.de\/es\/mediciones-de-fibras-de-amianto\/"]}]},{"@type":"ImageObject","inLanguage":"es","@id":"https:\/\/blog.gsa-messgeraete.de\/es\/mediciones-de-fibras-de-amianto\/#primaryimage","url":"https:\/\/blog.gsa-messgeraete.de\/wp-content\/uploads\/2019\/06\/Medicion-de-amianto.jpg","contentUrl":"https:\/\/blog.gsa-messgeraete.de\/wp-content\/uploads\/2019\/06\/Medicion-de-amianto.jpg","width":600,"height":450,"caption":"Medici\u00f3n de amianto"},{"@type":"BreadcrumbList","@id":"https:\/\/blog.gsa-messgeraete.de\/es\/mediciones-de-fibras-de-amianto\/#breadcrumb","itemListElement":[{"@type":"ListItem","position":1,"name":"Startseite","item":"https:\/\/blog.gsa-messgeraete.de\/es\/"},{"@type":"ListItem","position":2,"name":"Mediciones de fibras de amianto"}]},{"@type":"WebSite","@id":"https:\/\/blog.gsa-messgeraete.de\/es\/#website","url":"https:\/\/blog.gsa-messgeraete.de\/es\/","name":"blog.gsa-messgeraete.de","description":"","publisher":{"@id":"https:\/\/blog.gsa-messgeraete.de\/es\/#organization"},"potentialAction":[{"@type":"SearchAction","target":{"@type":"EntryPoint","urlTemplate":"https:\/\/blog.gsa-messgeraete.de\/es\/?s={search_term_string}"},"query-input":{"@type":"PropertyValueSpecification","valueRequired":true,"valueName":"search_term_string"}}],"inLanguage":"es"},{"@type":"Organization","@id":"https:\/\/blog.gsa-messgeraete.de\/es\/#organization","name":"GSA Messger\u00e4tebau GmbH","url":"https:\/\/blog.gsa-messgeraete.de\/es\/","logo":{"@type":"ImageObject","inLanguage":"es","@id":"https:\/\/blog.gsa-messgeraete.de\/es\/#\/schema\/logo\/image\/","url":"https:\/\/blog.gsa-messgeraete.de\/wp-content\/uploads\/2016\/12\/cropped-Logo-GSA-Messgeraete-1.jpg","contentUrl":"https:\/\/blog.gsa-messgeraete.de\/wp-content\/uploads\/2016\/12\/cropped-Logo-GSA-Messgeraete-1.jpg","width":350,"height":164,"caption":"GSA Messger\u00e4tebau GmbH"},"image":{"@id":"https:\/\/blog.gsa-messgeraete.de\/es\/#\/schema\/logo\/image\/"}},{"@type":"Person","@id":"https:\/\/blog.gsa-messgeraete.de\/es\/#\/schema\/person\/c4e44d90595cffae6fdad967be126025","name":"s.abels","image":{"@type":"ImageObject","inLanguage":"es","@id":"https:\/\/secure.gravatar.com\/avatar\/3b75cbec49bb628a867f2387e59f63a8a99603b88e4438bd7574e3945d52e43a?s=96&d=mm&r=g","url":"https:\/\/secure.gravatar.com\/avatar\/3b75cbec49bb628a867f2387e59f63a8a99603b88e4438bd7574e3945d52e43a?s=96&d=mm&r=g","contentUrl":"https:\/\/secure.gravatar.com\/avatar\/3b75cbec49bb628a867f2387e59f63a8a99603b88e4438bd7574e3945d52e43a?s=96&d=mm&r=g","caption":"s.abels"},"url":"https:\/\/blog.gsa-messgeraete.de\/es\/author\/s-abels\/"}]}},"_links":{"self":[{"href":"https:\/\/blog.gsa-messgeraete.de\/es\/wp-json\/wp\/v2\/posts\/13628","targetHints":{"allow":["GET"]}}],"collection":[{"href":"https:\/\/blog.gsa-messgeraete.de\/es\/wp-json\/wp\/v2\/posts"}],"about":[{"href":"https:\/\/blog.gsa-messgeraete.de\/es\/wp-json\/wp\/v2\/types\/post"}],"author":[{"embeddable":true,"href":"https:\/\/blog.gsa-messgeraete.de\/es\/wp-json\/wp\/v2\/users\/2"}],"replies":[{"embeddable":true,"href":"https:\/\/blog.gsa-messgeraete.de\/es\/wp-json\/wp\/v2\/comments?post=13628"}],"version-history":[{"count":9,"href":"https:\/\/blog.gsa-messgeraete.de\/es\/wp-json\/wp\/v2\/posts\/13628\/revisions"}],"predecessor-version":[{"id":14122,"href":"https:\/\/blog.gsa-messgeraete.de\/es\/wp-json\/wp\/v2\/posts\/13628\/revisions\/14122"}],"wp:featuredmedia":[{"embeddable":true,"href":"https:\/\/blog.gsa-messgeraete.de\/es\/wp-json\/wp\/v2\/media\/13637"}],"wp:attachment":[{"href":"https:\/\/blog.gsa-messgeraete.de\/es\/wp-json\/wp\/v2\/media?parent=13628"}],"wp:term":[{"taxonomy":"category","embeddable":true,"href":"https:\/\/blog.gsa-messgeraete.de\/es\/wp-json\/wp\/v2\/categories?post=13628"},{"taxonomy":"post_tag","embeddable":true,"href":"https:\/\/blog.gsa-messgeraete.de\/es\/wp-json\/wp\/v2\/tags?post=13628"}],"curies":[{"name":"wp","href":"https:\/\/api.w.org\/{rel}","templated":true}]}}