{"id":17290,"date":"2026-04-27T17:06:53","date_gmt":"2026-04-27T15:06:53","guid":{"rendered":"https:\/\/blog.gsa-messgeraete.de\/28-de-abril-de-2026-dia-mundial-de-la-seguridad-y-la-salud-en-el-area-de-trabajo\/"},"modified":"2026-04-30T16:49:01","modified_gmt":"2026-04-30T14:49:01","slug":"28-de-abril-de-2026-dia-mundial-de-la-seguridad-y-la-salud-en-el-area-de-trabajo","status":"publish","type":"post","link":"https:\/\/blog.gsa-messgeraete.de\/es\/28-de-abril-de-2026-dia-mundial-de-la-seguridad-y-la-salud-en-el-area-de-trabajo\/","title":{"rendered":"28 de abril de 2026 &#8211; D\u00eda Mundial de la Seguridad y la Salud en el \u00c1rea de Trabajo"},"content":{"rendered":"\n<p><\/p>\n\n\n\n<p>La Organizaci\u00f3n Internacional del Trabajo (OIT) celebra <em>el D\u00eda Mundial de la Seguridad y la Salud en el Trabajo 2026 <\/em>bajo el lema \u00ab<strong>Garanticemos un entorno de trabajo psicosocial saludable<\/strong>\u00ab. Con ello se pone el foco en una cuesti\u00f3n que est\u00e1 adquiriendo cada vez m\u00e1s importancia en muchas empresas. El objetivo del D\u00eda Mundial 2026 es poner de relieve hasta qu\u00e9 punto el <em>estr\u00e9s<\/em>, las <em>exigencias excesivas<\/em> y los <em>conflictos<\/em> pueden tener un impacto negativo en la vida cotidiana, y llamar la atenci\u00f3n sobre por qu\u00e9 es tan importante el apoyo preventivo.<\/p>\n\n\n\n<!--more-->\n\n\n\n<p>Desde 2003, la OIT utiliza la <a href=\"https:\/\/blog.gsa-messgeraete.de\/es\/dia-mundial-de-la-seguridad-y-la-salud-en-el-area-de-trabajo\/\"><\/a><a href=\"https:\/\/blog.gsa-messgeraete.de\/es\/dia-mundial-de-la-seguridad-y-la-salud-en-el-area-de-trabajo\/\">D\u00eda Mundial de la Seguridad y la Salud en el \u00c1rea de Trabajo<\/a> para llamar la atenci\u00f3n sobre las condiciones de trabajo seguras y saludables en todo el mundo. Cada a\u00f1o, la <em>atenci\u00f3n se centra en un tema<\/em> diferente para ayudar a las empresas a seguir desarrollando su <em>cultura de seguridad y salud<\/em>. <br><br><\/p>\n\n\n\n<h2 class=\"wp-block-heading\">Lema de la Jornada Mundial 2026: Centrarse en las condiciones de trabajo psicosociales<\/h2>\n\n\n\n<p>El sitio <em><strong>entorno psicosocial de trabajo<\/strong> <\/em>se caracteriza por muchos factores, como estructuras claras, vol\u00famenes de trabajo adecuados, buena cooperaci\u00f3n, apoyo de los directivos y procesos claros. Si estas \u00e1reas no funcionan bien, esto puede afectar a la <em>salud y el rendimiento<\/em> <em>de los empleados<\/em>. El estr\u00e9s, el agotamiento o el burnout son consecuencias habituales, que tambi\u00e9n pueden repercutir en <em>la seguridad laboral<\/em>.  <br><br><br><\/p>\n\n\n\n<h2 class=\"wp-block-heading\">El mundo laboral moderno: muchos retos<\/h2>\n\n\n\n<p>El <em>mundo laboral moderno <\/em>conlleva <em>retos adicionales<\/em>: la <strong><em>digitalizaci\u00f3n<\/em>, los <em>nuevos modelos de trabajo<\/em> y la <em>creciente presi\u00f3n del tiempo<\/em><\/strong> est\u00e1n ejerciendo una mayor presi\u00f3n sobre muchos empleados. El creciente <em>estr\u00e9s psicol\u00f3gico y mental<\/em> se ha convertido en un riesgo para la salud. Por ejemplo, el aumento del estr\u00e9s tambi\u00e9n puede provocar enfermedades graves a largo plazo, como el agotamiento. Los sindicatos, como ver.di, se\u00f1alan que <em>los riesgos psicosociales<\/em> figuran ahora entre los <em>peligros m\u00e1s comunes<\/em> y deben tenerse m\u00e1s en cuenta en <em>las evaluaciones de riesgos<\/em>.   <\/p>\n\n\n\n<p>A menudo se subestiman los factores sociales y psicol\u00f3gicos en el \u00e1rea de trabajo. Sin embargo, el estr\u00e9s al que est\u00e1n expuestos los trabajadores pone en peligro tanto su salud como su seguridad. <br><\/p>\n\n\n\n<p><em>Factores de estr\u00e9s t\u00edpicos<\/em>:<\/p>\n\n\n\n<ul class=\"wp-block-list\">\n<li>Presi\u00f3n de trabajo<\/li>\n\n\n\n<li>Falta de apoyo<\/li>\n\n\n\n<li>Conflictos en el \u00e1rea de trabajo <\/li>\n\n\n\n<li>Funciones y responsabilidades poco claras<\/li>\n<\/ul>\n\n\n\n<p>Este estr\u00e9s puede provocar <em>errores,<\/em> <em>p\u00e9rdida de concentraci\u00f3n<\/em> y <em>problemas de salud<\/em>, por ejemplo. A largo plazo, pueden incluso favorecer enfermedades graves. Por tanto, es importante reconocer pronto las se\u00f1ales de alarma para minimizar los riesgos. Si persisten durante m\u00e1s tiempo, aumenta el riesgo de enfermedad grave.    <br><br><\/p>\n\n\n\n<h2 class=\"wp-block-heading\">Impulsos para la cultura de seguridad en las empresas<\/h2>\n\n\n\n<p><em>El D\u00eda Mundial de<\/em> <em>la Seguridad <\/em> <em>2026<\/em> ofrece a <em>las empresas<\/em> la oportunidad de<em> revisar<\/em> y seguir desarrollando su <em>cultura de la seguridad<\/em>. Los <em>puntos de partida <\/em>importantes son <\/p>\n\n\n\n<ul class=\"wp-block-list\">\n<li>Registrar sistem\u00e1ticamente los riesgos psicosociales: Encuestas a los empleados, comunicaci\u00f3n transparente, evaluaciones de riesgos<\/li>\n\n\n\n<li>Utilizaci\u00f3n de los resultados de la investigaci\u00f3n y la pr\u00e1ctica: Prevenci\u00f3n del estr\u00e9s, planificaci\u00f3n de turnos, dise\u00f1o ergon\u00f3mico de \u00e1reas de trabajo, salud y seguridad digital en el trabajo<\/li>\n\n\n\n<li>Cualificaci\u00f3n de los directivos: liderazgo apreciativo y solidario<\/li>\n\n\n\n<li>Implicar activamente a los trabajadores: m\u00e1s prevenci\u00f3n posible<\/li>\n\n\n\n<li>Dise\u00f1ar procesos digitales de forma segura: Aprovechar las oportunidades y reconocer antes los riesgos.<br><br><\/li>\n<\/ul>\n\n\n\n<p><\/p>\n\n\n\n<h2 class=\"wp-block-heading\">Seguridad laboral &#8211; Utilizaci\u00f3n de dispositivos de medici\u00f3n GSA<\/h2>\n\n\n\n<p>El uso de <em>dispositivos de medici\u00f3n GSA<\/em> puede ser \u00fatil para garantizar el cumplimiento de <em>los requisitos legales de salud y seguridad en el trabajo<\/em>. Seg\u00fan el modelo, son adecuados para mediciones m\u00f3viles o estacionarias. Puedes encontrar un <a href=\"https:\/\/www.gsa-messgeraete.de\/Sistemas-de-muestreo-en-comparacion\">resumen<\/a> de los dispositivos en nuestra <a href=\"https:\/\/www.gsa-messgeraete.de\/Pagina-de-inicio\">tienda online de dispositivos de medici\u00f3n<\/a>. Puedes utilizar las funciones de filtro para seleccionar los modelos adecuados para los distintos \u00e1mbitos de aplicaci\u00f3n y tipos de contaminantes. Nuestro personal experto estar\u00e1 encantado de asesorarte.    <br><br><\/p>\n\n\n\n<p><strong>Fuentes:<\/strong><\/p>\n\n\n\n<p>Fuente de la imagen: 123rf.com \u00a9 denayunebot, imagen n\u00ba 197803566<\/p>\n\n\n\n<p>www.arbeitsmarkt-und-sozialpolitik.verdi.de\/ueber-uns\/nachrichten\/++co++4f37ea9a-e51a-11ed-936f-001a4a160111<\/p>\n\n\n\n<p>www.bmz.de\/de\/service\/lexikon\/internationale-arbeitsorganisation-ilo-14538<\/p>\n\n\n\n<p>www.gesundheitsinformation.de\/was-ist-ein-burnout.html<\/p>\n\n\n\n<p>www.ilo.org\/topics-and-sectors\/safety-and-health-work\/world-day-safety-and-health-work-2026<\/p>\n\n\n\n<p>www.presseportal.de\/pm\/65320\/6242955<\/p>\n\n\n\n<p>www.un.org\/en\/observances\/work-safety-day<\/p>\n\n\n\n<p><\/p>\n","protected":false},"excerpt":{"rendered":"<p>La Organizaci\u00f3n Internacional del Trabajo (OIT) celebra el D\u00eda Mundial de la Seguridad y la Salud en el Trabajo 2026 bajo el lema \u00abGaranticemos un entorno de trabajo psicosocial saludable\u00ab. Con ello se pone el foco en una cuesti\u00f3n que est\u00e1 adquiriendo cada vez m\u00e1s importancia en muchas empresas. El objetivo del D\u00eda Mundial 2026 &#8230; <a title=\"28 de abril de 2026 &#8211; D\u00eda Mundial de la Seguridad y la Salud en el \u00c1rea de Trabajo\" class=\"read-more\" href=\"https:\/\/blog.gsa-messgeraete.de\/es\/28-de-abril-de-2026-dia-mundial-de-la-seguridad-y-la-salud-en-el-area-de-trabajo\/\" aria-label=\"Leer m\u00e1s sobre 28 de abril de 2026 &#8211; D\u00eda Mundial de la Seguridad y la Salud en el \u00c1rea de Trabajo\">Leer m\u00e1s<\/a><\/p>\n","protected":false},"author":3,"featured_media":17199,"comment_status":"closed","ping_status":"open","sticky":false,"template":"","format":"standard","meta":{"_exactmetrics_skip_tracking":false,"_exactmetrics_sitenote_active":false,"_exactmetrics_sitenote_note":"","_exactmetrics_sitenote_category":0,"footnotes":""},"categories":[1637,1770,1773,2111],"tags":[3962,3965,3964,2693,3967,3966,3963,2447],"class_list":["post-17290","post","type-post","status-publish","format-standard","has-post-thumbnail","hentry","category-aparatos-de-medicion","category-contaminantes","category-polvo","category-seguridad-laboral","tag-condiciones-psicosociales-de-trabajo","tag-cultura-de-seguridad-en-las-empresas","tag-entorno-de-trabajo","tag-oit","tag-organizacion-internacional-del-trabajo-oit","tag-proteccion-laboral","tag-quemado","tag-seguridad-laboral-es-2"],"yoast_head":"<!-- This site is optimized with the Yoast SEO plugin v27.5 - https:\/\/yoast.com\/product\/yoast-seo-wordpress\/ -->\n<title>28 de abril de 2026 - D\u00eda Mundial de la Seguridad y la Salud en el \u00c1rea de Trabajo - blog.gsa-messgeraete.de<\/title>\n<meta name=\"description\" content=\"La Organizaci\u00f3n Internacional del Trabajo (OIT) celebra el D\u00eda Mundial 28 de abril de 2026 bajo el lema: Por un entorno de trabajo psicosocial saludable.\" \/>\n<meta name=\"robots\" content=\"index, follow, max-snippet:-1, max-image-preview:large, max-video-preview:-1\" \/>\n<link rel=\"canonical\" href=\"https:\/\/blog.gsa-messgeraete.de\/es\/28-de-abril-de-2026-dia-mundial-de-la-seguridad-y-la-salud-en-el-area-de-trabajo\/\" \/>\n<meta property=\"og:locale\" content=\"es_ES\" \/>\n<meta property=\"og:type\" content=\"article\" \/>\n<meta property=\"og:title\" content=\"28 de abril de 2026 - D\u00eda Mundial de la Seguridad y la Salud en el \u00c1rea de Trabajo - blog.gsa-messgeraete.de\" \/>\n<meta property=\"og:description\" content=\"La Organizaci\u00f3n Internacional del Trabajo (OIT) celebra el D\u00eda Mundial 28 de abril de 2026 bajo el lema: Por un entorno de trabajo psicosocial saludable.\" \/>\n<meta property=\"og:url\" content=\"https:\/\/blog.gsa-messgeraete.de\/es\/28-de-abril-de-2026-dia-mundial-de-la-seguridad-y-la-salud-en-el-area-de-trabajo\/\" \/>\n<meta property=\"og:site_name\" content=\"blog.gsa-messgeraete.de\" \/>\n<meta property=\"article:published_time\" content=\"2026-04-27T15:06:53+00:00\" \/>\n<meta property=\"article:modified_time\" content=\"2026-04-30T14:49:01+00:00\" \/>\n<meta property=\"og:image\" content=\"https:\/\/blog.gsa-messgeraete.de\/wp-content\/uploads\/2026\/04\/World-Day-for-Safety-und-Health-.jpg\" \/>\n\t<meta property=\"og:image:width\" content=\"2441\" \/>\n\t<meta property=\"og:image:height\" content=\"1718\" \/>\n\t<meta property=\"og:image:type\" content=\"image\/jpeg\" \/>\n<meta name=\"author\" content=\"Cornelia Umland\" \/>\n<meta name=\"twitter:card\" content=\"summary_large_image\" \/>\n<meta name=\"twitter:creator\" content=\"@UmlandC\" \/>\n<meta name=\"twitter:label1\" content=\"Escrito por\" \/>\n\t<meta name=\"twitter:data1\" content=\"Cornelia Umland\" \/>\n\t<meta name=\"twitter:label2\" content=\"Tiempo de lectura\" \/>\n\t<meta name=\"twitter:data2\" content=\"4 minutos\" \/>\n<script type=\"application\/ld+json\" class=\"yoast-schema-graph\">{\"@context\":\"https:\\\/\\\/schema.org\",\"@graph\":[{\"@type\":\"Article\",\"@id\":\"https:\\\/\\\/blog.gsa-messgeraete.de\\\/es\\\/28-de-abril-de-2026-dia-mundial-de-la-seguridad-y-la-salud-en-el-area-de-trabajo\\\/#article\",\"isPartOf\":{\"@id\":\"https:\\\/\\\/blog.gsa-messgeraete.de\\\/es\\\/28-de-abril-de-2026-dia-mundial-de-la-seguridad-y-la-salud-en-el-area-de-trabajo\\\/\"},\"author\":{\"name\":\"Cornelia Umland\",\"@id\":\"https:\\\/\\\/blog.gsa-messgeraete.de\\\/es\\\/#\\\/schema\\\/person\\\/66e89e6575b5aa6008b4ea0acc5d38ed\"},\"headline\":\"28 de abril de 2026 &#8211; D\u00eda Mundial de la Seguridad y la Salud en el \u00c1rea de Trabajo\",\"datePublished\":\"2026-04-27T15:06:53+00:00\",\"dateModified\":\"2026-04-30T14:49:01+00:00\",\"mainEntityOfPage\":{\"@id\":\"https:\\\/\\\/blog.gsa-messgeraete.de\\\/es\\\/28-de-abril-de-2026-dia-mundial-de-la-seguridad-y-la-salud-en-el-area-de-trabajo\\\/\"},\"wordCount\":745,\"publisher\":{\"@id\":\"https:\\\/\\\/blog.gsa-messgeraete.de\\\/es\\\/#organization\"},\"image\":{\"@id\":\"https:\\\/\\\/blog.gsa-messgeraete.de\\\/es\\\/28-de-abril-de-2026-dia-mundial-de-la-seguridad-y-la-salud-en-el-area-de-trabajo\\\/#primaryimage\"},\"thumbnailUrl\":\"https:\\\/\\\/blog.gsa-messgeraete.de\\\/wp-content\\\/uploads\\\/2026\\\/04\\\/World-Day-for-Safety-und-Health-.jpg\",\"keywords\":[\"Condiciones psicosociales de trabajo\",\"Cultura de seguridad en las empresas\",\"Entorno de trabajo\",\"OIT\",\"Organizaci\u00f3n Internacional del Trabajo (OIT)\",\"Protecci\u00f3n laboral\",\"Quemado\",\"Seguridad laboral\"],\"articleSection\":[\"Aparatos de medici\u00f3n\",\"Contaminantes\",\"Polvo\",\"Seguridad laboral\"],\"inLanguage\":\"es\"},{\"@type\":\"WebPage\",\"@id\":\"https:\\\/\\\/blog.gsa-messgeraete.de\\\/es\\\/28-de-abril-de-2026-dia-mundial-de-la-seguridad-y-la-salud-en-el-area-de-trabajo\\\/\",\"url\":\"https:\\\/\\\/blog.gsa-messgeraete.de\\\/es\\\/28-de-abril-de-2026-dia-mundial-de-la-seguridad-y-la-salud-en-el-area-de-trabajo\\\/\",\"name\":\"28 de abril de 2026 - D\u00eda Mundial de la Seguridad y la Salud en el \u00c1rea de Trabajo - blog.gsa-messgeraete.de\",\"isPartOf\":{\"@id\":\"https:\\\/\\\/blog.gsa-messgeraete.de\\\/es\\\/#website\"},\"primaryImageOfPage\":{\"@id\":\"https:\\\/\\\/blog.gsa-messgeraete.de\\\/es\\\/28-de-abril-de-2026-dia-mundial-de-la-seguridad-y-la-salud-en-el-area-de-trabajo\\\/#primaryimage\"},\"image\":{\"@id\":\"https:\\\/\\\/blog.gsa-messgeraete.de\\\/es\\\/28-de-abril-de-2026-dia-mundial-de-la-seguridad-y-la-salud-en-el-area-de-trabajo\\\/#primaryimage\"},\"thumbnailUrl\":\"https:\\\/\\\/blog.gsa-messgeraete.de\\\/wp-content\\\/uploads\\\/2026\\\/04\\\/World-Day-for-Safety-und-Health-.jpg\",\"datePublished\":\"2026-04-27T15:06:53+00:00\",\"dateModified\":\"2026-04-30T14:49:01+00:00\",\"description\":\"La Organizaci\u00f3n Internacional del Trabajo (OIT) celebra el D\u00eda Mundial 28 de abril de 2026 bajo el lema: Por un entorno de trabajo psicosocial saludable.\",\"breadcrumb\":{\"@id\":\"https:\\\/\\\/blog.gsa-messgeraete.de\\\/es\\\/28-de-abril-de-2026-dia-mundial-de-la-seguridad-y-la-salud-en-el-area-de-trabajo\\\/#breadcrumb\"},\"inLanguage\":\"es\",\"potentialAction\":[{\"@type\":\"ReadAction\",\"target\":[\"https:\\\/\\\/blog.gsa-messgeraete.de\\\/es\\\/28-de-abril-de-2026-dia-mundial-de-la-seguridad-y-la-salud-en-el-area-de-trabajo\\\/\"]}]},{\"@type\":\"ImageObject\",\"inLanguage\":\"es\",\"@id\":\"https:\\\/\\\/blog.gsa-messgeraete.de\\\/es\\\/28-de-abril-de-2026-dia-mundial-de-la-seguridad-y-la-salud-en-el-area-de-trabajo\\\/#primaryimage\",\"url\":\"https:\\\/\\\/blog.gsa-messgeraete.de\\\/wp-content\\\/uploads\\\/2026\\\/04\\\/World-Day-for-Safety-und-Health-.jpg\",\"contentUrl\":\"https:\\\/\\\/blog.gsa-messgeraete.de\\\/wp-content\\\/uploads\\\/2026\\\/04\\\/World-Day-for-Safety-und-Health-.jpg\",\"width\":2441,\"height\":1718,\"caption\":\"World Day Of Safety and Health at Work\"},{\"@type\":\"BreadcrumbList\",\"@id\":\"https:\\\/\\\/blog.gsa-messgeraete.de\\\/es\\\/28-de-abril-de-2026-dia-mundial-de-la-seguridad-y-la-salud-en-el-area-de-trabajo\\\/#breadcrumb\",\"itemListElement\":[{\"@type\":\"ListItem\",\"position\":1,\"name\":\"Startseite\",\"item\":\"https:\\\/\\\/blog.gsa-messgeraete.de\\\/es\\\/\"},{\"@type\":\"ListItem\",\"position\":2,\"name\":\"28 de abril de 2026 &#8211; D\u00eda Mundial de la Seguridad y la Salud en el \u00c1rea de Trabajo\"}]},{\"@type\":\"WebSite\",\"@id\":\"https:\\\/\\\/blog.gsa-messgeraete.de\\\/es\\\/#website\",\"url\":\"https:\\\/\\\/blog.gsa-messgeraete.de\\\/es\\\/\",\"name\":\"blog.gsa-messgeraete.de\",\"description\":\"\",\"publisher\":{\"@id\":\"https:\\\/\\\/blog.gsa-messgeraete.de\\\/es\\\/#organization\"},\"potentialAction\":[{\"@type\":\"SearchAction\",\"target\":{\"@type\":\"EntryPoint\",\"urlTemplate\":\"https:\\\/\\\/blog.gsa-messgeraete.de\\\/es\\\/?s={search_term_string}\"},\"query-input\":{\"@type\":\"PropertyValueSpecification\",\"valueRequired\":true,\"valueName\":\"search_term_string\"}}],\"inLanguage\":\"es\"},{\"@type\":\"Organization\",\"@id\":\"https:\\\/\\\/blog.gsa-messgeraete.de\\\/es\\\/#organization\",\"name\":\"GSA Messger\u00e4tebau GmbH\",\"url\":\"https:\\\/\\\/blog.gsa-messgeraete.de\\\/es\\\/\",\"logo\":{\"@type\":\"ImageObject\",\"inLanguage\":\"es\",\"@id\":\"https:\\\/\\\/blog.gsa-messgeraete.de\\\/es\\\/#\\\/schema\\\/logo\\\/image\\\/\",\"url\":\"https:\\\/\\\/blog.gsa-messgeraete.de\\\/wp-content\\\/uploads\\\/2016\\\/12\\\/cropped-Logo-GSA-Messgeraete-1.jpg\",\"contentUrl\":\"https:\\\/\\\/blog.gsa-messgeraete.de\\\/wp-content\\\/uploads\\\/2016\\\/12\\\/cropped-Logo-GSA-Messgeraete-1.jpg\",\"width\":350,\"height\":164,\"caption\":\"GSA Messger\u00e4tebau GmbH\"},\"image\":{\"@id\":\"https:\\\/\\\/blog.gsa-messgeraete.de\\\/es\\\/#\\\/schema\\\/logo\\\/image\\\/\"}},{\"@type\":\"Person\",\"@id\":\"https:\\\/\\\/blog.gsa-messgeraete.de\\\/es\\\/#\\\/schema\\\/person\\\/66e89e6575b5aa6008b4ea0acc5d38ed\",\"name\":\"Cornelia Umland\",\"image\":{\"@type\":\"ImageObject\",\"inLanguage\":\"es\",\"@id\":\"https:\\\/\\\/secure.gravatar.com\\\/avatar\\\/311de0177214f59652729d2b4d5d895fe80bb802ddc18b84ebfe9a2c8edeceb9?s=96&d=mm&r=g\",\"url\":\"https:\\\/\\\/secure.gravatar.com\\\/avatar\\\/311de0177214f59652729d2b4d5d895fe80bb802ddc18b84ebfe9a2c8edeceb9?s=96&d=mm&r=g\",\"contentUrl\":\"https:\\\/\\\/secure.gravatar.com\\\/avatar\\\/311de0177214f59652729d2b4d5d895fe80bb802ddc18b84ebfe9a2c8edeceb9?s=96&d=mm&r=g\",\"caption\":\"Cornelia Umland\"},\"sameAs\":[\"https:\\\/\\\/x.com\\\/UmlandC\"],\"url\":\"https:\\\/\\\/blog.gsa-messgeraete.de\\\/es\\\/author\\\/cn-umland\\\/\"}]}<\/script>\n<!-- \/ Yoast SEO plugin. -->","yoast_head_json":{"title":"28 de abril de 2026 - D\u00eda Mundial de la Seguridad y la Salud en el \u00c1rea de Trabajo - blog.gsa-messgeraete.de","description":"La Organizaci\u00f3n Internacional del Trabajo (OIT) celebra el D\u00eda Mundial 28 de abril de 2026 bajo el lema: Por un entorno de trabajo psicosocial saludable.","robots":{"index":"index","follow":"follow","max-snippet":"max-snippet:-1","max-image-preview":"max-image-preview:large","max-video-preview":"max-video-preview:-1"},"canonical":"https:\/\/blog.gsa-messgeraete.de\/es\/28-de-abril-de-2026-dia-mundial-de-la-seguridad-y-la-salud-en-el-area-de-trabajo\/","og_locale":"es_ES","og_type":"article","og_title":"28 de abril de 2026 - D\u00eda Mundial de la Seguridad y la Salud en el \u00c1rea de Trabajo - blog.gsa-messgeraete.de","og_description":"La Organizaci\u00f3n Internacional del Trabajo (OIT) celebra el D\u00eda Mundial 28 de abril de 2026 bajo el lema: Por un entorno de trabajo psicosocial saludable.","og_url":"https:\/\/blog.gsa-messgeraete.de\/es\/28-de-abril-de-2026-dia-mundial-de-la-seguridad-y-la-salud-en-el-area-de-trabajo\/","og_site_name":"blog.gsa-messgeraete.de","article_published_time":"2026-04-27T15:06:53+00:00","article_modified_time":"2026-04-30T14:49:01+00:00","og_image":[{"width":2441,"height":1718,"url":"https:\/\/blog.gsa-messgeraete.de\/wp-content\/uploads\/2026\/04\/World-Day-for-Safety-und-Health-.jpg","type":"image\/jpeg"}],"author":"Cornelia Umland","twitter_card":"summary_large_image","twitter_creator":"@UmlandC","twitter_misc":{"Escrito por":"Cornelia Umland","Tiempo de lectura":"4 minutos"},"schema":{"@context":"https:\/\/schema.org","@graph":[{"@type":"Article","@id":"https:\/\/blog.gsa-messgeraete.de\/es\/28-de-abril-de-2026-dia-mundial-de-la-seguridad-y-la-salud-en-el-area-de-trabajo\/#article","isPartOf":{"@id":"https:\/\/blog.gsa-messgeraete.de\/es\/28-de-abril-de-2026-dia-mundial-de-la-seguridad-y-la-salud-en-el-area-de-trabajo\/"},"author":{"name":"Cornelia Umland","@id":"https:\/\/blog.gsa-messgeraete.de\/es\/#\/schema\/person\/66e89e6575b5aa6008b4ea0acc5d38ed"},"headline":"28 de abril de 2026 &#8211; D\u00eda Mundial de la Seguridad y la Salud en el \u00c1rea de Trabajo","datePublished":"2026-04-27T15:06:53+00:00","dateModified":"2026-04-30T14:49:01+00:00","mainEntityOfPage":{"@id":"https:\/\/blog.gsa-messgeraete.de\/es\/28-de-abril-de-2026-dia-mundial-de-la-seguridad-y-la-salud-en-el-area-de-trabajo\/"},"wordCount":745,"publisher":{"@id":"https:\/\/blog.gsa-messgeraete.de\/es\/#organization"},"image":{"@id":"https:\/\/blog.gsa-messgeraete.de\/es\/28-de-abril-de-2026-dia-mundial-de-la-seguridad-y-la-salud-en-el-area-de-trabajo\/#primaryimage"},"thumbnailUrl":"https:\/\/blog.gsa-messgeraete.de\/wp-content\/uploads\/2026\/04\/World-Day-for-Safety-und-Health-.jpg","keywords":["Condiciones psicosociales de trabajo","Cultura de seguridad en las empresas","Entorno de trabajo","OIT","Organizaci\u00f3n Internacional del Trabajo (OIT)","Protecci\u00f3n laboral","Quemado","Seguridad laboral"],"articleSection":["Aparatos de medici\u00f3n","Contaminantes","Polvo","Seguridad laboral"],"inLanguage":"es"},{"@type":"WebPage","@id":"https:\/\/blog.gsa-messgeraete.de\/es\/28-de-abril-de-2026-dia-mundial-de-la-seguridad-y-la-salud-en-el-area-de-trabajo\/","url":"https:\/\/blog.gsa-messgeraete.de\/es\/28-de-abril-de-2026-dia-mundial-de-la-seguridad-y-la-salud-en-el-area-de-trabajo\/","name":"28 de abril de 2026 - D\u00eda Mundial de la Seguridad y la Salud en el \u00c1rea de Trabajo - blog.gsa-messgeraete.de","isPartOf":{"@id":"https:\/\/blog.gsa-messgeraete.de\/es\/#website"},"primaryImageOfPage":{"@id":"https:\/\/blog.gsa-messgeraete.de\/es\/28-de-abril-de-2026-dia-mundial-de-la-seguridad-y-la-salud-en-el-area-de-trabajo\/#primaryimage"},"image":{"@id":"https:\/\/blog.gsa-messgeraete.de\/es\/28-de-abril-de-2026-dia-mundial-de-la-seguridad-y-la-salud-en-el-area-de-trabajo\/#primaryimage"},"thumbnailUrl":"https:\/\/blog.gsa-messgeraete.de\/wp-content\/uploads\/2026\/04\/World-Day-for-Safety-und-Health-.jpg","datePublished":"2026-04-27T15:06:53+00:00","dateModified":"2026-04-30T14:49:01+00:00","description":"La Organizaci\u00f3n Internacional del Trabajo (OIT) celebra el D\u00eda Mundial 28 de abril de 2026 bajo el lema: Por un entorno de trabajo psicosocial saludable.","breadcrumb":{"@id":"https:\/\/blog.gsa-messgeraete.de\/es\/28-de-abril-de-2026-dia-mundial-de-la-seguridad-y-la-salud-en-el-area-de-trabajo\/#breadcrumb"},"inLanguage":"es","potentialAction":[{"@type":"ReadAction","target":["https:\/\/blog.gsa-messgeraete.de\/es\/28-de-abril-de-2026-dia-mundial-de-la-seguridad-y-la-salud-en-el-area-de-trabajo\/"]}]},{"@type":"ImageObject","inLanguage":"es","@id":"https:\/\/blog.gsa-messgeraete.de\/es\/28-de-abril-de-2026-dia-mundial-de-la-seguridad-y-la-salud-en-el-area-de-trabajo\/#primaryimage","url":"https:\/\/blog.gsa-messgeraete.de\/wp-content\/uploads\/2026\/04\/World-Day-for-Safety-und-Health-.jpg","contentUrl":"https:\/\/blog.gsa-messgeraete.de\/wp-content\/uploads\/2026\/04\/World-Day-for-Safety-und-Health-.jpg","width":2441,"height":1718,"caption":"World Day Of Safety and Health at Work"},{"@type":"BreadcrumbList","@id":"https:\/\/blog.gsa-messgeraete.de\/es\/28-de-abril-de-2026-dia-mundial-de-la-seguridad-y-la-salud-en-el-area-de-trabajo\/#breadcrumb","itemListElement":[{"@type":"ListItem","position":1,"name":"Startseite","item":"https:\/\/blog.gsa-messgeraete.de\/es\/"},{"@type":"ListItem","position":2,"name":"28 de abril de 2026 &#8211; D\u00eda Mundial de la Seguridad y la Salud en el \u00c1rea de Trabajo"}]},{"@type":"WebSite","@id":"https:\/\/blog.gsa-messgeraete.de\/es\/#website","url":"https:\/\/blog.gsa-messgeraete.de\/es\/","name":"blog.gsa-messgeraete.de","description":"","publisher":{"@id":"https:\/\/blog.gsa-messgeraete.de\/es\/#organization"},"potentialAction":[{"@type":"SearchAction","target":{"@type":"EntryPoint","urlTemplate":"https:\/\/blog.gsa-messgeraete.de\/es\/?s={search_term_string}"},"query-input":{"@type":"PropertyValueSpecification","valueRequired":true,"valueName":"search_term_string"}}],"inLanguage":"es"},{"@type":"Organization","@id":"https:\/\/blog.gsa-messgeraete.de\/es\/#organization","name":"GSA Messger\u00e4tebau GmbH","url":"https:\/\/blog.gsa-messgeraete.de\/es\/","logo":{"@type":"ImageObject","inLanguage":"es","@id":"https:\/\/blog.gsa-messgeraete.de\/es\/#\/schema\/logo\/image\/","url":"https:\/\/blog.gsa-messgeraete.de\/wp-content\/uploads\/2016\/12\/cropped-Logo-GSA-Messgeraete-1.jpg","contentUrl":"https:\/\/blog.gsa-messgeraete.de\/wp-content\/uploads\/2016\/12\/cropped-Logo-GSA-Messgeraete-1.jpg","width":350,"height":164,"caption":"GSA Messger\u00e4tebau GmbH"},"image":{"@id":"https:\/\/blog.gsa-messgeraete.de\/es\/#\/schema\/logo\/image\/"}},{"@type":"Person","@id":"https:\/\/blog.gsa-messgeraete.de\/es\/#\/schema\/person\/66e89e6575b5aa6008b4ea0acc5d38ed","name":"Cornelia Umland","image":{"@type":"ImageObject","inLanguage":"es","@id":"https:\/\/secure.gravatar.com\/avatar\/311de0177214f59652729d2b4d5d895fe80bb802ddc18b84ebfe9a2c8edeceb9?s=96&d=mm&r=g","url":"https:\/\/secure.gravatar.com\/avatar\/311de0177214f59652729d2b4d5d895fe80bb802ddc18b84ebfe9a2c8edeceb9?s=96&d=mm&r=g","contentUrl":"https:\/\/secure.gravatar.com\/avatar\/311de0177214f59652729d2b4d5d895fe80bb802ddc18b84ebfe9a2c8edeceb9?s=96&d=mm&r=g","caption":"Cornelia Umland"},"sameAs":["https:\/\/x.com\/UmlandC"],"url":"https:\/\/blog.gsa-messgeraete.de\/es\/author\/cn-umland\/"}]}},"_links":{"self":[{"href":"https:\/\/blog.gsa-messgeraete.de\/es\/wp-json\/wp\/v2\/posts\/17290","targetHints":{"allow":["GET"]}}],"collection":[{"href":"https:\/\/blog.gsa-messgeraete.de\/es\/wp-json\/wp\/v2\/posts"}],"about":[{"href":"https:\/\/blog.gsa-messgeraete.de\/es\/wp-json\/wp\/v2\/types\/post"}],"author":[{"embeddable":true,"href":"https:\/\/blog.gsa-messgeraete.de\/es\/wp-json\/wp\/v2\/users\/3"}],"replies":[{"embeddable":true,"href":"https:\/\/blog.gsa-messgeraete.de\/es\/wp-json\/wp\/v2\/comments?post=17290"}],"version-history":[{"count":7,"href":"https:\/\/blog.gsa-messgeraete.de\/es\/wp-json\/wp\/v2\/posts\/17290\/revisions"}],"predecessor-version":[{"id":17309,"href":"https:\/\/blog.gsa-messgeraete.de\/es\/wp-json\/wp\/v2\/posts\/17290\/revisions\/17309"}],"wp:featuredmedia":[{"embeddable":true,"href":"https:\/\/blog.gsa-messgeraete.de\/es\/wp-json\/wp\/v2\/media\/17199"}],"wp:attachment":[{"href":"https:\/\/blog.gsa-messgeraete.de\/es\/wp-json\/wp\/v2\/media?parent=17290"}],"wp:term":[{"taxonomy":"category","embeddable":true,"href":"https:\/\/blog.gsa-messgeraete.de\/es\/wp-json\/wp\/v2\/categories?post=17290"},{"taxonomy":"post_tag","embeddable":true,"href":"https:\/\/blog.gsa-messgeraete.de\/es\/wp-json\/wp\/v2\/tags?post=17290"}],"curies":[{"name":"wp","href":"https:\/\/api.w.org\/{rel}","templated":true}]}}