{"id":14596,"date":"2025-05-27T14:32:23","date_gmt":"2025-05-27T12:32:23","guid":{"rendered":"https:\/\/blog.gsa-messgeraete.de\/les-poussieres-fines-un-risque-pour-les-performances-cognitives-et-la-demence\/"},"modified":"2026-03-07T11:52:43","modified_gmt":"2026-03-07T10:52:43","slug":"les-poussieres-fines-un-risque-pour-les-performances-cognitives-et-la-demence","status":"publish","type":"post","link":"https:\/\/blog.gsa-messgeraete.de\/fr\/les-poussieres-fines-un-risque-pour-les-performances-cognitives-et-la-demence\/","title":{"rendered":"Les poussi\u00e8res fines: un risque pour les performances cognitives et la d\u00e9mence"},"content":{"rendered":"\n<p>Il est bien connu que <em>les poussi\u00e8res fines<\/em> provoquent surtout <em>des maladies respiratoires<\/em> et peuvent fortement solliciter le <em>syst\u00e8me cardio-vasculaire<\/em>. Selon les \u00e9tudes les plus r\u00e9centes, les poussi\u00e8res fines, comme les gaz d&rsquo;\u00e9chappement, peuvent m\u00eame atteindre le cerveau. Les <g id=\"gid_3\">performances intellectuelles <\/g>peuvent ainsi \u00eatre affect\u00e9es \u00e0 court terme. En outre, on soup\u00e7onne ces minuscules particules de provoquer \u00e0 long terme de graves <em>maladies c\u00e9r\u00e9brales<\/em> telles que la d\u00e9mence.   <\/p>\n\n\n\n<!--more-->\n\n\n\n<h2 class=\"wp-block-heading\"><br>Poussi\u00e8res fines<\/h2>\n\n\n\n<p><\/p>\n\n\n\n<p>Les <a href=\"https:\/\/blog.gsa-messgeraete.de\/fr\/pollution-par-les-particules-fines-due-au-brulage\/\">poussi\u00e8res fines<\/a> (PM10) regroupent les poussi\u00e8res dont la <em>taille des grains est inf\u00e9rieure \u00e0 dix<\/em> <em>microns<\/em>. <em>Les particules (ultra) fines<\/em>, dont <em>le diam\u00e8tre a\u00e9rodynamique est inf\u00e9rieur \u00e0 2,5 microm\u00e8tres (PM2,5)<\/em>, sont particuli\u00e8rement dangereuses pour la sant\u00e9. Elles peuvent p\u00e9n\u00e9trer dans les plus fines ramifications du tissu pulmonaire jusqu&rsquo;au syst\u00e8me lymphatique et sanguin. D&rsquo;autres substances peuvent \u00e9galement s&rsquo;y fixer, dont les compos\u00e9s chimiques peuvent \u00eatre canc\u00e9rig\u00e8nes. Ces polluants proviennent principalement des <em>gaz d&rsquo;\u00e9chappement<\/em> du trafic routier des moteurs \u00e0 combustion, du <a href=\"https:\/\/blog.gsa-messgeraete.de\/fr\/polluants-atmospheriques-dans-les-petites-installations-de-combustion\/\">chauffage<\/a>, des centrales \u00e9lectriques au charbon et de l&rsquo;industrie.<\/p>\n\n\n\n<p><br>Ces derni\u00e8res ann\u00e9es, des recherches ont \u00e9t\u00e9 men\u00e9es pour d\u00e9terminer dans quelle mesure ces minuscules particules peuvent \u00e9galement affecter les capacit\u00e9s de r\u00e9flexion du cerveau et \u00eatre \u00e0 l&rsquo;origine de maladies c\u00e9r\u00e9brales. Si ces effets n\u00e9gatifs sont prouv\u00e9s par d&rsquo;autres \u00e9tudes, les particules sont encore plus dangereuses pour la sant\u00e9 que ce que l&rsquo;on pensait jusqu&rsquo;\u00e0 pr\u00e9sent. <\/p>\n\n\n\n<p><br><\/p>\n\n\n\n<h2 class=\"wp-block-heading\">\u00c9tude germano-n\u00e9erlandaise sur les performances intellectuelles<\/h2>\n\n\n\n<p><em>Des \u00e9quipes de chercheurs de l&rsquo;Universit\u00e9 de Rostock<\/em> (Benjamin Aretz et le Professeur Gabriele Doblhammer) et de l&rsquo;Universit\u00e9 de Groningen, en collaboration avec le Centre allemand des maladies neurod\u00e9g\u00e9n\u00e9ratives (DZNE), ont men\u00e9 une <em>\u00e9tude \u00e0 long terme<\/em> aux Pays-Bas sur la pollution atmosph\u00e9rique par les poussi\u00e8res fines. L&rsquo;\u00e9tude s&rsquo;est particuli\u00e8rement int\u00e9ress\u00e9e \u00e0 la question de savoir si m\u00eame <em>une faible exposition \u00e0 des particules ultrafines de poussi\u00e8res fines<\/em> pouvait <em>avoir un impact sur les performances c\u00e9r\u00e9brales<\/em>. Il s&rsquo;agit de l&rsquo;une des rares \u00e9tudes \u00e0 avoir d\u00e9montr\u00e9 les effets des poussi\u00e8res fines sur les performances intellectuelles.  <\/p>\n\n\n\n<p><\/p>\n\n\n\n<h3 class=\"wp-block-heading\"><strong>\u00c9tude \u00e0 long terme sur 50.000 personnes aux Pays-Bas<\/strong><\/h3>\n\n\n\n<p>L&rsquo;\u00e9tude \u00e0 long terme de l&rsquo;\u00e9quipe germano-n\u00e9erlandaise a analys\u00e9 les <em>donn\u00e9es d&rsquo;environ 50.000 adultes de trois provinces du nord des Pays-Bas<\/em> o\u00f9 la pollution atmosph\u00e9rique est g\u00e9n\u00e9ralement tr\u00e8s faible. Au cours de cette \u00e9tude d&rsquo;une dizaine d&rsquo;ann\u00e9es, les chercheurs ont analys\u00e9 la fonction pulmonaire et la capacit\u00e9 de r\u00e9flexion des participants. Ils ont \u00e9galement mis en relation les r\u00e9sultats de cette \u00e9tude avec leur sexe et leur \u00e2ge, leurs ant\u00e9c\u00e9dents m\u00e9dicaux et leurs revenus.  <\/p>\n\n\n\n<p><br><\/p>\n\n\n\n<h3 class=\"wp-block-heading\"><strong>R\u00e9sultat de l&rsquo;\u00e9tude de l&rsquo;\u00e9quipe de recherche germano-n\u00e9erlandaise<\/strong><\/h3>\n\n\n\n<p>Le r\u00e9sultat de l&rsquo;\u00e9tude de la recherche commune a confirm\u00e9 l&rsquo;hypoth\u00e8se selon laquelle <em>les poussi\u00e8res fines<\/em> peuvent non seulement \u00eatre absorb\u00e9es dans le corps humain par les <em>poumons <\/em>et le <em>nerf olfactif<\/em>, mais aussi p\u00e9n\u00e9trer dans le <strong>syst\u00e8me nerveux central<\/strong> par la <strong>circulation sanguine<\/strong>. Dans ce cas, la <em>barri\u00e8re h\u00e9mato-enc\u00e9phalique<\/em>, qui devrait prot\u00e9ger le cerveau, est m\u00eame franchie, de sorte que les <strong>poussi\u00e8res fines peuvent fortement r\u00e9duire les performances intellectuelles<\/strong>. Les <em>poussi\u00e8res ultrafines<\/em> de moins de 0,01 microm\u00e8tre peuvent p\u00e9n\u00e9trer dans le sang et le syst\u00e8me nerveux central \u00e0 partir des poumons et provoquer des inflammations, ce qui constitue un risque potentiel de maladies telles que la maladie d&rsquo;Alzheimer et la maladie de Parkinson.  <\/p>\n\n\n\n<p><\/p>\n\n\n\n<p>Dans les <em>zones n\u00e9erlandaises de l&rsquo;\u00e9tude \u00e0 long terme<\/em>, la <em>concentration moyenne de particules fines \u00e9tait de 15 microgrammes de PM2.5 par m\u00e8tre cube d&rsquo;air,<\/em> ce qui est nettement inf\u00e9rieur aux valeurs limites europ\u00e9ennes de 25 microgrammes de PM2.5 par m\u00e8tre cube d&rsquo;air. Il a \u00e9t\u00e9 d\u00e9montr\u00e9 que <em>dix microgrammes de particules fines en plus<\/em>, c&rsquo;est-\u00e0-dire une <em>d\u00e9t\u00e9rioration de l&rsquo;air<\/em> avec des poussi\u00e8res fines, peuvent d\u00e9j\u00e0 provoquer un <em>traitement c\u00e9r\u00e9bral 20 % plus lent<\/em> comme mesure de la performance. <strong>Les particules de poussi\u00e8re ultrafines <\/strong>d&rsquo;un diam\u00e8tre inf\u00e9rieur \u00e0 2,5 microm\u00e8tres peuvent donc <strong>avoir un impact consid\u00e9rable sur la capacit\u00e9 de r\u00e9flexion<\/strong>. <\/p>\n\n\n\n<p><br><\/p>\n\n\n\n<h2 class=\"wp-block-heading\">Diminution des performances intellectuelles<\/h2>\n\n\n\n<p>L&rsquo;<em>air charg\u00e9 de poussi\u00e8res fines<\/em> a entra\u00een\u00e9 une baisse des <em>performances intellectuelles<\/em>. Des probl\u00e8mes \u00e0 court terme ou \u00e0 long terme peuvent survenir. <\/p>\n\n\n\n<p>Ces <strong>probl\u00e8mes de sant\u00e9<\/strong> comprennent notamment:<\/p>\n\n\n\n<ul class=\"wp-block-list\">\n<li>attention r\u00e9duite<\/li>\n\n\n\n<li>probl\u00e8mes de concentration<\/li>\n\n\n\n<li>probl\u00e8mes d&rsquo;orientation<\/li>\n\n\n\n<li>troubles de la parole<\/li>\n\n\n\n<li>perte de m\u00e9moire<\/li>\n\n\n\n<li>augmentation des oublis<\/li>\n<\/ul>\n\n\n\n<h2 class=\"wp-block-heading\"><br>Les poussi\u00e8res fines nuisent aux capacit\u00e9s intellectuelles des enfants<\/h2>\n\n\n\n<p><em>Des chercheurs de Barcelone et de Rotterdam<\/em> ont pu d\u00e9montrer par leurs <em>\u00e9tudes <\/em>que les effets des poussi\u00e8res fines peuvent d\u00e9j\u00e0 avoir une influence n\u00e9gative sur les performances cognitives ult\u00e9rieures des enfants.<\/p>\n\n\n\n<p><em>Les enfants<\/em>, dont les m\u00e8res vivaient dans des quartiers tr\u00e8s pollu\u00e9s de Rotterdam pendant leur grossesse ont \u00e9t\u00e9 <em>\u00e9valu\u00e9s sur leurs performances<\/em> <em>cognitives<\/em> \u00e0 l&rsquo;\u00e2ge de 6 \u00e0 10 ans. Avec une moyenne de plus de 20 microgrammes de poussi\u00e8res fines par m\u00e8tre cube d&rsquo;air, les enfants pr\u00e9sentaient <em>un cortex plus fin dans certaines zones de leur cerveau<\/em>. Cette \u00e9volution \u00e9tait ind\u00e9pendante des conditions socio-\u00e9conomiques ou d&rsquo;autres influences. Les niveaux \u00e9lev\u00e9s de pollution de l&rsquo;air pendant la <em>grossesse<\/em> peuvent d\u00e9j\u00e0 avoir un impact important sur le d\u00e9veloppement ult\u00e9rieur de l&rsquo;enfant et affecter leurs <em>futures performances cognitives<\/em>.<\/p>\n\n\n\n<p><strong>Des \u00e9coliers <\/strong>ont \u00e9t\u00e9 test\u00e9s cinq fois en quatre ans par un groupe de chercheurs de <em>39 \u00e9coles primaires<\/em> de Barcelone. Ces derniers ont montr\u00e9 lors des tests une <em><strong>un d\u00e9veloppement plus lent de leur m\u00e9moire de travail<\/strong><\/em>. Les \u00e9l\u00e8ves du primaire qui fr\u00e9quentaient des \u00e9coles situ\u00e9es dans des zones o\u00f9 <g id=\"gid_4\">la pollution de l&rsquo;air \u00e9tait plus \u00e9lev\u00e9e \u00e9taient <\/g>les plus touch\u00e9s. Les effets les plus importants sur les capacit\u00e9s r\u00e9duites des enfants \u00e9taient la <em>poussi\u00e8re ultrafine dans les b\u00e2timents <\/em>et les concentrations \u00e9lev\u00e9es de <em>dioxyde d&rsquo;azote<\/em> \u00e0 l&rsquo;ext\u00e9rieur.   <\/p>\n\n\n\n<p><br><\/p>\n\n\n\n<h2 class=\"wp-block-heading\">Analyse d&rsquo;\u00e9tudes &#8211; Les particules ultrafines comme risque de d\u00e9mence<\/h2>\n\n\n\n<p>Il est possible que les poussi\u00e8res fines augmentent le <em>risque de d\u00e9mence<\/em>. <em>En 2023<\/em>, le British Medical Journal (\u00ab\u00a0BMJ\u00a0\u00bb) a publi\u00e9 une <em>analyse de 16 \u00e9tudes<\/em> indiquant que <em>m\u00eame de faibles concentrations de poussi\u00e8res fines,<\/em> en particulier les particules ultrafines jusqu&rsquo;\u00e0 2,5 microns (PM2,5), augmentent le risque de <em>maladies c\u00e9r\u00e9brales<\/em> telles que <strong>la d\u00e9mence<\/strong>. Pour \u00e9tudier ce lien, l&rsquo;\u00e9quipe de chercheurs a analys\u00e9 des \u00e9tudes men\u00e9es en Europe et en Am\u00e9rique du Nord, dans lesquelles les participants \u00e9taient \u00e9galement soumis \u00e0 des tests actifs. Outre l&rsquo;\u00e9valuation des <em>effets sur la sant\u00e9 des particules fines PM2,5<\/em>, leurs analyses ont \u00e9galement port\u00e9 sur d&rsquo;autres substances responsables de la pollution de l&rsquo;air, comme divers <em>oxydes d&rsquo;azote<\/em> et <em>l&rsquo;ozone (O3)<\/em>. Sur la base des donn\u00e9es obtenues, ils ont constat\u00e9 que l&rsquo;augmentation de la pollution par les particules fines entra\u00eenait un risque accru de d\u00e9mence. Le risque augmente de 4 % pour une augmentation de 2 microgrammes par m\u00e8tre cube de la concentration annuelle moyenne de PM2,5.<\/p>\n\n\n\n<p>Dans les \u00e9tudes o\u00f9 les <em>participants<\/em> \u00e9taient <em>activement examin\u00e9s<\/em>, le risque augmentait consid\u00e9rablement de 42 pour cent en moyenne pour 2 microgrammes par m\u00e8tre cube. Les chercheurs ont \u00e9galement trouv\u00e9 un lien entre les <em>oxydes d&rsquo;azote<\/em> et le <em>risque de d\u00e9mence<\/em>, mais pas avec des niveaux d&rsquo;ozone plus \u00e9lev\u00e9s. Apr\u00e8s avoir analys\u00e9 tous les r\u00e9sultats de l&rsquo;\u00e9tude, l&rsquo;\u00e9quipe de chercheurs a conclu que <em>les poussi\u00e8res fines <\/em>peuvent d\u00e9j\u00e0 \u00eatre <em>tr\u00e8s nocives pour la sant\u00e9 en dessous des valeurs limites en vigueur<\/em>.<\/p>\n\n\n\n<p><br><\/p>\n\n\n\n<h2 class=\"wp-block-heading\">L&rsquo;OMS recommande des valeurs limites plus basses  <\/h2>\n\n\n\n<p>L&rsquo;<strong>OMS<\/strong> recommande <strong>des valeurs limites plus basses<\/strong> pour les poussi\u00e8res fines en raison des risques pour la sant\u00e9 qu&rsquo;elles repr\u00e9sentent et <em>demande une forte r\u00e9duction des 25 microgrammes par m\u00e8tre cube d&rsquo;air actuels \u00e0 seulement cinq PM2,5 par m\u00e8tre cube d&rsquo;air en moyenne annuelle.<\/em><\/p>\n\n\n\n<p>La <em>valeur limite actuelle de l&rsquo;UE est de 25 PM2,5<\/em>, ce qui peut \u00eatre respect\u00e9 dans la plupart des grandes villes de l&rsquo;UE. Cependant, ces valeurs en Europe sont g\u00e9n\u00e9ralement beaucoup plus \u00e9lev\u00e9es que les valeurs limites recommand\u00e9es par l&rsquo;OMS. En outre, il existe trop de risques pour la sant\u00e9 de la population en raison d&rsquo;une pollution atmosph\u00e9rique trop \u00e9lev\u00e9e.  <\/p>\n\n\n\n<p><br><strong>Mesurer la pollution par les particules fines &#8211; sur votre site ou en interne<\/strong><\/p>\n\n\n\n<p>Vous souhaitez conna\u00eetre le niveau de particules fines chez vous ou sur votre lieu de travail?<\/p>\n\n\n\n<p>Les <strong>poussi\u00e8res A<\/strong> (poussi\u00e8res fines alv\u00e9olaires) sont particuli\u00e8rement dangereuses pour la sant\u00e9, car elles peuvent p\u00e9n\u00e9trer dans les alv\u00e9oles pulmonaires. C&rsquo;est pourquoi elles sont soumises \u00e0 des valeurs limites strictes sur le lieu de travail. <\/p>\n\n\n\n<p>Notre soci\u00e9t\u00e9 s\u0153ur propose <strong>des mesures professionnelles sur site<\/strong>, y compris des conseils et des analyses gravim\u00e9triques conform\u00e9ment \u00e0 la norme IFA 6068 &#8211; un seul fournisseur:<br>\ud83d\udc49 <a href=\"https:\/\/www.gsa-ratingen.de\/en\/services\/dusts-sampling-and-analysis\/gravimetric-determination-of-the-alveolar-dust-fraction-a-dust-according-to-ifa-6068\/\">Vers le service &#8211; Mesure et analyse des poussi\u00e8res<\/a><\/p>\n\n\n\n<p>Si vous souhaitez <strong>effectuer des mesures de mani\u00e8re autonome<\/strong>, nous vous aiderons volontiers \u00e0 s\u00e9lectionner les appareils appropri\u00e9s:<br>\ud83d\udc49 <a href=\"https:\/\/www.gsa-messgeraete.de\/selection_wizard\">Vers l&rsquo;assistanappareils de s\u00e9lection des appareils de mesure<\/a><br><\/p>\n\n\n\n<p><strong>Sources:  <\/strong><\/p>\n\n\n\n<p>Source de l&rsquo;image de contribution: 123rf.com \u00a9 hanoiphotography, image n\u00b0 141667563<\/p>\n\n\n\n<p>www.bmj.com\/content\/381\/bmj-2022-071620<\/p>\n\n\n\n<p>www.feinstaub.ch\/auswirkungen\/auswirkungen-auf-den-menschen<\/p>\n\n\n\n<p>www.focus.de\/wissen\/luftverschmutzung-feinstaub-schlaegt-sich-direkt-im-gehirn-nieder_id_24451099.html<\/p>\n\n\n\n<p>www.geo.de\/wissen\/gesundheit\/studie&#8211;feinstaub-steigert-das-demenzrisiko-33366668.html<\/p>\n\n\n\n<p>www.netdoktor.de\/news\/luftverschmutzung-beguenstigt-feinstaub-parkinson\/<\/p>\n\n\n\n<p>www.uni-rostock.de\/universitaet\/kommunikation-und-aktuelles\/medieninformationen\/detailansicht\/n\/rostocker-forscher-finden-einfluss-von-feinstaub-auf-gehirnleistung\/(2020) www.scinexx.de\/news\/medizin\/feinstaub-hirnschaedigungen-schon-bei-kindern\/<\/p>\n\n\n\n<p>www.sciencemediacenter.de\/angebote\/21124<\/p>\n\n\n\n<p>www.tagesschau.de\/investigativ\/ndr\/who-luftverschmutzung-111.html<\/p>\n\n\n\n<p>www.umweltbundesamt.de\/themen\/stellungnahme-who-luftqualitaetsleitlinien-2021<\/p>\n\n\n\n<p>www.wissenschaft.de\/erde-umwelt\/mehr-demenz-durch-luftverschmutzung\/<\/p>\n","protected":false},"excerpt":{"rendered":"<p>Il est bien connu que les poussi\u00e8res fines provoquent surtout des maladies respiratoires et peuvent fortement solliciter le syst\u00e8me cardio-vasculaire. Selon les \u00e9tudes les plus r\u00e9centes, les poussi\u00e8res fines, comme les gaz d&rsquo;\u00e9chappement, peuvent m\u00eame atteindre le cerveau. Les performances intellectuelles peuvent ainsi \u00eatre affect\u00e9es \u00e0 court terme. En outre, on soup\u00e7onne ces minuscules particules &#8230; <a title=\"Les poussi\u00e8res fines: un risque pour les performances cognitives et la d\u00e9mence\" class=\"read-more\" href=\"https:\/\/blog.gsa-messgeraete.de\/fr\/les-poussieres-fines-un-risque-pour-les-performances-cognitives-et-la-demence\/\" aria-label=\"En savoir plus sur Les poussi\u00e8res fines: un risque pour les performances cognitives et la d\u00e9mence\">Lire la suite<\/a><\/p>\n","protected":false},"author":3,"featured_media":14603,"comment_status":"closed","ping_status":"open","sticky":false,"template":"","format":"standard","meta":{"_exactmetrics_skip_tracking":false,"_exactmetrics_sitenote_active":false,"_exactmetrics_sitenote_note":"","_exactmetrics_sitenote_category":0,"footnotes":""},"categories":[2953,2954],"tags":[2988,2985,2983,2984,2986,2982,2981,2987],"class_list":["post-14596","post","type-post","status-publish","format-standard","has-post-thumbnail","hentry","category-polluants","category-poussieres","tag-demence","tag-maladies-du-cerveau","tag-oms","tag-particules-fines","tag-performance-cognitive","tag-pollution-atmospherique","tag-poussieres-fines","tag-valeurs-limites-pour-les-poussieres-fines"],"yoast_head":"<!-- This site is optimized with the Yoast SEO plugin v27.5 - https:\/\/yoast.com\/product\/yoast-seo-wordpress\/ -->\n<title>Les poussi\u00e8res fines: un risque pour les performances cognitives et la d\u00e9mence - blog.gsa-messgeraete.de<\/title>\n<meta name=\"description\" content=\"Selon des \u00e9tudes r\u00e9centes, les poussi\u00e8res fines sont \u00e9galement soup\u00e7onn\u00e9es de provoquer d&#039;\u00e9ventuelles maladies c\u00e9r\u00e9brales telles que la d\u00e9mence, en particulier \u00e0 cause des poussi\u00e8res ultrafines.\" \/>\n<meta name=\"robots\" content=\"index, follow, max-snippet:-1, max-image-preview:large, max-video-preview:-1\" \/>\n<link rel=\"canonical\" href=\"https:\/\/blog.gsa-messgeraete.de\/fr\/les-poussieres-fines-un-risque-pour-les-performances-cognitives-et-la-demence\/\" \/>\n<meta property=\"og:locale\" content=\"fr_FR\" \/>\n<meta property=\"og:type\" content=\"article\" \/>\n<meta property=\"og:title\" content=\"Les poussi\u00e8res fines: un risque pour les performances cognitives et la d\u00e9mence - blog.gsa-messgeraete.de\" \/>\n<meta property=\"og:description\" content=\"Selon des \u00e9tudes r\u00e9centes, les poussi\u00e8res fines sont \u00e9galement soup\u00e7onn\u00e9es de provoquer d&#039;\u00e9ventuelles maladies c\u00e9r\u00e9brales telles que la d\u00e9mence, en particulier \u00e0 cause des poussi\u00e8res ultrafines.\" \/>\n<meta property=\"og:url\" content=\"https:\/\/blog.gsa-messgeraete.de\/fr\/les-poussieres-fines-un-risque-pour-les-performances-cognitives-et-la-demence\/\" \/>\n<meta property=\"og:site_name\" content=\"blog.gsa-messgeraete.de\" \/>\n<meta property=\"article:published_time\" content=\"2025-05-27T12:32:23+00:00\" \/>\n<meta property=\"article:modified_time\" content=\"2026-03-07T10:52:43+00:00\" \/>\n<meta property=\"og:image\" content=\"https:\/\/blog.gsa-messgeraete.de\/wp-content\/uploads\/2025\/05\/Embouteillages-Poussieres-fines.jpg\" \/>\n\t<meta property=\"og:image:width\" content=\"600\" \/>\n\t<meta property=\"og:image:height\" content=\"400\" \/>\n\t<meta property=\"og:image:type\" content=\"image\/jpeg\" \/>\n<meta name=\"author\" content=\"Cornelia Umland\" \/>\n<meta name=\"twitter:card\" content=\"summary_large_image\" \/>\n<meta name=\"twitter:creator\" content=\"@UmlandC\" \/>\n<meta name=\"twitter:label1\" content=\"\u00c9crit par\" \/>\n\t<meta name=\"twitter:data1\" content=\"Cornelia Umland\" \/>\n\t<meta name=\"twitter:label2\" content=\"Dur\u00e9e de lecture estim\u00e9e\" \/>\n\t<meta name=\"twitter:data2\" content=\"9 minutes\" \/>\n<script type=\"application\/ld+json\" class=\"yoast-schema-graph\">{\"@context\":\"https:\\\/\\\/schema.org\",\"@graph\":[{\"@type\":\"Article\",\"@id\":\"https:\\\/\\\/blog.gsa-messgeraete.de\\\/fr\\\/les-poussieres-fines-un-risque-pour-les-performances-cognitives-et-la-demence\\\/#article\",\"isPartOf\":{\"@id\":\"https:\\\/\\\/blog.gsa-messgeraete.de\\\/fr\\\/les-poussieres-fines-un-risque-pour-les-performances-cognitives-et-la-demence\\\/\"},\"author\":{\"name\":\"Cornelia Umland\",\"@id\":\"https:\\\/\\\/blog.gsa-messgeraete.de\\\/fr\\\/#\\\/schema\\\/person\\\/66e89e6575b5aa6008b4ea0acc5d38ed\"},\"headline\":\"Les poussi\u00e8res fines: un risque pour les performances cognitives et la d\u00e9mence\",\"datePublished\":\"2025-05-27T12:32:23+00:00\",\"dateModified\":\"2026-03-07T10:52:43+00:00\",\"mainEntityOfPage\":{\"@id\":\"https:\\\/\\\/blog.gsa-messgeraete.de\\\/fr\\\/les-poussieres-fines-un-risque-pour-les-performances-cognitives-et-la-demence\\\/\"},\"wordCount\":1695,\"publisher\":{\"@id\":\"https:\\\/\\\/blog.gsa-messgeraete.de\\\/fr\\\/#organization\"},\"image\":{\"@id\":\"https:\\\/\\\/blog.gsa-messgeraete.de\\\/fr\\\/les-poussieres-fines-un-risque-pour-les-performances-cognitives-et-la-demence\\\/#primaryimage\"},\"thumbnailUrl\":\"https:\\\/\\\/blog.gsa-messgeraete.de\\\/wp-content\\\/uploads\\\/2025\\\/05\\\/Embouteillages-Poussieres-fines.jpg\",\"keywords\":[\"D\u00e9mence\",\"Maladies du cerveau\",\"OMS\",\"Particules fines\",\"performance cognitive\",\"Pollution atmosph\u00e9rique\",\"Poussi\u00e8res fines\",\"Valeurs limites pour les poussi\u00e8res fines\"],\"articleSection\":[\"Polluants\",\"Poussi\u00e8res\"],\"inLanguage\":\"fr-FR\"},{\"@type\":\"WebPage\",\"@id\":\"https:\\\/\\\/blog.gsa-messgeraete.de\\\/fr\\\/les-poussieres-fines-un-risque-pour-les-performances-cognitives-et-la-demence\\\/\",\"url\":\"https:\\\/\\\/blog.gsa-messgeraete.de\\\/fr\\\/les-poussieres-fines-un-risque-pour-les-performances-cognitives-et-la-demence\\\/\",\"name\":\"Les poussi\u00e8res fines: un risque pour les performances cognitives et la d\u00e9mence - blog.gsa-messgeraete.de\",\"isPartOf\":{\"@id\":\"https:\\\/\\\/blog.gsa-messgeraete.de\\\/fr\\\/#website\"},\"primaryImageOfPage\":{\"@id\":\"https:\\\/\\\/blog.gsa-messgeraete.de\\\/fr\\\/les-poussieres-fines-un-risque-pour-les-performances-cognitives-et-la-demence\\\/#primaryimage\"},\"image\":{\"@id\":\"https:\\\/\\\/blog.gsa-messgeraete.de\\\/fr\\\/les-poussieres-fines-un-risque-pour-les-performances-cognitives-et-la-demence\\\/#primaryimage\"},\"thumbnailUrl\":\"https:\\\/\\\/blog.gsa-messgeraete.de\\\/wp-content\\\/uploads\\\/2025\\\/05\\\/Embouteillages-Poussieres-fines.jpg\",\"datePublished\":\"2025-05-27T12:32:23+00:00\",\"dateModified\":\"2026-03-07T10:52:43+00:00\",\"description\":\"Selon des \u00e9tudes r\u00e9centes, les poussi\u00e8res fines sont \u00e9galement soup\u00e7onn\u00e9es de provoquer d'\u00e9ventuelles maladies c\u00e9r\u00e9brales telles que la d\u00e9mence, en particulier \u00e0 cause des poussi\u00e8res ultrafines.\",\"breadcrumb\":{\"@id\":\"https:\\\/\\\/blog.gsa-messgeraete.de\\\/fr\\\/les-poussieres-fines-un-risque-pour-les-performances-cognitives-et-la-demence\\\/#breadcrumb\"},\"inLanguage\":\"fr-FR\",\"potentialAction\":[{\"@type\":\"ReadAction\",\"target\":[\"https:\\\/\\\/blog.gsa-messgeraete.de\\\/fr\\\/les-poussieres-fines-un-risque-pour-les-performances-cognitives-et-la-demence\\\/\"]}]},{\"@type\":\"ImageObject\",\"inLanguage\":\"fr-FR\",\"@id\":\"https:\\\/\\\/blog.gsa-messgeraete.de\\\/fr\\\/les-poussieres-fines-un-risque-pour-les-performances-cognitives-et-la-demence\\\/#primaryimage\",\"url\":\"https:\\\/\\\/blog.gsa-messgeraete.de\\\/wp-content\\\/uploads\\\/2025\\\/05\\\/Embouteillages-Poussieres-fines.jpg\",\"contentUrl\":\"https:\\\/\\\/blog.gsa-messgeraete.de\\\/wp-content\\\/uploads\\\/2025\\\/05\\\/Embouteillages-Poussieres-fines.jpg\",\"width\":600,\"height\":400,\"caption\":\"Embouteillages Poussi\u00e8res fines\"},{\"@type\":\"BreadcrumbList\",\"@id\":\"https:\\\/\\\/blog.gsa-messgeraete.de\\\/fr\\\/les-poussieres-fines-un-risque-pour-les-performances-cognitives-et-la-demence\\\/#breadcrumb\",\"itemListElement\":[{\"@type\":\"ListItem\",\"position\":1,\"name\":\"Startseite\",\"item\":\"https:\\\/\\\/blog.gsa-messgeraete.de\\\/fr\\\/\"},{\"@type\":\"ListItem\",\"position\":2,\"name\":\"Les poussi\u00e8res fines: un risque pour les performances cognitives et la d\u00e9mence\"}]},{\"@type\":\"WebSite\",\"@id\":\"https:\\\/\\\/blog.gsa-messgeraete.de\\\/fr\\\/#website\",\"url\":\"https:\\\/\\\/blog.gsa-messgeraete.de\\\/fr\\\/\",\"name\":\"blog.gsa-messgeraete.de\",\"description\":\"\",\"publisher\":{\"@id\":\"https:\\\/\\\/blog.gsa-messgeraete.de\\\/fr\\\/#organization\"},\"potentialAction\":[{\"@type\":\"SearchAction\",\"target\":{\"@type\":\"EntryPoint\",\"urlTemplate\":\"https:\\\/\\\/blog.gsa-messgeraete.de\\\/fr\\\/?s={search_term_string}\"},\"query-input\":{\"@type\":\"PropertyValueSpecification\",\"valueRequired\":true,\"valueName\":\"search_term_string\"}}],\"inLanguage\":\"fr-FR\"},{\"@type\":\"Organization\",\"@id\":\"https:\\\/\\\/blog.gsa-messgeraete.de\\\/fr\\\/#organization\",\"name\":\"GSA Messger\u00e4tebau GmbH\",\"url\":\"https:\\\/\\\/blog.gsa-messgeraete.de\\\/fr\\\/\",\"logo\":{\"@type\":\"ImageObject\",\"inLanguage\":\"fr-FR\",\"@id\":\"https:\\\/\\\/blog.gsa-messgeraete.de\\\/fr\\\/#\\\/schema\\\/logo\\\/image\\\/\",\"url\":\"https:\\\/\\\/blog.gsa-messgeraete.de\\\/wp-content\\\/uploads\\\/2016\\\/12\\\/cropped-Logo-GSA-Messgeraete-1.jpg\",\"contentUrl\":\"https:\\\/\\\/blog.gsa-messgeraete.de\\\/wp-content\\\/uploads\\\/2016\\\/12\\\/cropped-Logo-GSA-Messgeraete-1.jpg\",\"width\":350,\"height\":164,\"caption\":\"GSA Messger\u00e4tebau GmbH\"},\"image\":{\"@id\":\"https:\\\/\\\/blog.gsa-messgeraete.de\\\/fr\\\/#\\\/schema\\\/logo\\\/image\\\/\"}},{\"@type\":\"Person\",\"@id\":\"https:\\\/\\\/blog.gsa-messgeraete.de\\\/fr\\\/#\\\/schema\\\/person\\\/66e89e6575b5aa6008b4ea0acc5d38ed\",\"name\":\"Cornelia Umland\",\"image\":{\"@type\":\"ImageObject\",\"inLanguage\":\"fr-FR\",\"@id\":\"https:\\\/\\\/secure.gravatar.com\\\/avatar\\\/311de0177214f59652729d2b4d5d895fe80bb802ddc18b84ebfe9a2c8edeceb9?s=96&d=mm&r=g\",\"url\":\"https:\\\/\\\/secure.gravatar.com\\\/avatar\\\/311de0177214f59652729d2b4d5d895fe80bb802ddc18b84ebfe9a2c8edeceb9?s=96&d=mm&r=g\",\"contentUrl\":\"https:\\\/\\\/secure.gravatar.com\\\/avatar\\\/311de0177214f59652729d2b4d5d895fe80bb802ddc18b84ebfe9a2c8edeceb9?s=96&d=mm&r=g\",\"caption\":\"Cornelia Umland\"},\"sameAs\":[\"https:\\\/\\\/x.com\\\/UmlandC\"],\"url\":\"https:\\\/\\\/blog.gsa-messgeraete.de\\\/fr\\\/author\\\/cn-umland\\\/\"}]}<\/script>\n<!-- \/ Yoast SEO plugin. -->","yoast_head_json":{"title":"Les poussi\u00e8res fines: un risque pour les performances cognitives et la d\u00e9mence - blog.gsa-messgeraete.de","description":"Selon des \u00e9tudes r\u00e9centes, les poussi\u00e8res fines sont \u00e9galement soup\u00e7onn\u00e9es de provoquer d'\u00e9ventuelles maladies c\u00e9r\u00e9brales telles que la d\u00e9mence, en particulier \u00e0 cause des poussi\u00e8res ultrafines.","robots":{"index":"index","follow":"follow","max-snippet":"max-snippet:-1","max-image-preview":"max-image-preview:large","max-video-preview":"max-video-preview:-1"},"canonical":"https:\/\/blog.gsa-messgeraete.de\/fr\/les-poussieres-fines-un-risque-pour-les-performances-cognitives-et-la-demence\/","og_locale":"fr_FR","og_type":"article","og_title":"Les poussi\u00e8res fines: un risque pour les performances cognitives et la d\u00e9mence - blog.gsa-messgeraete.de","og_description":"Selon des \u00e9tudes r\u00e9centes, les poussi\u00e8res fines sont \u00e9galement soup\u00e7onn\u00e9es de provoquer d'\u00e9ventuelles maladies c\u00e9r\u00e9brales telles que la d\u00e9mence, en particulier \u00e0 cause des poussi\u00e8res ultrafines.","og_url":"https:\/\/blog.gsa-messgeraete.de\/fr\/les-poussieres-fines-un-risque-pour-les-performances-cognitives-et-la-demence\/","og_site_name":"blog.gsa-messgeraete.de","article_published_time":"2025-05-27T12:32:23+00:00","article_modified_time":"2026-03-07T10:52:43+00:00","og_image":[{"width":600,"height":400,"url":"https:\/\/blog.gsa-messgeraete.de\/wp-content\/uploads\/2025\/05\/Embouteillages-Poussieres-fines.jpg","type":"image\/jpeg"}],"author":"Cornelia Umland","twitter_card":"summary_large_image","twitter_creator":"@UmlandC","twitter_misc":{"\u00c9crit par":"Cornelia Umland","Dur\u00e9e de lecture estim\u00e9e":"9 minutes"},"schema":{"@context":"https:\/\/schema.org","@graph":[{"@type":"Article","@id":"https:\/\/blog.gsa-messgeraete.de\/fr\/les-poussieres-fines-un-risque-pour-les-performances-cognitives-et-la-demence\/#article","isPartOf":{"@id":"https:\/\/blog.gsa-messgeraete.de\/fr\/les-poussieres-fines-un-risque-pour-les-performances-cognitives-et-la-demence\/"},"author":{"name":"Cornelia Umland","@id":"https:\/\/blog.gsa-messgeraete.de\/fr\/#\/schema\/person\/66e89e6575b5aa6008b4ea0acc5d38ed"},"headline":"Les poussi\u00e8res fines: un risque pour les performances cognitives et la d\u00e9mence","datePublished":"2025-05-27T12:32:23+00:00","dateModified":"2026-03-07T10:52:43+00:00","mainEntityOfPage":{"@id":"https:\/\/blog.gsa-messgeraete.de\/fr\/les-poussieres-fines-un-risque-pour-les-performances-cognitives-et-la-demence\/"},"wordCount":1695,"publisher":{"@id":"https:\/\/blog.gsa-messgeraete.de\/fr\/#organization"},"image":{"@id":"https:\/\/blog.gsa-messgeraete.de\/fr\/les-poussieres-fines-un-risque-pour-les-performances-cognitives-et-la-demence\/#primaryimage"},"thumbnailUrl":"https:\/\/blog.gsa-messgeraete.de\/wp-content\/uploads\/2025\/05\/Embouteillages-Poussieres-fines.jpg","keywords":["D\u00e9mence","Maladies du cerveau","OMS","Particules fines","performance cognitive","Pollution atmosph\u00e9rique","Poussi\u00e8res fines","Valeurs limites pour les poussi\u00e8res fines"],"articleSection":["Polluants","Poussi\u00e8res"],"inLanguage":"fr-FR"},{"@type":"WebPage","@id":"https:\/\/blog.gsa-messgeraete.de\/fr\/les-poussieres-fines-un-risque-pour-les-performances-cognitives-et-la-demence\/","url":"https:\/\/blog.gsa-messgeraete.de\/fr\/les-poussieres-fines-un-risque-pour-les-performances-cognitives-et-la-demence\/","name":"Les poussi\u00e8res fines: un risque pour les performances cognitives et la d\u00e9mence - blog.gsa-messgeraete.de","isPartOf":{"@id":"https:\/\/blog.gsa-messgeraete.de\/fr\/#website"},"primaryImageOfPage":{"@id":"https:\/\/blog.gsa-messgeraete.de\/fr\/les-poussieres-fines-un-risque-pour-les-performances-cognitives-et-la-demence\/#primaryimage"},"image":{"@id":"https:\/\/blog.gsa-messgeraete.de\/fr\/les-poussieres-fines-un-risque-pour-les-performances-cognitives-et-la-demence\/#primaryimage"},"thumbnailUrl":"https:\/\/blog.gsa-messgeraete.de\/wp-content\/uploads\/2025\/05\/Embouteillages-Poussieres-fines.jpg","datePublished":"2025-05-27T12:32:23+00:00","dateModified":"2026-03-07T10:52:43+00:00","description":"Selon des \u00e9tudes r\u00e9centes, les poussi\u00e8res fines sont \u00e9galement soup\u00e7onn\u00e9es de provoquer d'\u00e9ventuelles maladies c\u00e9r\u00e9brales telles que la d\u00e9mence, en particulier \u00e0 cause des poussi\u00e8res ultrafines.","breadcrumb":{"@id":"https:\/\/blog.gsa-messgeraete.de\/fr\/les-poussieres-fines-un-risque-pour-les-performances-cognitives-et-la-demence\/#breadcrumb"},"inLanguage":"fr-FR","potentialAction":[{"@type":"ReadAction","target":["https:\/\/blog.gsa-messgeraete.de\/fr\/les-poussieres-fines-un-risque-pour-les-performances-cognitives-et-la-demence\/"]}]},{"@type":"ImageObject","inLanguage":"fr-FR","@id":"https:\/\/blog.gsa-messgeraete.de\/fr\/les-poussieres-fines-un-risque-pour-les-performances-cognitives-et-la-demence\/#primaryimage","url":"https:\/\/blog.gsa-messgeraete.de\/wp-content\/uploads\/2025\/05\/Embouteillages-Poussieres-fines.jpg","contentUrl":"https:\/\/blog.gsa-messgeraete.de\/wp-content\/uploads\/2025\/05\/Embouteillages-Poussieres-fines.jpg","width":600,"height":400,"caption":"Embouteillages Poussi\u00e8res fines"},{"@type":"BreadcrumbList","@id":"https:\/\/blog.gsa-messgeraete.de\/fr\/les-poussieres-fines-un-risque-pour-les-performances-cognitives-et-la-demence\/#breadcrumb","itemListElement":[{"@type":"ListItem","position":1,"name":"Startseite","item":"https:\/\/blog.gsa-messgeraete.de\/fr\/"},{"@type":"ListItem","position":2,"name":"Les poussi\u00e8res fines: un risque pour les performances cognitives et la d\u00e9mence"}]},{"@type":"WebSite","@id":"https:\/\/blog.gsa-messgeraete.de\/fr\/#website","url":"https:\/\/blog.gsa-messgeraete.de\/fr\/","name":"blog.gsa-messgeraete.de","description":"","publisher":{"@id":"https:\/\/blog.gsa-messgeraete.de\/fr\/#organization"},"potentialAction":[{"@type":"SearchAction","target":{"@type":"EntryPoint","urlTemplate":"https:\/\/blog.gsa-messgeraete.de\/fr\/?s={search_term_string}"},"query-input":{"@type":"PropertyValueSpecification","valueRequired":true,"valueName":"search_term_string"}}],"inLanguage":"fr-FR"},{"@type":"Organization","@id":"https:\/\/blog.gsa-messgeraete.de\/fr\/#organization","name":"GSA Messger\u00e4tebau GmbH","url":"https:\/\/blog.gsa-messgeraete.de\/fr\/","logo":{"@type":"ImageObject","inLanguage":"fr-FR","@id":"https:\/\/blog.gsa-messgeraete.de\/fr\/#\/schema\/logo\/image\/","url":"https:\/\/blog.gsa-messgeraete.de\/wp-content\/uploads\/2016\/12\/cropped-Logo-GSA-Messgeraete-1.jpg","contentUrl":"https:\/\/blog.gsa-messgeraete.de\/wp-content\/uploads\/2016\/12\/cropped-Logo-GSA-Messgeraete-1.jpg","width":350,"height":164,"caption":"GSA Messger\u00e4tebau GmbH"},"image":{"@id":"https:\/\/blog.gsa-messgeraete.de\/fr\/#\/schema\/logo\/image\/"}},{"@type":"Person","@id":"https:\/\/blog.gsa-messgeraete.de\/fr\/#\/schema\/person\/66e89e6575b5aa6008b4ea0acc5d38ed","name":"Cornelia Umland","image":{"@type":"ImageObject","inLanguage":"fr-FR","@id":"https:\/\/secure.gravatar.com\/avatar\/311de0177214f59652729d2b4d5d895fe80bb802ddc18b84ebfe9a2c8edeceb9?s=96&d=mm&r=g","url":"https:\/\/secure.gravatar.com\/avatar\/311de0177214f59652729d2b4d5d895fe80bb802ddc18b84ebfe9a2c8edeceb9?s=96&d=mm&r=g","contentUrl":"https:\/\/secure.gravatar.com\/avatar\/311de0177214f59652729d2b4d5d895fe80bb802ddc18b84ebfe9a2c8edeceb9?s=96&d=mm&r=g","caption":"Cornelia Umland"},"sameAs":["https:\/\/x.com\/UmlandC"],"url":"https:\/\/blog.gsa-messgeraete.de\/fr\/author\/cn-umland\/"}]}},"_links":{"self":[{"href":"https:\/\/blog.gsa-messgeraete.de\/fr\/wp-json\/wp\/v2\/posts\/14596","targetHints":{"allow":["GET"]}}],"collection":[{"href":"https:\/\/blog.gsa-messgeraete.de\/fr\/wp-json\/wp\/v2\/posts"}],"about":[{"href":"https:\/\/blog.gsa-messgeraete.de\/fr\/wp-json\/wp\/v2\/types\/post"}],"author":[{"embeddable":true,"href":"https:\/\/blog.gsa-messgeraete.de\/fr\/wp-json\/wp\/v2\/users\/3"}],"replies":[{"embeddable":true,"href":"https:\/\/blog.gsa-messgeraete.de\/fr\/wp-json\/wp\/v2\/comments?post=14596"}],"version-history":[{"count":9,"href":"https:\/\/blog.gsa-messgeraete.de\/fr\/wp-json\/wp\/v2\/posts\/14596\/revisions"}],"predecessor-version":[{"id":16821,"href":"https:\/\/blog.gsa-messgeraete.de\/fr\/wp-json\/wp\/v2\/posts\/14596\/revisions\/16821"}],"wp:featuredmedia":[{"embeddable":true,"href":"https:\/\/blog.gsa-messgeraete.de\/fr\/wp-json\/wp\/v2\/media\/14603"}],"wp:attachment":[{"href":"https:\/\/blog.gsa-messgeraete.de\/fr\/wp-json\/wp\/v2\/media?parent=14596"}],"wp:term":[{"taxonomy":"category","embeddable":true,"href":"https:\/\/blog.gsa-messgeraete.de\/fr\/wp-json\/wp\/v2\/categories?post=14596"},{"taxonomy":"post_tag","embeddable":true,"href":"https:\/\/blog.gsa-messgeraete.de\/fr\/wp-json\/wp\/v2\/tags?post=14596"}],"curies":[{"name":"wp","href":"https:\/\/api.w.org\/{rel}","templated":true}]}}