{"id":14720,"date":"2024-04-22T10:45:31","date_gmt":"2024-04-22T08:45:31","guid":{"rendered":"https:\/\/blog.gsa-messgeraete.de\/poussiere-du-sahara-pollution-par-les-particules-fines\/"},"modified":"2026-02-24T12:30:11","modified_gmt":"2026-02-24T11:30:11","slug":"poussiere-du-sahara-pollution-par-les-particules-fines","status":"publish","type":"post","link":"https:\/\/blog.gsa-messgeraete.de\/fr\/poussiere-du-sahara-pollution-par-les-particules-fines\/","title":{"rendered":"Poussi\u00e8re du Sahara &#8211; Pollution par les particules fines"},"content":{"rendered":"\n<p>De grandes quantit\u00e9s de poussi\u00e8re du Sahara, qui ont parcouru des milliers de kilom\u00e8tres depuis l&rsquo;Afrique du Nord jusqu&rsquo;\u00e0 l&rsquo;Europe en passant par l&rsquo;Atlantique, ont marqu\u00e9 le temps de P\u00e2ques de cette ann\u00e9e. La poussi\u00e8re du d\u00e9sert a non seulement souvent provoqu\u00e9 un ciel fortement voil\u00e9, mais aussi des niveaux \u00e9lev\u00e9s de pollution aux particules fines en Allemagne et dans d&rsquo;autres r\u00e9gions d&rsquo;Europe.   <\/p>\n\n\n\n<!--more-->\n\n\n\n<h2 class=\"wp-block-heading\"><br>La poussi\u00e8re du Sahara, un ph\u00e9nom\u00e8ne m\u00e9t\u00e9orologique<\/h2>\n\n\n\n<p>\u00ab\u00a0Le week-end de P\u00e2ques, en particulier, la poussi\u00e8re du Sahara a color\u00e9 le ciel en Allemagne et dans d&rsquo;autres pays europ\u00e9ens en rouge, voilant le soleil et lui donnant un aspect laiteux. En cas de pr\u00e9cipitations, les particules de poussi\u00e8re brun-rouge\u00e2tre de la poussi\u00e8re saharienne tombaient dans l&rsquo;air sous forme de \u00ab\u00a0pluie de sang\u00a0\u00bb. La pollution qui se d\u00e9veloppe avec la poussi\u00e8re du Sahara \u00e9tait tr\u00e8s \u00e9lev\u00e9e dans de nombreuses r\u00e9gions d&rsquo;Allemagne. Ainsi, les valeurs de particules fines mesur\u00e9es \u00e9taient parfois deux \u00e0 trois fois sup\u00e9rieures aux valeurs limites. La valeur limite journali\u00e8re pour les poussi\u00e8res fines (PM10) de particules d&rsquo;un diam\u00e8tre inf\u00e9rieur \u00e0 10 microm\u00e8tres est de 50 microgrammes par m\u00e8tre cube d&rsquo;air.      <\/p>\n\n\n\n<p>On estime qu&rsquo;au 30 mars 2024, plus de 180.000 tonnes de sable du Sahara ont \u00e9t\u00e9 charg\u00e9es en Suisse. En Suisse, pr\u00e8s de Davos, l&rsquo;Office f\u00e9d\u00e9ral de l&rsquo;environnement (OFEV) a m\u00eame mesur\u00e9 jusqu&rsquo;\u00e0 500 \u00b5g\/m\u00b3. Les quantit\u00e9s \u00e9lev\u00e9es de poussi\u00e8res fines en provenance du Sahara ont \u00e9t\u00e9 transport\u00e9es par le foehn alpin. Celui-ci s&rsquo;est d\u00e9velopp\u00e9 \u00e0 partir d&rsquo;une zone de basse pression marqu\u00e9e et a amen\u00e9 des vents chauds jusqu&rsquo;\u00e0 une grande partie de l&rsquo;Europe centrale. En g\u00e9n\u00e9ral, on entend par poussi\u00e8res <a href=\"https:\/\/blog.gsa-messgeraete.de\/fr\/pollution-par-les-particules-fines-due-au-brulage\/\">poussi\u00e8res fines<\/a> (PM10) les poussi\u00e8res dont la taille des grains est inf\u00e9rieure \u00e0 dix microm\u00e8tres. <br><br><br><\/p>\n\n\n\n<h2 class=\"wp-block-heading\">La poussi\u00e8re du Sahara en Europe<\/h2>\n\n\n\n<p>La poussi\u00e8re du Sahara dans les r\u00e9gions europ\u00e9ennes n&rsquo;est g\u00e9n\u00e9ralement pas un \u00e9v\u00e9nement rare. Elle se produit environ cinq \u00e0 quinze fois par an, principalement au printemps et en automne. Elles se forment lorsque de fines particules de poussi\u00e8re min\u00e9rale sont soulev\u00e9es dans le plus grand d\u00e9sert aride du monde, le Sahara, et s&rsquo;\u00e9l\u00e8vent \u00e0 des milliers de m\u00e8tres. Les vents chauds d&rsquo;altitude transportent ensuite la poussi\u00e8re vers l&rsquo;Europe centrale. Chaque ann\u00e9e, environ un milliard de tonnes de poussi\u00e8res sont transport\u00e9es par le vent depuis le Sahara. Seules les particules les plus fines sont transport\u00e9es vers l&rsquo;Europe, tandis que les grains de sable plus gros et plus lourds ne peuvent pas aller tr\u00e8s loin dans les couches d&rsquo;air sup\u00e9rieures.       <\/p>\n\n\n\n<p>Dans la plupart des cas, la poussi\u00e8re du d\u00e9sert passe inaper\u00e7ue, car sa concentration est faible. Elle ne devient plus perceptible par l&rsquo;homme que lorsqu&rsquo;elle a d\u00e9j\u00e0 atteint des concentrations \u00e9lev\u00e9es de poussi\u00e8re fine min\u00e9rale du d\u00e9sert. Ce n&rsquo;est que lorsque des centaines de milliers de tonnes de sable sont en suspension dans l&rsquo;air que le ciel devient rouge\u00e2tre. Le soleil est alors \u00e0 peine perceptible. Lorsqu&rsquo;il pleut, les poussi\u00e8res min\u00e9rales ferreuses tombent sous forme de \u00ab\u00a0pluie de sang\u00a0\u00bb et peuvent alors recouvrir de grandes zones de leur poussi\u00e8re rouge\u00e2tre.    <br><br><\/p>\n\n\n\n<h2 class=\"wp-block-heading\">Composition de la poussi\u00e8re du Sahara<\/h2>\n\n\n\n<p>La poussi\u00e8re du Sahara qui nous parvient en Europe centrale est compos\u00e9e d&rsquo;environ 60% de quartz. Ses autres composants sont l&rsquo;oxyde d&rsquo;aluminium (5 \u00e0 15 %), l&rsquo;oxyde de fer, le calcaire, l&rsquo;oxyde de magn\u00e9sium et l&rsquo;oxyde de potassium. <\/p>\n\n\n\n<p><br><\/p>\n\n\n\n<h2 class=\"wp-block-heading\">Effets possibles de la poussi\u00e8re du d\u00e9sert<\/h2>\n\n\n\n<ul class=\"wp-block-list\">\n<li>les particules de poussi\u00e8re se refl\u00e8tent dans l&rsquo;air et diffusent une partie de la lumi\u00e8re du soleil. Cela donne au ciel une couleur allant du jaune au rouge\u00e2tre. <\/li>\n\n\n\n<li>en raison des nombreuses particules de poussi\u00e8re dans l&rsquo;air, moins de lumi\u00e8re solaire parvient au sol, ce qui le rend plus frais.  <\/li>\n\n\n\n<li>les poussi\u00e8res peuvent former davantage de germes de condensation, ce qui peut entra\u00eener une augmentation de la formation de nuages.  <\/li>\n\n\n\n<li>le d\u00e9veloppement d&rsquo;ouragans dans l&rsquo;Atlantique Nord peut \u00eatre r\u00e9duit par les particules, car la poussi\u00e8re du Sahara peut inhiber le rayonnement solaire et l&rsquo;eau sous-jacente n&rsquo;est pas suffisamment r\u00e9chauff\u00e9e.  <\/li>\n\n\n\n<li>la poussi\u00e8re du Sahara est un bon engrais min\u00e9ral pour la croissance des plantes, car elle est compos\u00e9e de substances pr\u00e9cieuses telles que le calcium, le magn\u00e9sium, le fer et le phosphore.<\/li>\n\n\n\n<li>pour la for\u00eat tropicale sud-am\u00e9ricaine, la poussi\u00e8re est l&rsquo;une des meilleures sources min\u00e9rales, transport\u00e9e l\u00e0 par les aliz\u00e9s.<\/li>\n<\/ul>\n\n\n\n<h2 class=\"wp-block-heading\"><br>Les effets sur la sant\u00e9 de la poussi\u00e8re du d\u00e9sert<\/h2>\n\n\n\n<p>Selon certaines \u00e9tudes, la poussi\u00e8re du Sahara est consid\u00e9r\u00e9e comme moins nocive que les poussi\u00e8res fines li\u00e9es \u00e0 la circulation. Les poussi\u00e8res de grande taille pr\u00e9sentent un risque de maladie plut\u00f4t faible. En revanche, les poussi\u00e8res plus fines du sable du Sahara peuvent pr\u00e9senter des risques plus importants pour la sant\u00e9, en particulier chez les enfants. Ainsi, les maladies asthmatiques peuvent s&rsquo;aggraver et des maladies respiratoires peuvent \u00e9galement se d\u00e9velopper. La possibilit\u00e9 d&rsquo;un lien entre le d\u00e9veloppement d&rsquo;allergies au pollen et la poussi\u00e8re du d\u00e9sert n&rsquo;est pour l&rsquo;instant qu&rsquo;une hypoth\u00e8se. Selon l&rsquo;Agence f\u00e9d\u00e9rale de l&rsquo;environnement, des tests ont montr\u00e9 que les fines particules de sable du d\u00e9sert pouvaient entra\u00eener davantage d&rsquo;allergies, de l\u00e9sions pulmonaires inflammatoires et de maladies cardiovasculaires.     <br><\/p>\n\n\n\n<p><br><\/p>\n\n\n\n<p><strong>Sources: <\/strong><\/p>\n\n\n\n<p>Source de l&rsquo;image: 123rf.com \u00a9 ferdel99, image n\u00b0 183314778<\/p>\n\n\n\n<p>www.ardalpha.de\/wissen\/umwelt\/klima\/meteorologie-wetter-wuestensand-saharastaub-sand-wind-luft-regenwald-100.html<\/p>\n\n\n\n<p>www.bafu.admin.ch\/bafu\/de\/home\/themen\/luft\/zustand\/daten.html<\/p>\n\n\n\n<p>www.bmuv.de\/themen\/gesundheit\/luftreinhaltung\/feinstaub<\/p>\n\n\n\n<p>www.br.de\/nachrichten\/wissen\/saharastaub-in-der-luft-wie-schaedlich-ist-er,T1U42IL<\/p>\n\n\n\n<p>www.dwd.de\/DE\/service\/lexikon\/begriffe\/S\/saharastaub_faq.pdf?__blob=publicationFile&amp;v=2www.tagesschau.de\/inland\/saharastaub-feinstaubbelastung-100.html<\/p>\n\n\n\n<p>www.dwd.de\/DE\/forschung\/atmosphaerenbeob\/zusammensetzung_atmosphaere\/aerosol\/inh_nav\/saharastaub_node.html<\/p>\n\n\n\n<p>www.imk-tro.kit.edu\/10581.php<\/p>\n\n\n\n<p>www.srf.ch\/meteo\/meteo-stories\/gruss-aus-der-wueste-saharastaub-spannende-fakten-ueber-den-kleinen-alleskoenner<\/p>\n\n\n\n<p>www.umweltbundesamt.de\/daten\/luft\/luftdaten\/luftqualitaet\/<\/p>\n\n\n\n<p>www.spiegel.de\/wissenschaft\/natur\/saharastaub-zieht-ueber-deutschland-gelblicher-himmel-a-5770cd06-02f4-44ad-973a-d5cb00ad2122<\/p>\n\n\n\n<p>www.wetteronline.de\/wetterlexikon\/saharastaub<\/p>\n\n\n\n<p>www.wetter.de\/cms\/blutregen-und-wuestensand-am-wochenende-wind-blaest-saharastaub-nach-deutschland-5082411.html<\/p>\n\n\n\n<p>www.zdf.de\/nachrichten\/panorama\/saharastaub-deutschland-wetter-feinstaub-100.html<\/p>\n\n\n\n<p>www.zdf.de\/nachrichten\/panorama\/saharastaub-karsamstag-wetter-100.html<\/p>\n","protected":false},"excerpt":{"rendered":"<p>De grandes quantit\u00e9s de poussi\u00e8re du Sahara, qui ont parcouru des milliers de kilom\u00e8tres depuis l&rsquo;Afrique du Nord jusqu&rsquo;\u00e0 l&rsquo;Europe en passant par l&rsquo;Atlantique, ont marqu\u00e9 le temps de P\u00e2ques de cette ann\u00e9e. La poussi\u00e8re du d\u00e9sert a non seulement souvent provoqu\u00e9 un ciel fortement voil\u00e9, mais aussi des niveaux \u00e9lev\u00e9s de pollution aux particules &#8230; <a title=\"Poussi\u00e8re du Sahara &#8211; Pollution par les particules fines\" class=\"read-more\" href=\"https:\/\/blog.gsa-messgeraete.de\/fr\/poussiere-du-sahara-pollution-par-les-particules-fines\/\" aria-label=\"En savoir plus sur Poussi\u00e8re du Sahara &#8211; Pollution par les particules fines\">Lire la suite<\/a><\/p>\n","protected":false},"author":3,"featured_media":14727,"comment_status":"closed","ping_status":"open","sticky":false,"template":"","format":"standard","meta":{"_exactmetrics_skip_tracking":false,"_exactmetrics_sitenote_active":false,"_exactmetrics_sitenote_note":"","_exactmetrics_sitenote_category":0,"footnotes":""},"categories":[2954],"tags":[3078,3079,2981],"class_list":["post-14720","post","type-post","status-publish","format-standard","has-post-thumbnail","hentry","category-poussieres","tag-pollution-par-les-particules-fines","tag-poussiere-du-sahara","tag-poussieres-fines"],"yoast_head":"<!-- This site is optimized with the Yoast SEO plugin v27.2 - https:\/\/yoast.com\/product\/yoast-seo-wordpress\/ -->\n<title>Poussi\u00e8re du Sahara - Pollution par les particules fines - blog.gsa-messgeraete.de<\/title>\n<meta name=\"description\" content=\"La poussi\u00e8re du Sahara se d\u00e9veloppe plus fr\u00e9quemment au printemps et en automne en Europe centrale. Les poussi\u00e8res min\u00e9rales peuvent entra\u00eener une forte pollution par les particules fines.\" \/>\n<meta name=\"robots\" content=\"index, follow, max-snippet:-1, max-image-preview:large, max-video-preview:-1\" \/>\n<link rel=\"canonical\" href=\"https:\/\/blog.gsa-messgeraete.de\/fr\/poussiere-du-sahara-pollution-par-les-particules-fines\/\" \/>\n<meta property=\"og:locale\" content=\"fr_FR\" \/>\n<meta property=\"og:type\" content=\"article\" \/>\n<meta property=\"og:title\" content=\"Poussi\u00e8re du Sahara - Pollution par les particules fines - blog.gsa-messgeraete.de\" \/>\n<meta property=\"og:description\" content=\"La poussi\u00e8re du Sahara se d\u00e9veloppe plus fr\u00e9quemment au printemps et en automne en Europe centrale. Les poussi\u00e8res min\u00e9rales peuvent entra\u00eener une forte pollution par les particules fines.\" \/>\n<meta property=\"og:url\" content=\"https:\/\/blog.gsa-messgeraete.de\/fr\/poussiere-du-sahara-pollution-par-les-particules-fines\/\" \/>\n<meta property=\"og:site_name\" content=\"blog.gsa-messgeraete.de\" \/>\n<meta property=\"article:published_time\" content=\"2024-04-22T08:45:31+00:00\" \/>\n<meta property=\"article:modified_time\" content=\"2026-02-24T11:30:11+00:00\" \/>\n<meta property=\"og:image\" content=\"https:\/\/blog.gsa-messgeraete.de\/wp-content\/uploads\/2024\/04\/poussiere-du-Sahara.jpg\" \/>\n\t<meta property=\"og:image:width\" content=\"600\" \/>\n\t<meta property=\"og:image:height\" content=\"400\" \/>\n\t<meta property=\"og:image:type\" content=\"image\/jpeg\" \/>\n<meta name=\"author\" content=\"Cornelia Umland\" \/>\n<meta name=\"twitter:card\" content=\"summary_large_image\" \/>\n<meta name=\"twitter:creator\" content=\"@UmlandC\" \/>\n<meta name=\"twitter:label1\" content=\"\u00c9crit par\" \/>\n\t<meta name=\"twitter:data1\" content=\"Cornelia Umland\" \/>\n\t<meta name=\"twitter:label2\" content=\"Dur\u00e9e de lecture estim\u00e9e\" \/>\n\t<meta name=\"twitter:data2\" content=\"5 minutes\" \/>\n<script type=\"application\/ld+json\" class=\"yoast-schema-graph\">{\"@context\":\"https:\/\/schema.org\",\"@graph\":[{\"@type\":\"Article\",\"@id\":\"https:\/\/blog.gsa-messgeraete.de\/fr\/poussiere-du-sahara-pollution-par-les-particules-fines\/#article\",\"isPartOf\":{\"@id\":\"https:\/\/blog.gsa-messgeraete.de\/fr\/poussiere-du-sahara-pollution-par-les-particules-fines\/\"},\"author\":{\"name\":\"Cornelia Umland\",\"@id\":\"https:\/\/blog.gsa-messgeraete.de\/fr\/#\/schema\/person\/66e89e6575b5aa6008b4ea0acc5d38ed\"},\"headline\":\"Poussi\u00e8re du Sahara &#8211; Pollution par les particules fines\",\"datePublished\":\"2024-04-22T08:45:31+00:00\",\"dateModified\":\"2026-02-24T11:30:11+00:00\",\"mainEntityOfPage\":{\"@id\":\"https:\/\/blog.gsa-messgeraete.de\/fr\/poussiere-du-sahara-pollution-par-les-particules-fines\/\"},\"wordCount\":1141,\"publisher\":{\"@id\":\"https:\/\/blog.gsa-messgeraete.de\/fr\/#organization\"},\"image\":{\"@id\":\"https:\/\/blog.gsa-messgeraete.de\/fr\/poussiere-du-sahara-pollution-par-les-particules-fines\/#primaryimage\"},\"thumbnailUrl\":\"https:\/\/blog.gsa-messgeraete.de\/wp-content\/uploads\/2024\/04\/poussiere-du-Sahara.jpg\",\"keywords\":[\"Pollution par les particules fines\",\"Poussi\u00e8re du Sahara\",\"Poussi\u00e8res fines\"],\"articleSection\":[\"Poussi\u00e8res\"],\"inLanguage\":\"fr-FR\"},{\"@type\":\"WebPage\",\"@id\":\"https:\/\/blog.gsa-messgeraete.de\/fr\/poussiere-du-sahara-pollution-par-les-particules-fines\/\",\"url\":\"https:\/\/blog.gsa-messgeraete.de\/fr\/poussiere-du-sahara-pollution-par-les-particules-fines\/\",\"name\":\"Poussi\u00e8re du Sahara - Pollution par les particules fines - blog.gsa-messgeraete.de\",\"isPartOf\":{\"@id\":\"https:\/\/blog.gsa-messgeraete.de\/fr\/#website\"},\"primaryImageOfPage\":{\"@id\":\"https:\/\/blog.gsa-messgeraete.de\/fr\/poussiere-du-sahara-pollution-par-les-particules-fines\/#primaryimage\"},\"image\":{\"@id\":\"https:\/\/blog.gsa-messgeraete.de\/fr\/poussiere-du-sahara-pollution-par-les-particules-fines\/#primaryimage\"},\"thumbnailUrl\":\"https:\/\/blog.gsa-messgeraete.de\/wp-content\/uploads\/2024\/04\/poussiere-du-Sahara.jpg\",\"datePublished\":\"2024-04-22T08:45:31+00:00\",\"dateModified\":\"2026-02-24T11:30:11+00:00\",\"description\":\"La poussi\u00e8re du Sahara se d\u00e9veloppe plus fr\u00e9quemment au printemps et en automne en Europe centrale. Les poussi\u00e8res min\u00e9rales peuvent entra\u00eener une forte pollution par les particules fines.\",\"breadcrumb\":{\"@id\":\"https:\/\/blog.gsa-messgeraete.de\/fr\/poussiere-du-sahara-pollution-par-les-particules-fines\/#breadcrumb\"},\"inLanguage\":\"fr-FR\",\"potentialAction\":[{\"@type\":\"ReadAction\",\"target\":[\"https:\/\/blog.gsa-messgeraete.de\/fr\/poussiere-du-sahara-pollution-par-les-particules-fines\/\"]}]},{\"@type\":\"ImageObject\",\"inLanguage\":\"fr-FR\",\"@id\":\"https:\/\/blog.gsa-messgeraete.de\/fr\/poussiere-du-sahara-pollution-par-les-particules-fines\/#primaryimage\",\"url\":\"https:\/\/blog.gsa-messgeraete.de\/wp-content\/uploads\/2024\/04\/poussiere-du-Sahara.jpg\",\"contentUrl\":\"https:\/\/blog.gsa-messgeraete.de\/wp-content\/uploads\/2024\/04\/poussiere-du-Sahara.jpg\",\"width\":600,\"height\":400,\"caption\":\"poussi\u00e8re du Sahara\"},{\"@type\":\"BreadcrumbList\",\"@id\":\"https:\/\/blog.gsa-messgeraete.de\/fr\/poussiere-du-sahara-pollution-par-les-particules-fines\/#breadcrumb\",\"itemListElement\":[{\"@type\":\"ListItem\",\"position\":1,\"name\":\"Startseite\",\"item\":\"https:\/\/blog.gsa-messgeraete.de\/fr\/\"},{\"@type\":\"ListItem\",\"position\":2,\"name\":\"Poussi\u00e8re du Sahara &#8211; Pollution par les particules fines\"}]},{\"@type\":\"WebSite\",\"@id\":\"https:\/\/blog.gsa-messgeraete.de\/fr\/#website\",\"url\":\"https:\/\/blog.gsa-messgeraete.de\/fr\/\",\"name\":\"blog.gsa-messgeraete.de\",\"description\":\"\",\"publisher\":{\"@id\":\"https:\/\/blog.gsa-messgeraete.de\/fr\/#organization\"},\"potentialAction\":[{\"@type\":\"SearchAction\",\"target\":{\"@type\":\"EntryPoint\",\"urlTemplate\":\"https:\/\/blog.gsa-messgeraete.de\/fr\/?s={search_term_string}\"},\"query-input\":{\"@type\":\"PropertyValueSpecification\",\"valueRequired\":true,\"valueName\":\"search_term_string\"}}],\"inLanguage\":\"fr-FR\"},{\"@type\":\"Organization\",\"@id\":\"https:\/\/blog.gsa-messgeraete.de\/fr\/#organization\",\"name\":\"GSA Messger\u00e4tebau GmbH\",\"url\":\"https:\/\/blog.gsa-messgeraete.de\/fr\/\",\"logo\":{\"@type\":\"ImageObject\",\"inLanguage\":\"fr-FR\",\"@id\":\"https:\/\/blog.gsa-messgeraete.de\/fr\/#\/schema\/logo\/image\/\",\"url\":\"https:\/\/blog.gsa-messgeraete.de\/wp-content\/uploads\/2016\/12\/cropped-Logo-GSA-Messgeraete-1.jpg\",\"contentUrl\":\"https:\/\/blog.gsa-messgeraete.de\/wp-content\/uploads\/2016\/12\/cropped-Logo-GSA-Messgeraete-1.jpg\",\"width\":350,\"height\":164,\"caption\":\"GSA Messger\u00e4tebau GmbH\"},\"image\":{\"@id\":\"https:\/\/blog.gsa-messgeraete.de\/fr\/#\/schema\/logo\/image\/\"}},{\"@type\":\"Person\",\"@id\":\"https:\/\/blog.gsa-messgeraete.de\/fr\/#\/schema\/person\/66e89e6575b5aa6008b4ea0acc5d38ed\",\"name\":\"Cornelia Umland\",\"image\":{\"@type\":\"ImageObject\",\"inLanguage\":\"fr-FR\",\"@id\":\"https:\/\/secure.gravatar.com\/avatar\/311de0177214f59652729d2b4d5d895fe80bb802ddc18b84ebfe9a2c8edeceb9?s=96&d=mm&r=g\",\"url\":\"https:\/\/secure.gravatar.com\/avatar\/311de0177214f59652729d2b4d5d895fe80bb802ddc18b84ebfe9a2c8edeceb9?s=96&d=mm&r=g\",\"contentUrl\":\"https:\/\/secure.gravatar.com\/avatar\/311de0177214f59652729d2b4d5d895fe80bb802ddc18b84ebfe9a2c8edeceb9?s=96&d=mm&r=g\",\"caption\":\"Cornelia Umland\"},\"sameAs\":[\"https:\/\/x.com\/UmlandC\"],\"url\":\"https:\/\/blog.gsa-messgeraete.de\/fr\/author\/cn-umland\/\"}]}<\/script>\n<!-- \/ Yoast SEO plugin. -->","yoast_head_json":{"title":"Poussi\u00e8re du Sahara - Pollution par les particules fines - blog.gsa-messgeraete.de","description":"La poussi\u00e8re du Sahara se d\u00e9veloppe plus fr\u00e9quemment au printemps et en automne en Europe centrale. Les poussi\u00e8res min\u00e9rales peuvent entra\u00eener une forte pollution par les particules fines.","robots":{"index":"index","follow":"follow","max-snippet":"max-snippet:-1","max-image-preview":"max-image-preview:large","max-video-preview":"max-video-preview:-1"},"canonical":"https:\/\/blog.gsa-messgeraete.de\/fr\/poussiere-du-sahara-pollution-par-les-particules-fines\/","og_locale":"fr_FR","og_type":"article","og_title":"Poussi\u00e8re du Sahara - Pollution par les particules fines - blog.gsa-messgeraete.de","og_description":"La poussi\u00e8re du Sahara se d\u00e9veloppe plus fr\u00e9quemment au printemps et en automne en Europe centrale. Les poussi\u00e8res min\u00e9rales peuvent entra\u00eener une forte pollution par les particules fines.","og_url":"https:\/\/blog.gsa-messgeraete.de\/fr\/poussiere-du-sahara-pollution-par-les-particules-fines\/","og_site_name":"blog.gsa-messgeraete.de","article_published_time":"2024-04-22T08:45:31+00:00","article_modified_time":"2026-02-24T11:30:11+00:00","og_image":[{"width":600,"height":400,"url":"https:\/\/blog.gsa-messgeraete.de\/wp-content\/uploads\/2024\/04\/poussiere-du-Sahara.jpg","type":"image\/jpeg"}],"author":"Cornelia Umland","twitter_card":"summary_large_image","twitter_creator":"@UmlandC","twitter_misc":{"\u00c9crit par":"Cornelia Umland","Dur\u00e9e de lecture estim\u00e9e":"5 minutes"},"schema":{"@context":"https:\/\/schema.org","@graph":[{"@type":"Article","@id":"https:\/\/blog.gsa-messgeraete.de\/fr\/poussiere-du-sahara-pollution-par-les-particules-fines\/#article","isPartOf":{"@id":"https:\/\/blog.gsa-messgeraete.de\/fr\/poussiere-du-sahara-pollution-par-les-particules-fines\/"},"author":{"name":"Cornelia Umland","@id":"https:\/\/blog.gsa-messgeraete.de\/fr\/#\/schema\/person\/66e89e6575b5aa6008b4ea0acc5d38ed"},"headline":"Poussi\u00e8re du Sahara &#8211; Pollution par les particules fines","datePublished":"2024-04-22T08:45:31+00:00","dateModified":"2026-02-24T11:30:11+00:00","mainEntityOfPage":{"@id":"https:\/\/blog.gsa-messgeraete.de\/fr\/poussiere-du-sahara-pollution-par-les-particules-fines\/"},"wordCount":1141,"publisher":{"@id":"https:\/\/blog.gsa-messgeraete.de\/fr\/#organization"},"image":{"@id":"https:\/\/blog.gsa-messgeraete.de\/fr\/poussiere-du-sahara-pollution-par-les-particules-fines\/#primaryimage"},"thumbnailUrl":"https:\/\/blog.gsa-messgeraete.de\/wp-content\/uploads\/2024\/04\/poussiere-du-Sahara.jpg","keywords":["Pollution par les particules fines","Poussi\u00e8re du Sahara","Poussi\u00e8res fines"],"articleSection":["Poussi\u00e8res"],"inLanguage":"fr-FR"},{"@type":"WebPage","@id":"https:\/\/blog.gsa-messgeraete.de\/fr\/poussiere-du-sahara-pollution-par-les-particules-fines\/","url":"https:\/\/blog.gsa-messgeraete.de\/fr\/poussiere-du-sahara-pollution-par-les-particules-fines\/","name":"Poussi\u00e8re du Sahara - Pollution par les particules fines - blog.gsa-messgeraete.de","isPartOf":{"@id":"https:\/\/blog.gsa-messgeraete.de\/fr\/#website"},"primaryImageOfPage":{"@id":"https:\/\/blog.gsa-messgeraete.de\/fr\/poussiere-du-sahara-pollution-par-les-particules-fines\/#primaryimage"},"image":{"@id":"https:\/\/blog.gsa-messgeraete.de\/fr\/poussiere-du-sahara-pollution-par-les-particules-fines\/#primaryimage"},"thumbnailUrl":"https:\/\/blog.gsa-messgeraete.de\/wp-content\/uploads\/2024\/04\/poussiere-du-Sahara.jpg","datePublished":"2024-04-22T08:45:31+00:00","dateModified":"2026-02-24T11:30:11+00:00","description":"La poussi\u00e8re du Sahara se d\u00e9veloppe plus fr\u00e9quemment au printemps et en automne en Europe centrale. Les poussi\u00e8res min\u00e9rales peuvent entra\u00eener une forte pollution par les particules fines.","breadcrumb":{"@id":"https:\/\/blog.gsa-messgeraete.de\/fr\/poussiere-du-sahara-pollution-par-les-particules-fines\/#breadcrumb"},"inLanguage":"fr-FR","potentialAction":[{"@type":"ReadAction","target":["https:\/\/blog.gsa-messgeraete.de\/fr\/poussiere-du-sahara-pollution-par-les-particules-fines\/"]}]},{"@type":"ImageObject","inLanguage":"fr-FR","@id":"https:\/\/blog.gsa-messgeraete.de\/fr\/poussiere-du-sahara-pollution-par-les-particules-fines\/#primaryimage","url":"https:\/\/blog.gsa-messgeraete.de\/wp-content\/uploads\/2024\/04\/poussiere-du-Sahara.jpg","contentUrl":"https:\/\/blog.gsa-messgeraete.de\/wp-content\/uploads\/2024\/04\/poussiere-du-Sahara.jpg","width":600,"height":400,"caption":"poussi\u00e8re du Sahara"},{"@type":"BreadcrumbList","@id":"https:\/\/blog.gsa-messgeraete.de\/fr\/poussiere-du-sahara-pollution-par-les-particules-fines\/#breadcrumb","itemListElement":[{"@type":"ListItem","position":1,"name":"Startseite","item":"https:\/\/blog.gsa-messgeraete.de\/fr\/"},{"@type":"ListItem","position":2,"name":"Poussi\u00e8re du Sahara &#8211; Pollution par les particules fines"}]},{"@type":"WebSite","@id":"https:\/\/blog.gsa-messgeraete.de\/fr\/#website","url":"https:\/\/blog.gsa-messgeraete.de\/fr\/","name":"blog.gsa-messgeraete.de","description":"","publisher":{"@id":"https:\/\/blog.gsa-messgeraete.de\/fr\/#organization"},"potentialAction":[{"@type":"SearchAction","target":{"@type":"EntryPoint","urlTemplate":"https:\/\/blog.gsa-messgeraete.de\/fr\/?s={search_term_string}"},"query-input":{"@type":"PropertyValueSpecification","valueRequired":true,"valueName":"search_term_string"}}],"inLanguage":"fr-FR"},{"@type":"Organization","@id":"https:\/\/blog.gsa-messgeraete.de\/fr\/#organization","name":"GSA Messger\u00e4tebau GmbH","url":"https:\/\/blog.gsa-messgeraete.de\/fr\/","logo":{"@type":"ImageObject","inLanguage":"fr-FR","@id":"https:\/\/blog.gsa-messgeraete.de\/fr\/#\/schema\/logo\/image\/","url":"https:\/\/blog.gsa-messgeraete.de\/wp-content\/uploads\/2016\/12\/cropped-Logo-GSA-Messgeraete-1.jpg","contentUrl":"https:\/\/blog.gsa-messgeraete.de\/wp-content\/uploads\/2016\/12\/cropped-Logo-GSA-Messgeraete-1.jpg","width":350,"height":164,"caption":"GSA Messger\u00e4tebau GmbH"},"image":{"@id":"https:\/\/blog.gsa-messgeraete.de\/fr\/#\/schema\/logo\/image\/"}},{"@type":"Person","@id":"https:\/\/blog.gsa-messgeraete.de\/fr\/#\/schema\/person\/66e89e6575b5aa6008b4ea0acc5d38ed","name":"Cornelia Umland","image":{"@type":"ImageObject","inLanguage":"fr-FR","@id":"https:\/\/secure.gravatar.com\/avatar\/311de0177214f59652729d2b4d5d895fe80bb802ddc18b84ebfe9a2c8edeceb9?s=96&d=mm&r=g","url":"https:\/\/secure.gravatar.com\/avatar\/311de0177214f59652729d2b4d5d895fe80bb802ddc18b84ebfe9a2c8edeceb9?s=96&d=mm&r=g","contentUrl":"https:\/\/secure.gravatar.com\/avatar\/311de0177214f59652729d2b4d5d895fe80bb802ddc18b84ebfe9a2c8edeceb9?s=96&d=mm&r=g","caption":"Cornelia Umland"},"sameAs":["https:\/\/x.com\/UmlandC"],"url":"https:\/\/blog.gsa-messgeraete.de\/fr\/author\/cn-umland\/"}]}},"_links":{"self":[{"href":"https:\/\/blog.gsa-messgeraete.de\/fr\/wp-json\/wp\/v2\/posts\/14720","targetHints":{"allow":["GET"]}}],"collection":[{"href":"https:\/\/blog.gsa-messgeraete.de\/fr\/wp-json\/wp\/v2\/posts"}],"about":[{"href":"https:\/\/blog.gsa-messgeraete.de\/fr\/wp-json\/wp\/v2\/types\/post"}],"author":[{"embeddable":true,"href":"https:\/\/blog.gsa-messgeraete.de\/fr\/wp-json\/wp\/v2\/users\/3"}],"replies":[{"embeddable":true,"href":"https:\/\/blog.gsa-messgeraete.de\/fr\/wp-json\/wp\/v2\/comments?post=14720"}],"version-history":[{"count":7,"href":"https:\/\/blog.gsa-messgeraete.de\/fr\/wp-json\/wp\/v2\/posts\/14720\/revisions"}],"predecessor-version":[{"id":16536,"href":"https:\/\/blog.gsa-messgeraete.de\/fr\/wp-json\/wp\/v2\/posts\/14720\/revisions\/16536"}],"wp:featuredmedia":[{"embeddable":true,"href":"https:\/\/blog.gsa-messgeraete.de\/fr\/wp-json\/wp\/v2\/media\/14727"}],"wp:attachment":[{"href":"https:\/\/blog.gsa-messgeraete.de\/fr\/wp-json\/wp\/v2\/media?parent=14720"}],"wp:term":[{"taxonomy":"category","embeddable":true,"href":"https:\/\/blog.gsa-messgeraete.de\/fr\/wp-json\/wp\/v2\/categories?post=14720"},{"taxonomy":"post_tag","embeddable":true,"href":"https:\/\/blog.gsa-messgeraete.de\/fr\/wp-json\/wp\/v2\/tags?post=14720"}],"curies":[{"name":"wp","href":"https:\/\/api.w.org\/{rel}","templated":true}]}}