{"id":14865,"date":"2023-09-26T18:25:55","date_gmt":"2023-09-26T16:25:55","guid":{"rendered":"https:\/\/blog.gsa-messgeraete.de\/tubes-fluorescents-t8-et-t5-interdiction\/"},"modified":"2026-03-02T12:55:50","modified_gmt":"2026-03-02T11:55:50","slug":"tubes-fluorescents-t8-et-t5-interdiction","status":"publish","type":"post","link":"https:\/\/blog.gsa-messgeraete.de\/fr\/tubes-fluorescents-t8-et-t5-interdiction\/","title":{"rendered":"Tubes fluorescents (T8 et T5) &#8211; Interdiction"},"content":{"rendered":"\n<p><\/p>\n\n\n\n<p>\u00c0 partir d&rsquo;ao\u00fbt 2023, les distributeurs de l&rsquo;UE ne pourront plus vendre que les stocks restants de <strong>tubes fluorescents<\/strong> conventionnels <strong>T5 et T8<\/strong>. Apr\u00e8s cette date, ils ne pourront plus \u00eatre achet\u00e9s que sous forme de tubes LED. Cette mesure vise \u00e0 limiter davantage le mercure contenu dans les anciens tubes et \u00e0 encourager l&rsquo;utilisation de lampes LED respectueuses de l&rsquo;environnement.  <\/p>\n\n\n\n<!--more-->\n\n\n\n<h2 class=\"wp-block-heading\"><br>Directive europ\u00e9enne: RoHS<\/h2>\n\n\n\n<p>La <strong>directive europ\u00e9enne RoHS <\/strong><em>(Restriction of the use of certain Hazardous Substances in electrical and electronic Equipment<\/em>) r\u00e9glemente la <em>limitation des substances dangereuses dans les \u00e9quipements \u00e9lectriques et \u00e9lectroniques<\/em>. Cela inclut les tubes fluorescents et autres lampes contenant du mercure. Depuis quelques ann\u00e9es, les appareils \u00e9lectroniques ne peuvent plus contenir de mercure.  <\/p>\n\n\n\n<p>Depuis le 25 f\u00e9vrier 2023, le mercure est interdit dans les lampes fluorescentes compactes sans ballast. \u00c0 partir du <g id=\"gid_0\">25 ao\u00fbt 2023<\/g>, <g id=\"gid_1\">les lampes lin\u00e9aires T8 et T5 contenant du mercure<\/g> ne pourront plus \u00eatre fabriqu\u00e9es. Toutefois, les stocks restants de ces lampes et tubes pourront toujours \u00eatre vendus et utilis\u00e9s.  <\/p>\n\n\n\n<p><br><\/p>\n\n\n\n<h2 class=\"wp-block-heading\">Interdiction du mercure dans les lampes conform\u00e9ment \u00e0 la directive RoHS:<\/h2>\n\n\n\n<h3 class=\"wp-block-heading\"><\/h3>\n\n\n\n<h4 class=\"wp-block-heading\">A partir du <strong>25 f\u00e9vrier 2023:<\/strong><\/h4>\n\n\n\n<ul class=\"wp-block-list\">\n<li>Interdiction des lampes fluorescentes compactes sans ballast int\u00e9gr\u00e9<\/li>\n\n\n\n<li>Interdiction des lampes fluorescentes circulaires T5<\/li>\n<\/ul>\n\n\n\n<p><\/p>\n\n\n\n<p>Il s&rsquo;applique \u00e0 partir du <strong>25 ao\u00fbt 2023 <\/strong>le:<\/p>\n\n\n\n<ul class=\"wp-block-list\">\n<li><em>Interdiction des tubes fluorescents lin\u00e9aires T5 et T8<\/em>. Les tubes T5 ont un diam\u00e8tre d&rsquo;environ 15 millim\u00e8tres. Les tubes T8 ont un diam\u00e8tre de 25 millim\u00e8tres.  <\/li>\n<\/ul>\n\n\n\n<p><\/p>\n\n\n\n<p>\u00c0 partir du <strong>1er septembre 2023<\/strong>, la r\u00e8gle suivante s&rsquo;appliquera:<\/p>\n\n\n\n<p>Interdiction de la plupart des mod\u00e8les d&rsquo;ampoules halog\u00e8nes autoris\u00e9es conform\u00e9ment au r\u00e8glement sur l&rsquo;\u00e9coconception. Les lampes LED Retrofit sont recommand\u00e9es en remplacement. <\/p>\n\n\n\n<p><\/p>\n\n\n\n<h3 class=\"wp-block-heading\"><strong>Exemples de d\u00e9rogations aux interdictions RoHS en 2023<\/strong>:<\/h3>\n\n\n\n<p>Il existe certaines <strong>exceptions <\/strong>\u00e0 l&rsquo;<strong>interdiction des lampes<\/strong><em> conform\u00e9ment \u00e0 la<\/em> <em>l\u00e9gislation RoHS<\/em> pour certains types de lampes qui peuvent continuer \u00e0 \u00eatre produites et vendues:<\/p>\n\n\n\n<ul class=\"wp-block-list\">\n<li>Lampes fluorescentes compactes<\/li>\n\n\n\n<li>certaines lampes pour l&rsquo;\u00e9clairage de secours et de signalisation<\/li>\n\n\n\n<li>Lampes UV, lampes UV (> 2 mW\/klm)<\/li>\n\n\n\n<li>Lampes pour plantes et insectes<\/li>\n\n\n\n<li>\u00c9clairage de sc\u00e8ne et de studio<\/li>\n\n\n\n<li>Lampes sp\u00e9ciales pour l&rsquo;\u00e9clairage public<\/li>\n\n\n\n<li>Lampes pour fours (jusqu&rsquo;\u00e0 300 degr\u00e9s Celsius)<\/li>\n\n\n\n<li>Barres halog\u00e8nes de type R7s<\/li>\n\n\n\n<li>Sources lumineuses \u00e0 faisceau \u00e9troit (&lt; 10 degr\u00e9s)<\/li>\n\n\n\n<li>Sources lumineuses infrarouges (sauf R7s dans les longueurs existantes)<\/li>\n\n\n\n<li>Lampe UV (&gt; 2mW\/klm)<br> <\/li>\n<\/ul>\n\n\n\n<h2 class=\"wp-block-heading\"><br>Les lampes LED comme alternative<\/h2>\n\n\n\n<p>Compar\u00e9es aux lampes traditionnelles telles que les tubes fluorescents contenant du mercure et les ampoules \u00e0 incandescence, les lampes LED pr\u00e9sentent de nombreux avantages.  <\/p>\n\n\n\n<p><strong>Avantages des lampes et des tubes \u00e0 LED<\/strong>:<\/p>\n\n\n\n<ul class=\"wp-block-list\">\n<li>Haute efficacit\u00e9 \u00e9nerg\u00e9tique &#8211; ils consomment beaucoup moins d&rsquo;\u00e9nergie<\/li>\n\n\n\n<li>Faible co\u00fbt \u00e9nerg\u00e9tique<\/li>\n\n\n\n<li>Respect de l&rsquo;environnement et absence de polluants<\/li>\n\n\n\n<li>Flux lumineux \u00e9lev\u00e9, m\u00eame \u00e0 basse temp\u00e9rature<\/li>\n\n\n\n<li>D\u00e9marrage imm\u00e9diat sans scintillement<\/li>\n\n\n\n<li>Longue dur\u00e9e de vie de plusieurs ann\u00e9es<\/li>\n\n\n\n<li>Diff\u00e9rentes intensit\u00e9s lumineuses et temp\u00e9ratures de couleur (blanc chaud, blanc froid et multicolore)<\/li>\n\n\n\n<li>Convient parfaitement au contr\u00f4le individuel de l&rsquo;intensit\u00e9 lumineuse par des capteurs<\/li>\n<\/ul>\n\n\n\n<p><\/p>\n\n\n\n<p><strong>Les tubes LED<\/strong> sont tr\u00e8s <em>efficaces sur le plan \u00e9nerg\u00e9tique<\/em>. Ils consomment jusqu&rsquo;\u00e0 80% d&rsquo;\u00e9nergie en moins que les lampes \u00e0 incandescence traditionnelles. Cela est d\u00fb aux semi-conducteurs contenus dans les diodes \u00e9lectroluminescentes, qui produisent une lumi\u00e8re claire et brillante. Elles ne contiennent <g id=\"gid_2\">pas<\/g> non plus <g id=\"gid_2\">de polluants nocifs pour l&rsquo;environnement et la sant\u00e9<\/g>. Gr\u00e2ce aux \u00e9conomies d&rsquo;\u00e9nergie et aux co\u00fbts d&rsquo;exploitation r\u00e9duits qui en d\u00e9coulent, l&rsquo;achat est g\u00e9n\u00e9ralement rentabilis\u00e9 en quelques ann\u00e9es.    <\/p>\n\n\n\n<p><br><\/p>\n\n\n\n<h2 class=\"wp-block-heading\">\u00c9limination des anciens tubes fluorescents<\/h2>\n\n\n\n<p><strong>Les tubes fluorescents<\/strong> <em>contenant du mercure nocif<\/em> sont consid\u00e9r\u00e9s comme <strong>des d\u00e9chets sp\u00e9ciaux<\/strong>. Ils doivent donc \u00eatre <g id=\"gid_3\">\u00e9limin\u00e9s dans le respect de l&rsquo;environnement<\/g>. Ils contiennent souvent des <a href=\"https:\/\/blog.gsa-messgeraete.de\/fr\/pcb-dans-les-anciens-condensateurs\/\">PCB dans les condensateurs<\/a> et sont donc charg\u00e9s de polluants. Pour qu&rsquo;ils puissent \u00eatre correctement \u00e9limin\u00e9s en tant que d\u00e9chets sp\u00e9ciaux, ils doivent \u00eatre d\u00e9pos\u00e9s dans des centres de traitement des d\u00e9chets municipaux, des centres de recyclage, des points de collecte ou dans des magasins d&rsquo;\u00e9lectronique et des commerces.<\/p>\n\n\n\n<p><br><\/p>\n\n\n\n<p><strong>Sources: <\/strong><\/p>\n\n\n\n<p>Source de l&rsquo;image: 123rf.com \u00a9 nongpriya, image n\u00b0 62345018<\/p>\n\n\n\n<p>www.dguv.de\/ifa\/praxishilfen\/innenraumarbeitsplaetze\/chemische-einwirkungen\/quecksilber\/index.jsp<\/p>\n\n\n\n<p>www.dguv.de\/medien\/ifa\/de\/pub\/rep\/pdf\/reports2013\/innenraumarbeitsplaetze\/kapitel_12_4_5.pdf<\/p>\n\n\n\n<p>www.licht.de\/de\/lichtthemen\/lampenausstieg\/zeitplan-fuer-den-ausstieg<\/p>\n\n\n\n<p>www.lightcycle.de\/presse\/pressemitteilungen\/2022\/ade-leuchtstofflampen-ausphasung-von-konventionellen-lampen-in-2023<\/p>\n\n\n\n<p>www.umweltbundesamt.de\/themen\/wirtschaft-konsum\/produkte\/oekodesign\/oekodesign-richtlinie#der-weg-zur-durchfuhrungsmassnahme<\/p>\n\n\n\n<p>www.welt.de\/wirtschaft\/article243385847\/EU-Verbot-Bei-diesen-Lampen-geht-2023-das-Licht-aus.html<\/p>\n\n\n\n<p>https:\/\/de.wikipedia.org\/wiki\/Quecksilber<\/p>\n\n\n\n<p>https:\/fr.wikipedia.org\/wiki\/tube fluorescent<\/p>\n","protected":false},"excerpt":{"rendered":"<p>\u00c0 partir d&rsquo;ao\u00fbt 2023, les distributeurs de l&rsquo;UE ne pourront plus vendre que les stocks restants de tubes fluorescents conventionnels T5 et T8. Apr\u00e8s cette date, ils ne pourront plus \u00eatre achet\u00e9s que sous forme de tubes LED. Cette mesure vise \u00e0 limiter davantage le mercure contenu dans les anciens tubes et \u00e0 encourager l&rsquo;utilisation &#8230; <a title=\"Tubes fluorescents (T8 et T5) &#8211; Interdiction\" class=\"read-more\" href=\"https:\/\/blog.gsa-messgeraete.de\/fr\/tubes-fluorescents-t8-et-t5-interdiction\/\" aria-label=\"En savoir plus sur Tubes fluorescents (T8 et T5) &#8211; Interdiction\">Lire la suite<\/a><\/p>\n","protected":false},"author":3,"featured_media":14874,"comment_status":"closed","ping_status":"open","sticky":false,"template":"","format":"standard","meta":{"_exactmetrics_skip_tracking":false,"_exactmetrics_sitenote_active":false,"_exactmetrics_sitenote_note":"","_exactmetrics_sitenote_category":0,"footnotes":""},"categories":[2953],"tags":[3134,3132,3133,3129,3130,3131],"class_list":["post-14865","post","type-post","status-publish","format-standard","has-post-thumbnail","hentry","category-polluants","tag-lampes-led","tag-mercure","tag-tubes-a-led","tag-tubes-fluorescents","tag-tubes-fluorescents-t5","tag-tubes-fluorescents-t8"],"yoast_head":"<!-- This site is optimized with the Yoast SEO plugin v27.5 - https:\/\/yoast.com\/product\/yoast-seo-wordpress\/ -->\n<title>Tubes fluorescents (T8 et T5) - Interdiction - blog.gsa-messgeraete.de<\/title>\n<meta name=\"description\" content=\"Les tubes fluorescents lin\u00e9aires T5 et T8 contenant du mercure ne pourront plus \u00eatre fabriqu\u00e9s et commercialis\u00e9s dans l&#039;UE \u00e0 partir du 25 ao\u00fbt.\" \/>\n<meta name=\"robots\" content=\"index, follow, max-snippet:-1, max-image-preview:large, max-video-preview:-1\" \/>\n<link rel=\"canonical\" href=\"https:\/\/blog.gsa-messgeraete.de\/fr\/tubes-fluorescents-t8-et-t5-interdiction\/\" \/>\n<meta property=\"og:locale\" content=\"fr_FR\" \/>\n<meta property=\"og:type\" content=\"article\" \/>\n<meta property=\"og:title\" content=\"Tubes fluorescents (T8 et T5) - Interdiction - blog.gsa-messgeraete.de\" \/>\n<meta property=\"og:description\" content=\"Les tubes fluorescents lin\u00e9aires T5 et T8 contenant du mercure ne pourront plus \u00eatre fabriqu\u00e9s et commercialis\u00e9s dans l&#039;UE \u00e0 partir du 25 ao\u00fbt.\" \/>\n<meta property=\"og:url\" content=\"https:\/\/blog.gsa-messgeraete.de\/fr\/tubes-fluorescents-t8-et-t5-interdiction\/\" \/>\n<meta property=\"og:site_name\" content=\"blog.gsa-messgeraete.de\" \/>\n<meta property=\"article:published_time\" content=\"2023-09-26T16:25:55+00:00\" \/>\n<meta property=\"article:modified_time\" content=\"2026-03-02T11:55:50+00:00\" \/>\n<meta property=\"og:image\" content=\"https:\/\/blog.gsa-messgeraete.de\/wp-content\/uploads\/2023\/09\/tube-fluorescent.jpg\" \/>\n\t<meta property=\"og:image:width\" content=\"600\" \/>\n\t<meta property=\"og:image:height\" content=\"400\" \/>\n\t<meta property=\"og:image:type\" content=\"image\/jpeg\" \/>\n<meta name=\"author\" content=\"Cornelia Umland\" \/>\n<meta name=\"twitter:card\" content=\"summary_large_image\" \/>\n<meta name=\"twitter:creator\" content=\"@UmlandC\" \/>\n<meta name=\"twitter:label1\" content=\"\u00c9crit par\" \/>\n\t<meta name=\"twitter:data1\" content=\"Cornelia Umland\" \/>\n\t<meta name=\"twitter:label2\" content=\"Dur\u00e9e de lecture estim\u00e9e\" \/>\n\t<meta name=\"twitter:data2\" content=\"4 minutes\" \/>\n<script type=\"application\/ld+json\" class=\"yoast-schema-graph\">{\"@context\":\"https:\\\/\\\/schema.org\",\"@graph\":[{\"@type\":\"Article\",\"@id\":\"https:\\\/\\\/blog.gsa-messgeraete.de\\\/fr\\\/tubes-fluorescents-t8-et-t5-interdiction\\\/#article\",\"isPartOf\":{\"@id\":\"https:\\\/\\\/blog.gsa-messgeraete.de\\\/fr\\\/tubes-fluorescents-t8-et-t5-interdiction\\\/\"},\"author\":{\"name\":\"Cornelia Umland\",\"@id\":\"https:\\\/\\\/blog.gsa-messgeraete.de\\\/fr\\\/#\\\/schema\\\/person\\\/66e89e6575b5aa6008b4ea0acc5d38ed\"},\"headline\":\"Tubes fluorescents (T8 et T5) &#8211; Interdiction\",\"datePublished\":\"2023-09-26T16:25:55+00:00\",\"dateModified\":\"2026-03-02T11:55:50+00:00\",\"mainEntityOfPage\":{\"@id\":\"https:\\\/\\\/blog.gsa-messgeraete.de\\\/fr\\\/tubes-fluorescents-t8-et-t5-interdiction\\\/\"},\"wordCount\":769,\"publisher\":{\"@id\":\"https:\\\/\\\/blog.gsa-messgeraete.de\\\/fr\\\/#organization\"},\"image\":{\"@id\":\"https:\\\/\\\/blog.gsa-messgeraete.de\\\/fr\\\/tubes-fluorescents-t8-et-t5-interdiction\\\/#primaryimage\"},\"thumbnailUrl\":\"https:\\\/\\\/blog.gsa-messgeraete.de\\\/wp-content\\\/uploads\\\/2023\\\/09\\\/tube-fluorescent.jpg\",\"keywords\":[\"Lampes LED\",\"Mercure\",\"Tubes \u00e0 LED\",\"Tubes fluorescents\",\"Tubes fluorescents T5\",\"Tubes fluorescents T8\"],\"articleSection\":[\"Polluants\"],\"inLanguage\":\"fr-FR\"},{\"@type\":\"WebPage\",\"@id\":\"https:\\\/\\\/blog.gsa-messgeraete.de\\\/fr\\\/tubes-fluorescents-t8-et-t5-interdiction\\\/\",\"url\":\"https:\\\/\\\/blog.gsa-messgeraete.de\\\/fr\\\/tubes-fluorescents-t8-et-t5-interdiction\\\/\",\"name\":\"Tubes fluorescents (T8 et T5) - Interdiction - blog.gsa-messgeraete.de\",\"isPartOf\":{\"@id\":\"https:\\\/\\\/blog.gsa-messgeraete.de\\\/fr\\\/#website\"},\"primaryImageOfPage\":{\"@id\":\"https:\\\/\\\/blog.gsa-messgeraete.de\\\/fr\\\/tubes-fluorescents-t8-et-t5-interdiction\\\/#primaryimage\"},\"image\":{\"@id\":\"https:\\\/\\\/blog.gsa-messgeraete.de\\\/fr\\\/tubes-fluorescents-t8-et-t5-interdiction\\\/#primaryimage\"},\"thumbnailUrl\":\"https:\\\/\\\/blog.gsa-messgeraete.de\\\/wp-content\\\/uploads\\\/2023\\\/09\\\/tube-fluorescent.jpg\",\"datePublished\":\"2023-09-26T16:25:55+00:00\",\"dateModified\":\"2026-03-02T11:55:50+00:00\",\"description\":\"Les tubes fluorescents lin\u00e9aires T5 et T8 contenant du mercure ne pourront plus \u00eatre fabriqu\u00e9s et commercialis\u00e9s dans l'UE \u00e0 partir du 25 ao\u00fbt.\",\"breadcrumb\":{\"@id\":\"https:\\\/\\\/blog.gsa-messgeraete.de\\\/fr\\\/tubes-fluorescents-t8-et-t5-interdiction\\\/#breadcrumb\"},\"inLanguage\":\"fr-FR\",\"potentialAction\":[{\"@type\":\"ReadAction\",\"target\":[\"https:\\\/\\\/blog.gsa-messgeraete.de\\\/fr\\\/tubes-fluorescents-t8-et-t5-interdiction\\\/\"]}]},{\"@type\":\"ImageObject\",\"inLanguage\":\"fr-FR\",\"@id\":\"https:\\\/\\\/blog.gsa-messgeraete.de\\\/fr\\\/tubes-fluorescents-t8-et-t5-interdiction\\\/#primaryimage\",\"url\":\"https:\\\/\\\/blog.gsa-messgeraete.de\\\/wp-content\\\/uploads\\\/2023\\\/09\\\/tube-fluorescent.jpg\",\"contentUrl\":\"https:\\\/\\\/blog.gsa-messgeraete.de\\\/wp-content\\\/uploads\\\/2023\\\/09\\\/tube-fluorescent.jpg\",\"width\":600,\"height\":400,\"caption\":\"tube fluorescent\"},{\"@type\":\"BreadcrumbList\",\"@id\":\"https:\\\/\\\/blog.gsa-messgeraete.de\\\/fr\\\/tubes-fluorescents-t8-et-t5-interdiction\\\/#breadcrumb\",\"itemListElement\":[{\"@type\":\"ListItem\",\"position\":1,\"name\":\"Startseite\",\"item\":\"https:\\\/\\\/blog.gsa-messgeraete.de\\\/fr\\\/\"},{\"@type\":\"ListItem\",\"position\":2,\"name\":\"Tubes fluorescents (T8 et T5) &#8211; Interdiction\"}]},{\"@type\":\"WebSite\",\"@id\":\"https:\\\/\\\/blog.gsa-messgeraete.de\\\/fr\\\/#website\",\"url\":\"https:\\\/\\\/blog.gsa-messgeraete.de\\\/fr\\\/\",\"name\":\"blog.gsa-messgeraete.de\",\"description\":\"\",\"publisher\":{\"@id\":\"https:\\\/\\\/blog.gsa-messgeraete.de\\\/fr\\\/#organization\"},\"potentialAction\":[{\"@type\":\"SearchAction\",\"target\":{\"@type\":\"EntryPoint\",\"urlTemplate\":\"https:\\\/\\\/blog.gsa-messgeraete.de\\\/fr\\\/?s={search_term_string}\"},\"query-input\":{\"@type\":\"PropertyValueSpecification\",\"valueRequired\":true,\"valueName\":\"search_term_string\"}}],\"inLanguage\":\"fr-FR\"},{\"@type\":\"Organization\",\"@id\":\"https:\\\/\\\/blog.gsa-messgeraete.de\\\/fr\\\/#organization\",\"name\":\"GSA Messger\u00e4tebau GmbH\",\"url\":\"https:\\\/\\\/blog.gsa-messgeraete.de\\\/fr\\\/\",\"logo\":{\"@type\":\"ImageObject\",\"inLanguage\":\"fr-FR\",\"@id\":\"https:\\\/\\\/blog.gsa-messgeraete.de\\\/fr\\\/#\\\/schema\\\/logo\\\/image\\\/\",\"url\":\"https:\\\/\\\/blog.gsa-messgeraete.de\\\/wp-content\\\/uploads\\\/2016\\\/12\\\/cropped-Logo-GSA-Messgeraete-1.jpg\",\"contentUrl\":\"https:\\\/\\\/blog.gsa-messgeraete.de\\\/wp-content\\\/uploads\\\/2016\\\/12\\\/cropped-Logo-GSA-Messgeraete-1.jpg\",\"width\":350,\"height\":164,\"caption\":\"GSA Messger\u00e4tebau GmbH\"},\"image\":{\"@id\":\"https:\\\/\\\/blog.gsa-messgeraete.de\\\/fr\\\/#\\\/schema\\\/logo\\\/image\\\/\"}},{\"@type\":\"Person\",\"@id\":\"https:\\\/\\\/blog.gsa-messgeraete.de\\\/fr\\\/#\\\/schema\\\/person\\\/66e89e6575b5aa6008b4ea0acc5d38ed\",\"name\":\"Cornelia Umland\",\"image\":{\"@type\":\"ImageObject\",\"inLanguage\":\"fr-FR\",\"@id\":\"https:\\\/\\\/secure.gravatar.com\\\/avatar\\\/311de0177214f59652729d2b4d5d895fe80bb802ddc18b84ebfe9a2c8edeceb9?s=96&d=mm&r=g\",\"url\":\"https:\\\/\\\/secure.gravatar.com\\\/avatar\\\/311de0177214f59652729d2b4d5d895fe80bb802ddc18b84ebfe9a2c8edeceb9?s=96&d=mm&r=g\",\"contentUrl\":\"https:\\\/\\\/secure.gravatar.com\\\/avatar\\\/311de0177214f59652729d2b4d5d895fe80bb802ddc18b84ebfe9a2c8edeceb9?s=96&d=mm&r=g\",\"caption\":\"Cornelia Umland\"},\"sameAs\":[\"https:\\\/\\\/x.com\\\/UmlandC\"],\"url\":\"https:\\\/\\\/blog.gsa-messgeraete.de\\\/fr\\\/author\\\/cn-umland\\\/\"}]}<\/script>\n<!-- \/ Yoast SEO plugin. -->","yoast_head_json":{"title":"Tubes fluorescents (T8 et T5) - Interdiction - blog.gsa-messgeraete.de","description":"Les tubes fluorescents lin\u00e9aires T5 et T8 contenant du mercure ne pourront plus \u00eatre fabriqu\u00e9s et commercialis\u00e9s dans l'UE \u00e0 partir du 25 ao\u00fbt.","robots":{"index":"index","follow":"follow","max-snippet":"max-snippet:-1","max-image-preview":"max-image-preview:large","max-video-preview":"max-video-preview:-1"},"canonical":"https:\/\/blog.gsa-messgeraete.de\/fr\/tubes-fluorescents-t8-et-t5-interdiction\/","og_locale":"fr_FR","og_type":"article","og_title":"Tubes fluorescents (T8 et T5) - Interdiction - blog.gsa-messgeraete.de","og_description":"Les tubes fluorescents lin\u00e9aires T5 et T8 contenant du mercure ne pourront plus \u00eatre fabriqu\u00e9s et commercialis\u00e9s dans l'UE \u00e0 partir du 25 ao\u00fbt.","og_url":"https:\/\/blog.gsa-messgeraete.de\/fr\/tubes-fluorescents-t8-et-t5-interdiction\/","og_site_name":"blog.gsa-messgeraete.de","article_published_time":"2023-09-26T16:25:55+00:00","article_modified_time":"2026-03-02T11:55:50+00:00","og_image":[{"width":600,"height":400,"url":"https:\/\/blog.gsa-messgeraete.de\/wp-content\/uploads\/2023\/09\/tube-fluorescent.jpg","type":"image\/jpeg"}],"author":"Cornelia Umland","twitter_card":"summary_large_image","twitter_creator":"@UmlandC","twitter_misc":{"\u00c9crit par":"Cornelia Umland","Dur\u00e9e de lecture estim\u00e9e":"4 minutes"},"schema":{"@context":"https:\/\/schema.org","@graph":[{"@type":"Article","@id":"https:\/\/blog.gsa-messgeraete.de\/fr\/tubes-fluorescents-t8-et-t5-interdiction\/#article","isPartOf":{"@id":"https:\/\/blog.gsa-messgeraete.de\/fr\/tubes-fluorescents-t8-et-t5-interdiction\/"},"author":{"name":"Cornelia Umland","@id":"https:\/\/blog.gsa-messgeraete.de\/fr\/#\/schema\/person\/66e89e6575b5aa6008b4ea0acc5d38ed"},"headline":"Tubes fluorescents (T8 et T5) &#8211; Interdiction","datePublished":"2023-09-26T16:25:55+00:00","dateModified":"2026-03-02T11:55:50+00:00","mainEntityOfPage":{"@id":"https:\/\/blog.gsa-messgeraete.de\/fr\/tubes-fluorescents-t8-et-t5-interdiction\/"},"wordCount":769,"publisher":{"@id":"https:\/\/blog.gsa-messgeraete.de\/fr\/#organization"},"image":{"@id":"https:\/\/blog.gsa-messgeraete.de\/fr\/tubes-fluorescents-t8-et-t5-interdiction\/#primaryimage"},"thumbnailUrl":"https:\/\/blog.gsa-messgeraete.de\/wp-content\/uploads\/2023\/09\/tube-fluorescent.jpg","keywords":["Lampes LED","Mercure","Tubes \u00e0 LED","Tubes fluorescents","Tubes fluorescents T5","Tubes fluorescents T8"],"articleSection":["Polluants"],"inLanguage":"fr-FR"},{"@type":"WebPage","@id":"https:\/\/blog.gsa-messgeraete.de\/fr\/tubes-fluorescents-t8-et-t5-interdiction\/","url":"https:\/\/blog.gsa-messgeraete.de\/fr\/tubes-fluorescents-t8-et-t5-interdiction\/","name":"Tubes fluorescents (T8 et T5) - Interdiction - blog.gsa-messgeraete.de","isPartOf":{"@id":"https:\/\/blog.gsa-messgeraete.de\/fr\/#website"},"primaryImageOfPage":{"@id":"https:\/\/blog.gsa-messgeraete.de\/fr\/tubes-fluorescents-t8-et-t5-interdiction\/#primaryimage"},"image":{"@id":"https:\/\/blog.gsa-messgeraete.de\/fr\/tubes-fluorescents-t8-et-t5-interdiction\/#primaryimage"},"thumbnailUrl":"https:\/\/blog.gsa-messgeraete.de\/wp-content\/uploads\/2023\/09\/tube-fluorescent.jpg","datePublished":"2023-09-26T16:25:55+00:00","dateModified":"2026-03-02T11:55:50+00:00","description":"Les tubes fluorescents lin\u00e9aires T5 et T8 contenant du mercure ne pourront plus \u00eatre fabriqu\u00e9s et commercialis\u00e9s dans l'UE \u00e0 partir du 25 ao\u00fbt.","breadcrumb":{"@id":"https:\/\/blog.gsa-messgeraete.de\/fr\/tubes-fluorescents-t8-et-t5-interdiction\/#breadcrumb"},"inLanguage":"fr-FR","potentialAction":[{"@type":"ReadAction","target":["https:\/\/blog.gsa-messgeraete.de\/fr\/tubes-fluorescents-t8-et-t5-interdiction\/"]}]},{"@type":"ImageObject","inLanguage":"fr-FR","@id":"https:\/\/blog.gsa-messgeraete.de\/fr\/tubes-fluorescents-t8-et-t5-interdiction\/#primaryimage","url":"https:\/\/blog.gsa-messgeraete.de\/wp-content\/uploads\/2023\/09\/tube-fluorescent.jpg","contentUrl":"https:\/\/blog.gsa-messgeraete.de\/wp-content\/uploads\/2023\/09\/tube-fluorescent.jpg","width":600,"height":400,"caption":"tube fluorescent"},{"@type":"BreadcrumbList","@id":"https:\/\/blog.gsa-messgeraete.de\/fr\/tubes-fluorescents-t8-et-t5-interdiction\/#breadcrumb","itemListElement":[{"@type":"ListItem","position":1,"name":"Startseite","item":"https:\/\/blog.gsa-messgeraete.de\/fr\/"},{"@type":"ListItem","position":2,"name":"Tubes fluorescents (T8 et T5) &#8211; Interdiction"}]},{"@type":"WebSite","@id":"https:\/\/blog.gsa-messgeraete.de\/fr\/#website","url":"https:\/\/blog.gsa-messgeraete.de\/fr\/","name":"blog.gsa-messgeraete.de","description":"","publisher":{"@id":"https:\/\/blog.gsa-messgeraete.de\/fr\/#organization"},"potentialAction":[{"@type":"SearchAction","target":{"@type":"EntryPoint","urlTemplate":"https:\/\/blog.gsa-messgeraete.de\/fr\/?s={search_term_string}"},"query-input":{"@type":"PropertyValueSpecification","valueRequired":true,"valueName":"search_term_string"}}],"inLanguage":"fr-FR"},{"@type":"Organization","@id":"https:\/\/blog.gsa-messgeraete.de\/fr\/#organization","name":"GSA Messger\u00e4tebau GmbH","url":"https:\/\/blog.gsa-messgeraete.de\/fr\/","logo":{"@type":"ImageObject","inLanguage":"fr-FR","@id":"https:\/\/blog.gsa-messgeraete.de\/fr\/#\/schema\/logo\/image\/","url":"https:\/\/blog.gsa-messgeraete.de\/wp-content\/uploads\/2016\/12\/cropped-Logo-GSA-Messgeraete-1.jpg","contentUrl":"https:\/\/blog.gsa-messgeraete.de\/wp-content\/uploads\/2016\/12\/cropped-Logo-GSA-Messgeraete-1.jpg","width":350,"height":164,"caption":"GSA Messger\u00e4tebau GmbH"},"image":{"@id":"https:\/\/blog.gsa-messgeraete.de\/fr\/#\/schema\/logo\/image\/"}},{"@type":"Person","@id":"https:\/\/blog.gsa-messgeraete.de\/fr\/#\/schema\/person\/66e89e6575b5aa6008b4ea0acc5d38ed","name":"Cornelia Umland","image":{"@type":"ImageObject","inLanguage":"fr-FR","@id":"https:\/\/secure.gravatar.com\/avatar\/311de0177214f59652729d2b4d5d895fe80bb802ddc18b84ebfe9a2c8edeceb9?s=96&d=mm&r=g","url":"https:\/\/secure.gravatar.com\/avatar\/311de0177214f59652729d2b4d5d895fe80bb802ddc18b84ebfe9a2c8edeceb9?s=96&d=mm&r=g","contentUrl":"https:\/\/secure.gravatar.com\/avatar\/311de0177214f59652729d2b4d5d895fe80bb802ddc18b84ebfe9a2c8edeceb9?s=96&d=mm&r=g","caption":"Cornelia Umland"},"sameAs":["https:\/\/x.com\/UmlandC"],"url":"https:\/\/blog.gsa-messgeraete.de\/fr\/author\/cn-umland\/"}]}},"_links":{"self":[{"href":"https:\/\/blog.gsa-messgeraete.de\/fr\/wp-json\/wp\/v2\/posts\/14865","targetHints":{"allow":["GET"]}}],"collection":[{"href":"https:\/\/blog.gsa-messgeraete.de\/fr\/wp-json\/wp\/v2\/posts"}],"about":[{"href":"https:\/\/blog.gsa-messgeraete.de\/fr\/wp-json\/wp\/v2\/types\/post"}],"author":[{"embeddable":true,"href":"https:\/\/blog.gsa-messgeraete.de\/fr\/wp-json\/wp\/v2\/users\/3"}],"replies":[{"embeddable":true,"href":"https:\/\/blog.gsa-messgeraete.de\/fr\/wp-json\/wp\/v2\/comments?post=14865"}],"version-history":[{"count":8,"href":"https:\/\/blog.gsa-messgeraete.de\/fr\/wp-json\/wp\/v2\/posts\/14865\/revisions"}],"predecessor-version":[{"id":16566,"href":"https:\/\/blog.gsa-messgeraete.de\/fr\/wp-json\/wp\/v2\/posts\/14865\/revisions\/16566"}],"wp:featuredmedia":[{"embeddable":true,"href":"https:\/\/blog.gsa-messgeraete.de\/fr\/wp-json\/wp\/v2\/media\/14874"}],"wp:attachment":[{"href":"https:\/\/blog.gsa-messgeraete.de\/fr\/wp-json\/wp\/v2\/media?parent=14865"}],"wp:term":[{"taxonomy":"category","embeddable":true,"href":"https:\/\/blog.gsa-messgeraete.de\/fr\/wp-json\/wp\/v2\/categories?post=14865"},{"taxonomy":"post_tag","embeddable":true,"href":"https:\/\/blog.gsa-messgeraete.de\/fr\/wp-json\/wp\/v2\/tags?post=14865"}],"curies":[{"name":"wp","href":"https:\/\/api.w.org\/{rel}","templated":true}]}}