{"id":14911,"date":"2023-08-01T15:29:59","date_gmt":"2023-08-01T13:29:59","guid":{"rendered":"https:\/\/blog.gsa-messgeraete.de\/valeurs-limites-des-pop-desormais-dans-le-reglement-de-lue\/"},"modified":"2026-03-02T13:13:19","modified_gmt":"2026-03-02T12:13:19","slug":"valeurs-limites-des-pop-desormais-dans-le-reglement-de-lue","status":"publish","type":"post","link":"https:\/\/blog.gsa-messgeraete.de\/fr\/valeurs-limites-des-pop-desormais-dans-le-reglement-de-lue\/","title":{"rendered":"Valeurs limites des POP d\u00e9sormais dans le r\u00e8glement de l&rsquo;UE"},"content":{"rendered":"\n<p>Afin de mieux prot\u00e9ger la sant\u00e9 humaine et l&rsquo;environnement des dommages caus\u00e9s par les <em>polluants organiques persistants (<\/em><em>POP)<\/em> \u00e0 long terme et difficilement d\u00e9gradables, un nouveau r\u00e8glement de l&rsquo;UE a \u00e9t\u00e9 adopt\u00e9 le 29 d\u00e9cembre 2022 et est entr\u00e9 en vigueur le 10 juin 2023. Il introduit pour la premi\u00e8re fois des valeurs limites pour certains produits chimiques organiques persistants (POP) et les renforce pour certains polluants. <\/p>\n\n<!--more-->\n\n<h2 class=\"wp-block-heading\"><br\/>Caract\u00e9ristiques des polluants organiques persistants &#8211; POP<\/h2>\n\n<p>Les <strong>polluants organiques persistants et difficilement d\u00e9gradables (POP<\/strong>) peuvent \u00eatre <em>produits de mani\u00e8re synth\u00e9tique<\/em> ou \u00eatre issus de diff\u00e9rents <em>processus de combustion<\/em>. Les POP (en anglais Persistent Organic Pollutants) sont des compos\u00e9s organiques et ont une longue dur\u00e9e de vie. Comme ils s&rsquo;accumulent dans la cha\u00eene alimentaire, ils ont des effets toxiques sur les humains et les animaux.  <\/p>\n\n<p><br\/><\/p>\n\n<h2 class=\"wp-block-heading\">Pr\u00e9sence de polluants organiques persistants <\/h2>\n\n<p>Aujourd&rsquo;hui, <strong>les POP<\/strong> sont d\u00e9tectables m\u00eame dans les endroits les plus recul\u00e9s, comme l&rsquo;Antarctique, car ils ont le potentiel de se disperser facilement sur de longues distances. Aujourd&rsquo;hui, les polluants organiques persistants ne sont g\u00e9n\u00e9ralement plus utilis\u00e9s dans la fabrication de produits. Cependant, ils peuvent encore \u00eatre d\u00e9tect\u00e9s dans certains types de d\u00e9chets. Il s&rsquo;agit notamment d&rsquo;<strong><em>appareils \u00e9lectroniques anciens<\/em>, de <em>meubles<\/em>, de <em>produits en plastique<\/em> ou de <\/strong><strong> <em>les textiles imperm\u00e9ables<\/em><\/strong>.    <\/p>\n\n<p>En outre, certains produits phytosanitaires comme <em><strong>le dichlorodiph\u00e9nyltrichloro\u00e9thane<\/strong> <\/em>(<em><strong>DDT<\/strong><\/em>) et des <strong><em>p<\/em><\/strong><em><strong>roduits chimiques industriels<\/strong><\/em> comme <em><strong>les polychlorobiph\u00e9nyles (PCB)<\/strong><\/em> et <em><strong>les polychloroterph\u00e9nyles<\/strong> <strong>(PCT) <\/strong><\/em>\u00e0 cet effet. Ils peuvent \u00e9galement \u00eatre g\u00e9n\u00e9r\u00e9s en tant que sous-produits ind\u00e9sirables lors des processus de production et de combustion, comme par exemple <strong><em>les dioxines <\/em><\/strong>et <em><strong>furanes<\/strong><\/em>. <\/p>\n\n<p><br\/><\/p>\n\n<h2 class=\"wp-block-heading\">Nocivit\u00e9 particuli\u00e8re due aux d\u00e9chets contenant des POP<\/h2>\n\n<p>En raison des risques li\u00e9s aux d\u00e9chets contenant des POP, une r\u00e9glementation stricte est en vigueur pour prot\u00e9ger la sant\u00e9 et l&rsquo;environnement. Tous les d\u00e9chets contenant ces substances doivent \u00eatre \u00e9limin\u00e9s de mani\u00e8re \u00e9cologiquement rationnelle. Cela permet de r\u00e9duire autant que possible ou d&rsquo;\u00e9liminer compl\u00e8tement les \u00e9missions nocives que ces substances peuvent provoquer. Lorsque les d\u00e9chets contenant des POP sont \u00e9limin\u00e9s au-del\u00e0 de certaines limites de concentration, le contenu en POP doit \u00eatre d\u00e9truit ou irr\u00e9versiblement transform\u00e9.   <\/p>\n\n<p><br\/><\/p>\n\n<h2 class=\"wp-block-heading\">Effets potentiels des POP sur la sant\u00e9 et l&rsquo;environnement<\/h2>\n\n<p>Les substances organiques persistantes peuvent avoir des effets importants sur la sant\u00e9 humaine. Comme elles sont facilement absorb\u00e9es par l&rsquo;alimentation et l&rsquo;environnement, elles peuvent endommager les organes et les circuits. Elles peuvent entra\u00eener des maladies des syst\u00e8mes immunitaire, endocrinien et cardiovasculaire humains. En outre, le syst\u00e8me respiratoire et la capacit\u00e9 de reproduction sont menac\u00e9s.   <\/p>\n\n<p><br\/><\/p>\n\n<h2 class=\"wp-block-heading\">R\u00e8glement de l&rsquo;UE sur les produits chimiques POP \u00e0 partir du 10 juin 2023<\/h2>\n\n<p>Un nouveau r\u00e8glement de l&rsquo;UE du Parlement europ\u00e9en et du Conseil sur les polluants organiques persistants entrera en vigueur le 10 juin 2023. La version actualis\u00e9e vise \u00e0 prot\u00e9ger beaucoup plus fortement l&rsquo;environnement et la sant\u00e9 contre l&rsquo;exposition \u00e0 des substances nocives. Pour atteindre cet objectif, des valeurs limites sont fix\u00e9es pour la premi\u00e8re fois pour certaines substances dangereuses. Le nouveau r\u00e8glement de l&rsquo;UE renforce \u00e9galement les valeurs limites pr\u00e9c\u00e9demment applicables \u00e0 certains polluants.     <\/p>\n\n<p><br\/><\/p>\n\n<h2 class=\"wp-block-heading\">Nouvelles valeurs limites pour les polluants organiques persistants<\/h2>\n\n<p>Le r\u00e8glement de l&rsquo;UE, applicable \u00e0 partir du 10 juin 2023, fixe pour la premi\u00e8re fois des valeurs limites pour certaines substances organiques persistantes:<\/p>\n\n<ul class=\"wp-block-list\">\n<li>Acide perfluorooctano\u00efque <\/li>\n\n\n\n<li>Acide perfluorohexanesulfonique<\/li>\n\n\n\n<li>Dicofol et pentachloroph\u00e9nol (pr\u00e9sents notamment dans les boues d&rsquo;incendie ou le bois trait\u00e9)<\/li>\n<\/ul>\n\n<p>En outre, les valeurs limites de certaines substances utilis\u00e9es dans les retardateurs de flamme ont \u00e9t\u00e9 renforc\u00e9es :<\/p>\n\n<ul class=\"wp-block-list\">\n<li>\u00c9thers diph\u00e9nyliques polybrom\u00e9s  <\/li>\n\n\n\n<li>Hexabromocyclodod\u00e9cane  <\/li>\n<\/ul>\n\n<p><br\/><\/p>\n\n<h2 class=\"wp-block-heading\">Objectifs du r\u00e8glement de l&rsquo;UE mis \u00e0 jour<\/h2>\n\n<p>L&rsquo;introduction de nouvelles valeurs limites doit permettre de limiter les apports de ces substances chimiques dans le cycle. Parall\u00e8lement, ces r\u00e9glementations devraient permettre de mieux atteindre les diff\u00e9rents objectifs de l&rsquo;UE fix\u00e9s dans les plans d&rsquo;action pour l&rsquo;\u00e9conomie circulaire, la lutte contre la pollution et l&rsquo;am\u00e9lioration de la durabilit\u00e9. <\/p>\n\n<p><br\/><\/p>\n\n<h2 class=\"wp-block-heading\">Accords internationaux sur la gestion des POP<\/h2>\n\n<p>Les substances organiques persistantes dangereuses (POP) \u00e9tant largement r\u00e9pandues, elles sont limit\u00e9es par la coop\u00e9ration et les conventions internationales afin de les r\u00e9duire et de les \u00e9liminer. Les r\u00e8glements de l&rsquo;UE concernant les POP sont bas\u00e9s sur la Convention de Stockholm de 2001 et la Convention sur la pollution atmosph\u00e9rique transfronti\u00e8re \u00e0 longue distance de 1983, qui interdisent ou limitent la production, l&rsquo;utilisation, l&rsquo;importation et l&rsquo;exportation ainsi que les produits contenant ces substances. L&rsquo;objectif est d&rsquo;\u00e9viter que les POP ne se r\u00e9pandent dans l&rsquo;environnement. Si aucune utilisation n&rsquo;est autoris\u00e9e pour les substances organiques persistantes, des r\u00e8gles sp\u00e9cifiques pour leur \u00e9limination entrent en vigueur.      <\/p>\n\n<p><br\/><\/p>\n\n<p><strong>Sources<\/strong>:<strong> <\/strong><\/p>\n\n<p>Source de l&rsquo;image: 123rf.com \u00a9 tigercat, image n\u00b0 138707678<\/p>\n\n<p>www.aerzteblatt.de\/nachrichten\/139911\/EU-Regeln-zum-Verbot-schaedlicher-Chemikalien-treten-in-Kraft<\/p>\n\n<p>www.baua.de\/DE\/Themen\/Anwendungssichere-Chemikalien-und-Produkte\/Chemikalienrecht\/POP\/POP.html<\/p>\n\n<p>www.bvl.bund.de\/DE\/Arbeitsbereiche\/04_Pflanzenschutzmittel\/03_Antragsteller\/13_Rechtsvorschriften\/03_intern_abk\/03_pop\/psm_intern_abk_pop_node.html<\/p>\n\n<p>www.bmuv.de\/themen\/gesundheit-chemikalien\/chemikalien\/pops<\/p>\n\n<p>www.echa.europa.eu\/de\/proposals-for-new-pops<\/p>\n\n<p>www.environment.ec.europa.eu\/topics\/waste-and-recycling\/waste-containing-pops_en<\/p>\n\n<p>www.eur-lex.europa.eu\/DE\/legal-content\/summary\/protecting-health-and-the-environment-from-persistent-organic-pollutants.html<\/p>\n\n<p>www.umweltbundesamt.de\/themen\/chemikalien\/persistente-organische-schadstoffe-pop<\/p>\n\n<p>www.unece.org\/convention-and-its-achievements<\/p>\n","protected":false},"excerpt":{"rendered":"<p>Afin de mieux prot\u00e9ger la sant\u00e9 humaine et l&rsquo;environnement des dommages caus\u00e9s par les polluants organiques persistants (POP) \u00e0 long terme et difficilement d\u00e9gradables, un nouveau r\u00e8glement de l&rsquo;UE a \u00e9t\u00e9 adopt\u00e9 le 29 d\u00e9cembre 2022 et est entr\u00e9 en vigueur le 10 juin 2023. Il introduit pour la premi\u00e8re fois des valeurs limites pour &#8230; <a title=\"Valeurs limites des POP d\u00e9sormais dans le r\u00e8glement de l&rsquo;UE\" class=\"read-more\" href=\"https:\/\/blog.gsa-messgeraete.de\/fr\/valeurs-limites-des-pop-desormais-dans-le-reglement-de-lue\/\" aria-label=\"En savoir plus sur Valeurs limites des POP d\u00e9sormais dans le r\u00e8glement de l&rsquo;UE\">Lire la suite<\/a><\/p>\n","protected":false},"author":3,"featured_media":14922,"comment_status":"closed","ping_status":"open","sticky":false,"template":"","format":"standard","meta":{"_exactmetrics_skip_tracking":false,"_exactmetrics_sitenote_active":false,"_exactmetrics_sitenote_note":"","_exactmetrics_sitenote_category":0,"footnotes":""},"categories":[2953],"tags":[886,3110,3142,3147,3146,112,887,847,3145,3144],"class_list":["post-14911","post","type-post","status-publish","format-standard","has-post-thumbnail","hentry","category-polluants","tag-ddt","tag-dioxines","tag-furanes","tag-les-effets-des-pop-sur-la-sante-et-lenvironnement","tag-les-matieres-organiques-persistantes","tag-pcb","tag-pct","tag-pop","tag-pop-valeurs-limites","tag-substances-organiques-persistantes"],"yoast_head":"<!-- This site is optimized with the Yoast SEO plugin v27.5 - https:\/\/yoast.com\/product\/yoast-seo-wordpress\/ -->\n<title>Valeurs limites des POP d\u00e9sormais dans le r\u00e8glement de l&#039;UE - blog.gsa-messgeraete.de<\/title>\n<meta name=\"description\" content=\"Des valeurs limites sont introduites pour mieux prot\u00e9ger la sant\u00e9 et l&#039;environnement contre les polluants organiques persistants (POP).\" \/>\n<meta name=\"robots\" content=\"index, follow, max-snippet:-1, max-image-preview:large, max-video-preview:-1\" \/>\n<link rel=\"canonical\" href=\"https:\/\/blog.gsa-messgeraete.de\/fr\/valeurs-limites-des-pop-desormais-dans-le-reglement-de-lue\/\" \/>\n<meta property=\"og:locale\" content=\"fr_FR\" \/>\n<meta property=\"og:type\" content=\"article\" \/>\n<meta property=\"og:title\" content=\"Valeurs limites des POP d\u00e9sormais dans le r\u00e8glement de l&#039;UE - blog.gsa-messgeraete.de\" \/>\n<meta property=\"og:description\" content=\"Des valeurs limites sont introduites pour mieux prot\u00e9ger la sant\u00e9 et l&#039;environnement contre les polluants organiques persistants (POP).\" \/>\n<meta property=\"og:url\" content=\"https:\/\/blog.gsa-messgeraete.de\/fr\/valeurs-limites-des-pop-desormais-dans-le-reglement-de-lue\/\" \/>\n<meta property=\"og:site_name\" content=\"blog.gsa-messgeraete.de\" \/>\n<meta property=\"article:published_time\" content=\"2023-08-01T13:29:59+00:00\" \/>\n<meta property=\"article:modified_time\" content=\"2026-03-02T12:13:19+00:00\" \/>\n<meta property=\"og:image\" content=\"https:\/\/blog.gsa-messgeraete.de\/wp-content\/uploads\/2023\/08\/POP-Plastique-Mer.jpg\" \/>\n\t<meta property=\"og:image:width\" content=\"600\" \/>\n\t<meta property=\"og:image:height\" content=\"400\" \/>\n\t<meta property=\"og:image:type\" content=\"image\/jpeg\" \/>\n<meta name=\"author\" content=\"Cornelia Umland\" \/>\n<meta name=\"twitter:card\" content=\"summary_large_image\" \/>\n<meta name=\"twitter:creator\" content=\"@UmlandC\" \/>\n<meta name=\"twitter:label1\" content=\"\u00c9crit par\" \/>\n\t<meta name=\"twitter:data1\" content=\"Cornelia Umland\" \/>\n\t<meta name=\"twitter:label2\" content=\"Dur\u00e9e de lecture estim\u00e9e\" \/>\n\t<meta name=\"twitter:data2\" content=\"5 minutes\" \/>\n<script type=\"application\/ld+json\" class=\"yoast-schema-graph\">{\"@context\":\"https:\\\/\\\/schema.org\",\"@graph\":[{\"@type\":\"Article\",\"@id\":\"https:\\\/\\\/blog.gsa-messgeraete.de\\\/fr\\\/valeurs-limites-des-pop-desormais-dans-le-reglement-de-lue\\\/#article\",\"isPartOf\":{\"@id\":\"https:\\\/\\\/blog.gsa-messgeraete.de\\\/fr\\\/valeurs-limites-des-pop-desormais-dans-le-reglement-de-lue\\\/\"},\"author\":{\"name\":\"Cornelia Umland\",\"@id\":\"https:\\\/\\\/blog.gsa-messgeraete.de\\\/fr\\\/#\\\/schema\\\/person\\\/66e89e6575b5aa6008b4ea0acc5d38ed\"},\"headline\":\"Valeurs limites des POP d\u00e9sormais dans le r\u00e8glement de l&rsquo;UE\",\"datePublished\":\"2023-08-01T13:29:59+00:00\",\"dateModified\":\"2026-03-02T12:13:19+00:00\",\"mainEntityOfPage\":{\"@id\":\"https:\\\/\\\/blog.gsa-messgeraete.de\\\/fr\\\/valeurs-limites-des-pop-desormais-dans-le-reglement-de-lue\\\/\"},\"wordCount\":932,\"publisher\":{\"@id\":\"https:\\\/\\\/blog.gsa-messgeraete.de\\\/fr\\\/#organization\"},\"image\":{\"@id\":\"https:\\\/\\\/blog.gsa-messgeraete.de\\\/fr\\\/valeurs-limites-des-pop-desormais-dans-le-reglement-de-lue\\\/#primaryimage\"},\"thumbnailUrl\":\"https:\\\/\\\/blog.gsa-messgeraete.de\\\/wp-content\\\/uploads\\\/2023\\\/08\\\/POP-Plastique-Mer.jpg\",\"keywords\":[\"DDT\",\"Dioxines\",\"Furanes\",\"Les effets des POP sur la sant\u00e9 et l'environnement\",\"les mati\u00e8res organiques persistantes\",\"PCB\",\"PCT\",\"POP\",\"POP valeurs limites\",\"Substances organiques persistantes\"],\"articleSection\":[\"Polluants\"],\"inLanguage\":\"fr-FR\"},{\"@type\":\"WebPage\",\"@id\":\"https:\\\/\\\/blog.gsa-messgeraete.de\\\/fr\\\/valeurs-limites-des-pop-desormais-dans-le-reglement-de-lue\\\/\",\"url\":\"https:\\\/\\\/blog.gsa-messgeraete.de\\\/fr\\\/valeurs-limites-des-pop-desormais-dans-le-reglement-de-lue\\\/\",\"name\":\"Valeurs limites des POP d\u00e9sormais dans le r\u00e8glement de l'UE - blog.gsa-messgeraete.de\",\"isPartOf\":{\"@id\":\"https:\\\/\\\/blog.gsa-messgeraete.de\\\/fr\\\/#website\"},\"primaryImageOfPage\":{\"@id\":\"https:\\\/\\\/blog.gsa-messgeraete.de\\\/fr\\\/valeurs-limites-des-pop-desormais-dans-le-reglement-de-lue\\\/#primaryimage\"},\"image\":{\"@id\":\"https:\\\/\\\/blog.gsa-messgeraete.de\\\/fr\\\/valeurs-limites-des-pop-desormais-dans-le-reglement-de-lue\\\/#primaryimage\"},\"thumbnailUrl\":\"https:\\\/\\\/blog.gsa-messgeraete.de\\\/wp-content\\\/uploads\\\/2023\\\/08\\\/POP-Plastique-Mer.jpg\",\"datePublished\":\"2023-08-01T13:29:59+00:00\",\"dateModified\":\"2026-03-02T12:13:19+00:00\",\"description\":\"Des valeurs limites sont introduites pour mieux prot\u00e9ger la sant\u00e9 et l'environnement contre les polluants organiques persistants (POP).\",\"breadcrumb\":{\"@id\":\"https:\\\/\\\/blog.gsa-messgeraete.de\\\/fr\\\/valeurs-limites-des-pop-desormais-dans-le-reglement-de-lue\\\/#breadcrumb\"},\"inLanguage\":\"fr-FR\",\"potentialAction\":[{\"@type\":\"ReadAction\",\"target\":[\"https:\\\/\\\/blog.gsa-messgeraete.de\\\/fr\\\/valeurs-limites-des-pop-desormais-dans-le-reglement-de-lue\\\/\"]}]},{\"@type\":\"ImageObject\",\"inLanguage\":\"fr-FR\",\"@id\":\"https:\\\/\\\/blog.gsa-messgeraete.de\\\/fr\\\/valeurs-limites-des-pop-desormais-dans-le-reglement-de-lue\\\/#primaryimage\",\"url\":\"https:\\\/\\\/blog.gsa-messgeraete.de\\\/wp-content\\\/uploads\\\/2023\\\/08\\\/POP-Plastique-Mer.jpg\",\"contentUrl\":\"https:\\\/\\\/blog.gsa-messgeraete.de\\\/wp-content\\\/uploads\\\/2023\\\/08\\\/POP-Plastique-Mer.jpg\",\"width\":600,\"height\":400,\"caption\":\"POP Plastique Mer\"},{\"@type\":\"BreadcrumbList\",\"@id\":\"https:\\\/\\\/blog.gsa-messgeraete.de\\\/fr\\\/valeurs-limites-des-pop-desormais-dans-le-reglement-de-lue\\\/#breadcrumb\",\"itemListElement\":[{\"@type\":\"ListItem\",\"position\":1,\"name\":\"Startseite\",\"item\":\"https:\\\/\\\/blog.gsa-messgeraete.de\\\/fr\\\/\"},{\"@type\":\"ListItem\",\"position\":2,\"name\":\"Valeurs limites des POP d\u00e9sormais dans le r\u00e8glement de l&#8217;UE\"}]},{\"@type\":\"WebSite\",\"@id\":\"https:\\\/\\\/blog.gsa-messgeraete.de\\\/fr\\\/#website\",\"url\":\"https:\\\/\\\/blog.gsa-messgeraete.de\\\/fr\\\/\",\"name\":\"blog.gsa-messgeraete.de\",\"description\":\"\",\"publisher\":{\"@id\":\"https:\\\/\\\/blog.gsa-messgeraete.de\\\/fr\\\/#organization\"},\"potentialAction\":[{\"@type\":\"SearchAction\",\"target\":{\"@type\":\"EntryPoint\",\"urlTemplate\":\"https:\\\/\\\/blog.gsa-messgeraete.de\\\/fr\\\/?s={search_term_string}\"},\"query-input\":{\"@type\":\"PropertyValueSpecification\",\"valueRequired\":true,\"valueName\":\"search_term_string\"}}],\"inLanguage\":\"fr-FR\"},{\"@type\":\"Organization\",\"@id\":\"https:\\\/\\\/blog.gsa-messgeraete.de\\\/fr\\\/#organization\",\"name\":\"GSA Messger\u00e4tebau GmbH\",\"url\":\"https:\\\/\\\/blog.gsa-messgeraete.de\\\/fr\\\/\",\"logo\":{\"@type\":\"ImageObject\",\"inLanguage\":\"fr-FR\",\"@id\":\"https:\\\/\\\/blog.gsa-messgeraete.de\\\/fr\\\/#\\\/schema\\\/logo\\\/image\\\/\",\"url\":\"https:\\\/\\\/blog.gsa-messgeraete.de\\\/wp-content\\\/uploads\\\/2016\\\/12\\\/cropped-Logo-GSA-Messgeraete-1.jpg\",\"contentUrl\":\"https:\\\/\\\/blog.gsa-messgeraete.de\\\/wp-content\\\/uploads\\\/2016\\\/12\\\/cropped-Logo-GSA-Messgeraete-1.jpg\",\"width\":350,\"height\":164,\"caption\":\"GSA Messger\u00e4tebau GmbH\"},\"image\":{\"@id\":\"https:\\\/\\\/blog.gsa-messgeraete.de\\\/fr\\\/#\\\/schema\\\/logo\\\/image\\\/\"}},{\"@type\":\"Person\",\"@id\":\"https:\\\/\\\/blog.gsa-messgeraete.de\\\/fr\\\/#\\\/schema\\\/person\\\/66e89e6575b5aa6008b4ea0acc5d38ed\",\"name\":\"Cornelia Umland\",\"image\":{\"@type\":\"ImageObject\",\"inLanguage\":\"fr-FR\",\"@id\":\"https:\\\/\\\/secure.gravatar.com\\\/avatar\\\/311de0177214f59652729d2b4d5d895fe80bb802ddc18b84ebfe9a2c8edeceb9?s=96&d=mm&r=g\",\"url\":\"https:\\\/\\\/secure.gravatar.com\\\/avatar\\\/311de0177214f59652729d2b4d5d895fe80bb802ddc18b84ebfe9a2c8edeceb9?s=96&d=mm&r=g\",\"contentUrl\":\"https:\\\/\\\/secure.gravatar.com\\\/avatar\\\/311de0177214f59652729d2b4d5d895fe80bb802ddc18b84ebfe9a2c8edeceb9?s=96&d=mm&r=g\",\"caption\":\"Cornelia Umland\"},\"sameAs\":[\"https:\\\/\\\/x.com\\\/UmlandC\"],\"url\":\"https:\\\/\\\/blog.gsa-messgeraete.de\\\/fr\\\/author\\\/cn-umland\\\/\"}]}<\/script>\n<!-- \/ Yoast SEO plugin. -->","yoast_head_json":{"title":"Valeurs limites des POP d\u00e9sormais dans le r\u00e8glement de l'UE - blog.gsa-messgeraete.de","description":"Des valeurs limites sont introduites pour mieux prot\u00e9ger la sant\u00e9 et l'environnement contre les polluants organiques persistants (POP).","robots":{"index":"index","follow":"follow","max-snippet":"max-snippet:-1","max-image-preview":"max-image-preview:large","max-video-preview":"max-video-preview:-1"},"canonical":"https:\/\/blog.gsa-messgeraete.de\/fr\/valeurs-limites-des-pop-desormais-dans-le-reglement-de-lue\/","og_locale":"fr_FR","og_type":"article","og_title":"Valeurs limites des POP d\u00e9sormais dans le r\u00e8glement de l'UE - blog.gsa-messgeraete.de","og_description":"Des valeurs limites sont introduites pour mieux prot\u00e9ger la sant\u00e9 et l'environnement contre les polluants organiques persistants (POP).","og_url":"https:\/\/blog.gsa-messgeraete.de\/fr\/valeurs-limites-des-pop-desormais-dans-le-reglement-de-lue\/","og_site_name":"blog.gsa-messgeraete.de","article_published_time":"2023-08-01T13:29:59+00:00","article_modified_time":"2026-03-02T12:13:19+00:00","og_image":[{"width":600,"height":400,"url":"https:\/\/blog.gsa-messgeraete.de\/wp-content\/uploads\/2023\/08\/POP-Plastique-Mer.jpg","type":"image\/jpeg"}],"author":"Cornelia Umland","twitter_card":"summary_large_image","twitter_creator":"@UmlandC","twitter_misc":{"\u00c9crit par":"Cornelia Umland","Dur\u00e9e de lecture estim\u00e9e":"5 minutes"},"schema":{"@context":"https:\/\/schema.org","@graph":[{"@type":"Article","@id":"https:\/\/blog.gsa-messgeraete.de\/fr\/valeurs-limites-des-pop-desormais-dans-le-reglement-de-lue\/#article","isPartOf":{"@id":"https:\/\/blog.gsa-messgeraete.de\/fr\/valeurs-limites-des-pop-desormais-dans-le-reglement-de-lue\/"},"author":{"name":"Cornelia Umland","@id":"https:\/\/blog.gsa-messgeraete.de\/fr\/#\/schema\/person\/66e89e6575b5aa6008b4ea0acc5d38ed"},"headline":"Valeurs limites des POP d\u00e9sormais dans le r\u00e8glement de l&rsquo;UE","datePublished":"2023-08-01T13:29:59+00:00","dateModified":"2026-03-02T12:13:19+00:00","mainEntityOfPage":{"@id":"https:\/\/blog.gsa-messgeraete.de\/fr\/valeurs-limites-des-pop-desormais-dans-le-reglement-de-lue\/"},"wordCount":932,"publisher":{"@id":"https:\/\/blog.gsa-messgeraete.de\/fr\/#organization"},"image":{"@id":"https:\/\/blog.gsa-messgeraete.de\/fr\/valeurs-limites-des-pop-desormais-dans-le-reglement-de-lue\/#primaryimage"},"thumbnailUrl":"https:\/\/blog.gsa-messgeraete.de\/wp-content\/uploads\/2023\/08\/POP-Plastique-Mer.jpg","keywords":["DDT","Dioxines","Furanes","Les effets des POP sur la sant\u00e9 et l'environnement","les mati\u00e8res organiques persistantes","PCB","PCT","POP","POP valeurs limites","Substances organiques persistantes"],"articleSection":["Polluants"],"inLanguage":"fr-FR"},{"@type":"WebPage","@id":"https:\/\/blog.gsa-messgeraete.de\/fr\/valeurs-limites-des-pop-desormais-dans-le-reglement-de-lue\/","url":"https:\/\/blog.gsa-messgeraete.de\/fr\/valeurs-limites-des-pop-desormais-dans-le-reglement-de-lue\/","name":"Valeurs limites des POP d\u00e9sormais dans le r\u00e8glement de l'UE - blog.gsa-messgeraete.de","isPartOf":{"@id":"https:\/\/blog.gsa-messgeraete.de\/fr\/#website"},"primaryImageOfPage":{"@id":"https:\/\/blog.gsa-messgeraete.de\/fr\/valeurs-limites-des-pop-desormais-dans-le-reglement-de-lue\/#primaryimage"},"image":{"@id":"https:\/\/blog.gsa-messgeraete.de\/fr\/valeurs-limites-des-pop-desormais-dans-le-reglement-de-lue\/#primaryimage"},"thumbnailUrl":"https:\/\/blog.gsa-messgeraete.de\/wp-content\/uploads\/2023\/08\/POP-Plastique-Mer.jpg","datePublished":"2023-08-01T13:29:59+00:00","dateModified":"2026-03-02T12:13:19+00:00","description":"Des valeurs limites sont introduites pour mieux prot\u00e9ger la sant\u00e9 et l'environnement contre les polluants organiques persistants (POP).","breadcrumb":{"@id":"https:\/\/blog.gsa-messgeraete.de\/fr\/valeurs-limites-des-pop-desormais-dans-le-reglement-de-lue\/#breadcrumb"},"inLanguage":"fr-FR","potentialAction":[{"@type":"ReadAction","target":["https:\/\/blog.gsa-messgeraete.de\/fr\/valeurs-limites-des-pop-desormais-dans-le-reglement-de-lue\/"]}]},{"@type":"ImageObject","inLanguage":"fr-FR","@id":"https:\/\/blog.gsa-messgeraete.de\/fr\/valeurs-limites-des-pop-desormais-dans-le-reglement-de-lue\/#primaryimage","url":"https:\/\/blog.gsa-messgeraete.de\/wp-content\/uploads\/2023\/08\/POP-Plastique-Mer.jpg","contentUrl":"https:\/\/blog.gsa-messgeraete.de\/wp-content\/uploads\/2023\/08\/POP-Plastique-Mer.jpg","width":600,"height":400,"caption":"POP Plastique Mer"},{"@type":"BreadcrumbList","@id":"https:\/\/blog.gsa-messgeraete.de\/fr\/valeurs-limites-des-pop-desormais-dans-le-reglement-de-lue\/#breadcrumb","itemListElement":[{"@type":"ListItem","position":1,"name":"Startseite","item":"https:\/\/blog.gsa-messgeraete.de\/fr\/"},{"@type":"ListItem","position":2,"name":"Valeurs limites des POP d\u00e9sormais dans le r\u00e8glement de l&#8217;UE"}]},{"@type":"WebSite","@id":"https:\/\/blog.gsa-messgeraete.de\/fr\/#website","url":"https:\/\/blog.gsa-messgeraete.de\/fr\/","name":"blog.gsa-messgeraete.de","description":"","publisher":{"@id":"https:\/\/blog.gsa-messgeraete.de\/fr\/#organization"},"potentialAction":[{"@type":"SearchAction","target":{"@type":"EntryPoint","urlTemplate":"https:\/\/blog.gsa-messgeraete.de\/fr\/?s={search_term_string}"},"query-input":{"@type":"PropertyValueSpecification","valueRequired":true,"valueName":"search_term_string"}}],"inLanguage":"fr-FR"},{"@type":"Organization","@id":"https:\/\/blog.gsa-messgeraete.de\/fr\/#organization","name":"GSA Messger\u00e4tebau GmbH","url":"https:\/\/blog.gsa-messgeraete.de\/fr\/","logo":{"@type":"ImageObject","inLanguage":"fr-FR","@id":"https:\/\/blog.gsa-messgeraete.de\/fr\/#\/schema\/logo\/image\/","url":"https:\/\/blog.gsa-messgeraete.de\/wp-content\/uploads\/2016\/12\/cropped-Logo-GSA-Messgeraete-1.jpg","contentUrl":"https:\/\/blog.gsa-messgeraete.de\/wp-content\/uploads\/2016\/12\/cropped-Logo-GSA-Messgeraete-1.jpg","width":350,"height":164,"caption":"GSA Messger\u00e4tebau GmbH"},"image":{"@id":"https:\/\/blog.gsa-messgeraete.de\/fr\/#\/schema\/logo\/image\/"}},{"@type":"Person","@id":"https:\/\/blog.gsa-messgeraete.de\/fr\/#\/schema\/person\/66e89e6575b5aa6008b4ea0acc5d38ed","name":"Cornelia Umland","image":{"@type":"ImageObject","inLanguage":"fr-FR","@id":"https:\/\/secure.gravatar.com\/avatar\/311de0177214f59652729d2b4d5d895fe80bb802ddc18b84ebfe9a2c8edeceb9?s=96&d=mm&r=g","url":"https:\/\/secure.gravatar.com\/avatar\/311de0177214f59652729d2b4d5d895fe80bb802ddc18b84ebfe9a2c8edeceb9?s=96&d=mm&r=g","contentUrl":"https:\/\/secure.gravatar.com\/avatar\/311de0177214f59652729d2b4d5d895fe80bb802ddc18b84ebfe9a2c8edeceb9?s=96&d=mm&r=g","caption":"Cornelia Umland"},"sameAs":["https:\/\/x.com\/UmlandC"],"url":"https:\/\/blog.gsa-messgeraete.de\/fr\/author\/cn-umland\/"}]}},"_links":{"self":[{"href":"https:\/\/blog.gsa-messgeraete.de\/fr\/wp-json\/wp\/v2\/posts\/14911","targetHints":{"allow":["GET"]}}],"collection":[{"href":"https:\/\/blog.gsa-messgeraete.de\/fr\/wp-json\/wp\/v2\/posts"}],"about":[{"href":"https:\/\/blog.gsa-messgeraete.de\/fr\/wp-json\/wp\/v2\/types\/post"}],"author":[{"embeddable":true,"href":"https:\/\/blog.gsa-messgeraete.de\/fr\/wp-json\/wp\/v2\/users\/3"}],"replies":[{"embeddable":true,"href":"https:\/\/blog.gsa-messgeraete.de\/fr\/wp-json\/wp\/v2\/comments?post=14911"}],"version-history":[{"count":10,"href":"https:\/\/blog.gsa-messgeraete.de\/fr\/wp-json\/wp\/v2\/posts\/14911\/revisions"}],"predecessor-version":[{"id":14921,"href":"https:\/\/blog.gsa-messgeraete.de\/fr\/wp-json\/wp\/v2\/posts\/14911\/revisions\/14921"}],"wp:featuredmedia":[{"embeddable":true,"href":"https:\/\/blog.gsa-messgeraete.de\/fr\/wp-json\/wp\/v2\/media\/14922"}],"wp:attachment":[{"href":"https:\/\/blog.gsa-messgeraete.de\/fr\/wp-json\/wp\/v2\/media?parent=14911"}],"wp:term":[{"taxonomy":"category","embeddable":true,"href":"https:\/\/blog.gsa-messgeraete.de\/fr\/wp-json\/wp\/v2\/categories?post=14911"},{"taxonomy":"post_tag","embeddable":true,"href":"https:\/\/blog.gsa-messgeraete.de\/fr\/wp-json\/wp\/v2\/tags?post=14911"}],"curies":[{"name":"wp","href":"https:\/\/api.w.org\/{rel}","templated":true}]}}