{"id":15095,"date":"2022-12-02T13:02:17","date_gmt":"2022-12-02T12:02:17","guid":{"rendered":"https:\/\/blog.gsa-messgeraete.de\/aerer-correctement-avec-des-appareils-de-mesure-du-co2-mesure-de-la-concentration-de-coronavirus-dans-lair-avec-vira-pore\/"},"modified":"2026-03-02T18:21:17","modified_gmt":"2026-03-02T17:21:17","slug":"aerer-correctement-avec-des-appareils-de-mesure-du-co2-mesure-de-la-concentration-de-coronavirus-dans-lair-avec-vira-pore","status":"publish","type":"post","link":"https:\/\/blog.gsa-messgeraete.de\/fr\/aerer-correctement-avec-des-appareils-de-mesure-du-co2-mesure-de-la-concentration-de-coronavirus-dans-lair-avec-vira-pore\/","title":{"rendered":"A\u00e9rer correctement avec des appareils de mesure du CO2 &#8211; Mesure de la concentration de coronavirus dans l&rsquo;air avec Vira-Pore"},"content":{"rendered":"\n<p><strong>Les appareils de mesure du CO2<\/strong> permettent de <strong>r\u00e9aliser des mesures<\/strong> pr\u00e9cises <strong>du dioxyde de carbone<\/strong> \u00e0 l&rsquo;int\u00e9rieur des b\u00e2timents et d&rsquo;alerter en cas <strong>de d\u00e9passement des mauvaises valeurs de l&rsquo;air ambiant<\/strong>. Ils contr\u00f4lent la qualit\u00e9 de l&rsquo;air en fonction de sa teneur actuelle en CO2 et rappellent, en cas de \u00ab\u00a0valeurs critiques\u00a0\u00bb, quand il est \u00e0 nouveau temps d&rsquo;a\u00e9rer. Cela se fait par exemple par le biais d&rsquo;un syst\u00e8me de feux de signalisation ou de signaux acoustiques.    <\/p>\n\n\n\n<!--more-->\n\n\n\n<p>Lorsque la <strong>teneur en CO2 de l&rsquo;air ambiant <\/strong>augmente, la <strong>charge virale est \u00e9galement plus \u00e9lev\u00e9e<\/strong>. Il y a alors plus d&rsquo;air expir\u00e9 avec des a\u00e9rosols dans l&rsquo;air. Ceux-ci peuvent transporter <strong>des coronavirus<\/strong> ou d&rsquo;autres virus, ce qui augmente le risque de contagion. En ce sens, <strong>les appareils de mesure du CO2<\/strong> remplissent une fonction importante et sont particuli\u00e8rement recommand\u00e9s pour <em>une utilisation dans les \u00e9coles<\/em> et <em>les lieux de travail<\/em>. Cependant, les appareils de mesure du CO2 ne peuvent pas identifier les coronavirus.<\/p>\n\n\n\n<p><br><\/p>\n\n\n\n<h2 class=\"wp-block-heading\">Utilisation des appareils de mesure du CO2 avec le Vira-Pore<\/h2>\n\n\n\n<p>Une \u00e9ventuelle contamination par le coronavirus peut \u00eatre consid\u00e9rablement r\u00e9duite en a\u00e9rant davantage. Cependant, il est toujours possible d&rsquo;\u00eatre infect\u00e9 par les dangereux coronavirus ou d&rsquo;autres variantes du virus.  <\/p>\n\n\n\n<p>Avec la <a href=\"https:\/\/www.gsa-messgeraete.de\/air-sampling-coronavirus\"><strong>cassette d&rsquo;\u00e9chantillonnage de virus Vira-Pore<\/strong><\/a> permet de pr\u00e9lever des coronavirus ou d&rsquo;autres types de virus avec un <strong><a href=\"https:\/\/www.gsa-messgeraete.de\/air-sampling-coronavirus\">Filtre ZePore<sup>tm<\/sup><\/a><\/strong> et de les faire analyser par des laboratoires professionnels. Il est ainsi possible de d\u00e9terminer avec pr\u00e9cision si la charge virale s&rsquo;est produite dans les locaux \u00e9chantillonn\u00e9s.<\/p>\n\n\n\n<p><br><\/p>\n\n\n\n<h2 class=\"wp-block-heading\">Concentration instantan\u00e9e de C02 &#8211; Valeurs guides<\/h2>\n\n\n\n<p>Dans tous les locaux o\u00f9 la teneur en CO2 et la charge virale doivent \u00eatre r\u00e9duites, les <strong>appareils de mesure du CO2 <\/strong><em>(feux de signalisation, d\u00e9tecteurs acoustiques<\/em>) remplissent g\u00e9n\u00e9ralement bien leur fonction. L&rsquo;intervalle d&rsquo;a\u00e9ration appropri\u00e9 peut \u00eatre facilement d\u00e9termin\u00e9 gr\u00e2ce aux affichages et signaux actuels. La <em>fonction d&rsquo;avertissement de CO2<\/em> de ces appareils est particuli\u00e8rement adapt\u00e9e aux <strong>salles de classe<\/strong> et <strong>aux entreprises<\/strong>, o\u00f9 de nombreuses personnes passent g\u00e9n\u00e9ralement beaucoup de temps ensemble.<\/p>\n\n\n\n<p><em>En 2008<\/em>, le <em>groupe de travail ad hoc sur les valeurs guides pour l&rsquo;air int\u00e9rieur<\/em> a d\u00e9fini <strong>des valeurs guides pour la concentration instantan\u00e9e de dioxyde de carbone (C02<\/strong>), <em>fond\u00e9es<\/em> <em>sur des consid\u00e9rations de sant\u00e9 et d&rsquo;hygi\u00e8ne<\/em>:<\/p>\n\n\n\n<ul class=\"wp-block-list\">\n<li>Concentration de dioxyde de carbone inf\u00e9rieure \u00e0 1000 ppm = hygi\u00e8ne assur\u00e9e<\/li>\n\n\n\n<li>Concentration de dioxyde de carbone \u00e0 partir de 1000 ppm jusqu&rsquo;\u00e0 2000 ppm = hygi\u00e8ne douteuse  <\/li>\n\n\n\n<li>Concentration de dioxyde de carbone sup\u00e9rieure \u00e0 2000 ppm = inacceptable sur le plan de l&rsquo;hygi\u00e8ne  <\/li>\n<\/ul>\n\n\n\n<p><br><strong>Au-del\u00e0 de 1000 ppm<\/strong> (soit 0,1%) de CO2 \u00e0 l&rsquo;int\u00e9rieur, il convient d&rsquo;<strong>a\u00e9rer<\/strong>, et <strong>\u00e0 partir de 2000<\/strong> <strong>ppm<\/strong> (soit 0,2%), il <strong>faut a\u00e9rer<\/strong>. Si l&rsquo;a\u00e9ration ne permet pas de r\u00e9duire la conductance de plus de 2000 ppm, d&rsquo;autres mesures appropri\u00e9es doivent \u00eatre prises, telles que la r\u00e9duction du nombre de personnes dans les locaux ou l&rsquo;utilisation de syst\u00e8mes techniques de filtration de l&rsquo;air.  <\/p>\n\n\n\n<p>Une <strong>teneur trop \u00e9lev\u00e9e en CO2<\/strong>, \u00e0 partir de 0,1 %, peut d\u00e9j\u00e0 nuire \u00e0 la sant\u00e9 et entra\u00eener <em>de la fatigue<\/em> et <em>un manque de concentration<\/em>. La <em>valeur moyenne de la concentration en CO2 <\/em>devrait donc rester <em>inf\u00e9rieure \u00e0 1000 ppm (0,1 %)<\/em>.<\/p>\n\n\n\n<p><br><\/p>\n\n\n\n<h2 class=\"wp-block-heading\">Fonctions des appareils de mesure du CO2<\/h2>\n\n\n\n<p><strong>Les appareils de mesure du CO2<\/strong> mesurent la concentration de dioxyde de carbone (Co2) dans l&rsquo;air ambiant. Ils disposent d&rsquo;un <strong>capteur<\/strong> qui est travers\u00e9 par le flux d&rsquo;air, ce qui permet de mesurer le pourcentage instantan\u00e9 de CO2 dans l&rsquo;air int\u00e9rieur. La valeur de CO2 obtenue est souvent <strong>affich\u00e9e sur un \u00e9cran<\/strong> en \u00ab\u00a0<strong>parties par million<\/strong>\u00ab\u00a0, abr\u00e9g\u00e9 en \u00ab\u00a0<strong>ppm<\/strong>\u00a0\u00bb (pourcentage en millions).<\/p>\n\n\n\n<p>En outre, il existe <strong>des mod\u00e8les d&rsquo;appareils de mesure du CO2<\/strong> dot\u00e9s d&rsquo;un syst\u00e8me de feux de signalisation facile \u00e0 lire. <strong><em>Syst\u00e8me de feux de signalisation<\/em><\/strong> comme des barres lumineuses, allant du \u00ab\u00a0vert\u00a0\u00bb pour un bon air ambiant au \u00ab\u00a0rouge\u00a0\u00bb pour signaler une concentration de CO2. Les capteurs de CO2 \u00e9mettent des <strong>signaux d&rsquo;alarme audibles<\/strong> en cas de d\u00e9passement critique de la teneur en dioxyde de carbone.  <\/p>\n\n\n\n<p>Les appareils disposent souvent de fonctions suppl\u00e9mentaires telles que l&rsquo;affichage de la <em>temp\u00e9rature ambiante<\/em> ou de <em>l&rsquo;humidit\u00e9<\/em>. Cela peut permettre d&rsquo;\u00e9viter <a href=\"https:\/\/blog.gsa-messgeraete.de\/mehr-schimmelbildung-im-sommer-ausbreitung-mit-sg5200-messen\/\">la formation de moisissures<\/a> ou de r\u00e9duire leur propagation. <\/p>\n\n\n\n<p><br><\/p>\n\n\n\n<h2 class=\"wp-block-heading\">Emplacements corrects pour les appareils de mesure du CO2 dans les locaux<\/h2>\n\n\n\n<p>Comme pour les autres appareils de <strong>mesure<\/strong>, les <strong>appareils de mesure du CO2<\/strong> doivent \u00eatre plac\u00e9s \u00e0 <em>hauteur de t\u00eate<\/em>, \u00e0 <em>hauteur de travail, de si\u00e8ge <\/em>ou de la <em>zone respiratoire<\/em>. Il existe des <strong>appareils mobiles<\/strong> et d&rsquo;autres qui sont <strong>fixes<\/strong>, par exemple qui ne peuvent \u00eatre <em>fix\u00e9s <\/em>que sur <em>un<\/em> mur.<\/p>\n\n\n\n<p><br><\/p>\n\n\n\n<h2 class=\"wp-block-heading\">Mesure de la concentration de coronavirus dans l&rsquo;air int\u00e9rieur avec la cassette d&rsquo;\u00e9chantillonnage de virus Vira-Pore  <\/h2>\n\n\n\n<p id=\"block-2eabff8a-7970-4d19-89c3-548d98e5c0d4\">Le site <a href=\"https:\/\/www.gsa-messgeraete.de\/air-sampling-coronavirus\"><strong>cassette d&rsquo;\u00e9chantillonnage de virus Vira-Pore<\/strong><\/a> est un support id\u00e9al pour la mesure des coronavirus dans les espaces int\u00e9rieurs. Elle permet \u00e9galement de tester si les intervalles d&rsquo;a\u00e9ration ou les dispositions prises jusqu&rsquo;\u00e0 pr\u00e9sent pour l&rsquo;a\u00e9ration sont suffisants. En cette p\u00e9riode de pand\u00e9mie, l&rsquo;utilisation de la sonde Viraco est particuli\u00e8rement recommand\u00e9e. <strong><a href=\"https:\/\/www.gsa-messgeraete.de\/air-sampling-coronavirus\">Cassette filtrante Vira-Pore<\/a> <\/strong>pour <a href=\"https:\/\/www.gsa-messgeraete.de\/air-sampling-coronavirus\"><strong>mesure de la concentration de coronavirus dans l&rsquo;air<\/strong><\/a> utile pour d\u00e9tecter rapidement la propagation rapide d&rsquo;infections \u00e0 l&rsquo;int\u00e9rieur des b\u00e2timents.<\/p>\n\n\n\n<p>Le <strong><a href=\"https:\/\/www.gsa-messgeraete.de\/air-sampling-coronavirus\">cassette filtrante Vira-Pore<\/a> <\/strong>avec les appareils de mesure GSA correspondants <a href=\"https:\/\/www.gsa-messgeraete.de\/SG10-2-SG10-2-sampler-battery-tube-guide-charger\"><strong>SG10-2<\/strong><\/a>, <a href=\"https:\/\/www.gsa-messgeraete.de\/SG10-2-SG10-2-sampler-battery-tube-guide-charger_1\"><strong>SG10-2A<\/strong><\/a> ou <a href=\"https:\/\/www.gsa-messgeraete.de\/SG12-Sampling-device-complete-with-power-supply-and-battery-operation\"><strong>SG12<\/strong><\/a> ne n\u00e9cessite en g\u00e9n\u00e9ral <em>que 10 minutes de mesure<\/em>. Les pr\u00e9l\u00e8vements se d\u00e9roulent presque sans interruption et en silence, de sorte que le travail (en \u00e9quipe), les cours ou le travail de bureau, par exemple, peuvent se d\u00e9rouler sans interruption pendant cette phase.<\/p>\n\n\n\n<p><\/p>\n\n\n\n<p>Avec l&rsquo;utilisation de la <strong><a href=\"https:\/\/www.gsa-messgeraete.de\/air-sampling-coronavirus\">cassette de pr\u00e9l\u00e8vement de virus Vira-Pore<\/a> <\/strong>permet de <em>tester r\u00e9guli\u00e8rement, comme quotidiennement, la pr\u00e9sence de coronavirus dans l&rsquo;air ambiant<\/em> de l&rsquo;entreprise. Apr\u00e8s l&rsquo;<strong><em>analyse en laboratoire<\/em><\/strong> on sait alors avec certitude si <strong>des coronavirus<\/strong> ou d&rsquo;autres <em>types de virus<\/em> sont pr\u00e9sents dans l&rsquo;air ambiant au sein d&rsquo;un groupe de personnes ou seulement chez des individus. Il est \u00e9galement possible de d\u00e9terminer la quantit\u00e9 ou la concentration de coronavirus dans l&rsquo;air. Il est important de proc\u00e9der \u00e0 des mesures r\u00e9guli\u00e8res si les personnes utilisent souvent les m\u00eames pi\u00e8ces pendant une longue p\u00e9riode et peuvent \u00eatre infect\u00e9es.<\/p>\n\n\n\n<p>Le site <a href=\"https:\/\/www.gsa-messgeraete.de\/air-sampling-coronavirus\"><strong>cassette d&rsquo;\u00e9chantillonnage de virus Vira-Pore<\/strong><\/a> permet donc de <em>r\u00e9aliser des tests de masse sur les coronavirus<\/em> <em>dans les locaux<\/em>. Nous nous ferons un plaisir de vous <a href=\"https:\/\/www.gsa-messgeraete.de\/contact\">conseiller<\/a> sur ce produit de <em>mesure de la concentration de coronavirus dans l&rsquo;air<\/em> et ses multiples applications.<\/p>\n\n\n\n<p><br><\/p>\n\n\n\n<p><strong>Sources: <\/strong><\/p>\n\n\n\n<p>Source de l&rsquo;image: 123rf.com \u00a9 belchonok Image n\u00b0 160716924<\/p>\n\n\n\n<p>www.bgn.de\/lueftungsrechner<\/p>\n\n\n\n<p>www.deutschlandfunk.de\/corona-und-aerosole-co2-ampeln-als-erinnerung-zum-lueften-100.html<\/p>\n\n\n\n<p>www.dguv.de\/medien\/ifa\/de\/pub\/rep\/pdf\/reports2013\/innenraumarbeitsplaetze\/kapitel_12_4.pdf<\/p>\n\n\n\n<p>www.gsa-messgeraete.de\/Messung_Konzentration_SARS-CoV-2-Viren_Luft_in_Wohnraeumen.pdf<\/p>\n\n\n\n<p>www.stern.de\/vergleich\/co2-messgeraet\/<\/p>\n\n\n\n<p>www.test.de\/CO2-Messgeraete-und-CO2-Ampeln-im-Test-5709239-0\/<\/p>\n\n\n\n<p>www.umweltbundesamt.de\/sites\/default\/files\/medien\/publikation\/long\/3689.pdf<\/p>\n\n\n\n<p>www.umweltbundesamt.de\/sites\/default\/files\/medien\/2294\/dokumente\/poster_richtigluften_uba_a3_cc.pdf<\/p>\n\n\n\n<p>www.bgw-online.de\/bgw-online-de\/corona-navigationsebene\/coronavirus\/richtig-lueften-in-corona-zeiten-43566<\/p>\n","protected":false},"excerpt":{"rendered":"<p>Les appareils de mesure du CO2 permettent de r\u00e9aliser des mesures pr\u00e9cises du dioxyde de carbone \u00e0 l&rsquo;int\u00e9rieur des b\u00e2timents et d&rsquo;alerter en cas de d\u00e9passement des mauvaises valeurs de l&rsquo;air ambiant. Ils contr\u00f4lent la qualit\u00e9 de l&rsquo;air en fonction de sa teneur actuelle en CO2 et rappellent, en cas de \u00ab\u00a0valeurs critiques\u00a0\u00bb, quand il &#8230; <a title=\"A\u00e9rer correctement avec des appareils de mesure du CO2 &#8211; Mesure de la concentration de coronavirus dans l&rsquo;air avec Vira-Pore\" class=\"read-more\" href=\"https:\/\/blog.gsa-messgeraete.de\/fr\/aerer-correctement-avec-des-appareils-de-mesure-du-co2-mesure-de-la-concentration-de-coronavirus-dans-lair-avec-vira-pore\/\" aria-label=\"En savoir plus sur A\u00e9rer correctement avec des appareils de mesure du CO2 &#8211; Mesure de la concentration de coronavirus dans l&rsquo;air avec Vira-Pore\">Lire la suite<\/a><\/p>\n","protected":false},"author":3,"featured_media":15105,"comment_status":"closed","ping_status":"open","sticky":false,"template":"","format":"standard","meta":{"_exactmetrics_skip_tracking":false,"_exactmetrics_sitenote_active":false,"_exactmetrics_sitenote_note":"","_exactmetrics_sitenote_category":0,"footnotes":""},"categories":[2959,3266],"tags":[3262,3268,3264,3267,3271,3269,678,3272,3273,60,273,74,3270,3274],"class_list":["post-15095","post","type-post","status-publish","format-standard","has-post-thumbnail","hentry","category-appareils-de-mesure","category-mesure-de-la-concentration-de-coronavirus-dans-lair","tag-air-ambiant","tag-appareils-de-mesure-du-co2","tag-cassette-dechantillonnage-vira-pore","tag-cassette-filtrante-vira-pore","tag-charge-virale","tag-concentration-instantanee-de-co2","tag-coronavirus","tag-mesure-de-la-concentration-de-coronavirus-dans-lair","tag-mesures-du-dioxyde-de-carbone","tag-sg10-2","tag-sg10-2a","tag-sg12","tag-teneur-en-co2","tag-valeurs-de-lair-interieur"],"yoast_head":"<!-- This site is optimized with the Yoast SEO plugin v27.2 - https:\/\/yoast.com\/product\/yoast-seo-wordpress\/ -->\n<title>A\u00e9rer correctement avec des appareils de mesure du CO2 - Mesure de la concentration de coronavirus dans l&#039;air avec Vira-Pore - blog.gsa-messgeraete.de<\/title>\n<meta name=\"description\" content=\"Mesure de la concentration de coronavirus dans l&#039;air \u00e0 l&#039;aide de la cassette d&#039;\u00e9chantillonnage Vira-Pore afin d&#039;analyser l&#039;air int\u00e9rieur.\" \/>\n<meta name=\"robots\" content=\"index, follow, max-snippet:-1, max-image-preview:large, max-video-preview:-1\" \/>\n<link rel=\"canonical\" href=\"https:\/\/blog.gsa-messgeraete.de\/fr\/aerer-correctement-avec-des-appareils-de-mesure-du-co2-mesure-de-la-concentration-de-coronavirus-dans-lair-avec-vira-pore\/\" \/>\n<meta property=\"og:locale\" content=\"fr_FR\" \/>\n<meta property=\"og:type\" content=\"article\" \/>\n<meta property=\"og:title\" content=\"A\u00e9rer correctement avec des appareils de mesure du CO2 - Mesure de la concentration de coronavirus dans l&#039;air avec Vira-Pore - blog.gsa-messgeraete.de\" \/>\n<meta property=\"og:description\" content=\"Mesure de la concentration de coronavirus dans l&#039;air \u00e0 l&#039;aide de la cassette d&#039;\u00e9chantillonnage Vira-Pore afin d&#039;analyser l&#039;air int\u00e9rieur.\" \/>\n<meta property=\"og:url\" content=\"https:\/\/blog.gsa-messgeraete.de\/fr\/aerer-correctement-avec-des-appareils-de-mesure-du-co2-mesure-de-la-concentration-de-coronavirus-dans-lair-avec-vira-pore\/\" \/>\n<meta property=\"og:site_name\" content=\"blog.gsa-messgeraete.de\" \/>\n<meta property=\"article:published_time\" content=\"2022-12-02T12:02:17+00:00\" \/>\n<meta property=\"article:modified_time\" content=\"2026-03-02T17:21:17+00:00\" \/>\n<meta property=\"og:image\" content=\"https:\/\/blog.gsa-messgeraete.de\/wp-content\/uploads\/2022\/12\/Mesure-de-lair-Coronavirus.jpg\" \/>\n\t<meta property=\"og:image:width\" content=\"600\" \/>\n\t<meta property=\"og:image:height\" content=\"400\" \/>\n\t<meta property=\"og:image:type\" content=\"image\/jpeg\" \/>\n<meta name=\"author\" content=\"Cornelia Umland\" \/>\n<meta name=\"twitter:card\" content=\"summary_large_image\" \/>\n<meta name=\"twitter:creator\" content=\"@UmlandC\" \/>\n<meta name=\"twitter:label1\" content=\"\u00c9crit par\" \/>\n\t<meta name=\"twitter:data1\" content=\"Cornelia Umland\" \/>\n\t<meta name=\"twitter:label2\" content=\"Dur\u00e9e de lecture estim\u00e9e\" \/>\n\t<meta name=\"twitter:data2\" content=\"7 minutes\" \/>\n<script type=\"application\/ld+json\" class=\"yoast-schema-graph\">{\"@context\":\"https:\/\/schema.org\",\"@graph\":[{\"@type\":\"Article\",\"@id\":\"https:\/\/blog.gsa-messgeraete.de\/fr\/aerer-correctement-avec-des-appareils-de-mesure-du-co2-mesure-de-la-concentration-de-coronavirus-dans-lair-avec-vira-pore\/#article\",\"isPartOf\":{\"@id\":\"https:\/\/blog.gsa-messgeraete.de\/fr\/aerer-correctement-avec-des-appareils-de-mesure-du-co2-mesure-de-la-concentration-de-coronavirus-dans-lair-avec-vira-pore\/\"},\"author\":{\"name\":\"Cornelia Umland\",\"@id\":\"https:\/\/blog.gsa-messgeraete.de\/fr\/#\/schema\/person\/66e89e6575b5aa6008b4ea0acc5d38ed\"},\"headline\":\"A\u00e9rer correctement avec des appareils de mesure du CO2 &#8211; Mesure de la concentration de coronavirus dans l&rsquo;air avec Vira-Pore\",\"datePublished\":\"2022-12-02T12:02:17+00:00\",\"dateModified\":\"2026-03-02T17:21:17+00:00\",\"mainEntityOfPage\":{\"@id\":\"https:\/\/blog.gsa-messgeraete.de\/fr\/aerer-correctement-avec-des-appareils-de-mesure-du-co2-mesure-de-la-concentration-de-coronavirus-dans-lair-avec-vira-pore\/\"},\"wordCount\":1283,\"publisher\":{\"@id\":\"https:\/\/blog.gsa-messgeraete.de\/fr\/#organization\"},\"image\":{\"@id\":\"https:\/\/blog.gsa-messgeraete.de\/fr\/aerer-correctement-avec-des-appareils-de-mesure-du-co2-mesure-de-la-concentration-de-coronavirus-dans-lair-avec-vira-pore\/#primaryimage\"},\"thumbnailUrl\":\"https:\/\/blog.gsa-messgeraete.de\/wp-content\/uploads\/2022\/12\/Mesure-de-lair-Coronavirus.jpg\",\"keywords\":[\"Air ambiant\",\"Appareils de mesure du CO2\",\"Cassette d'\u00e9chantillonnage Vira-Pore\",\"Cassette filtrante Vira-Pore\",\"Charge virale\",\"Concentration instantan\u00e9e de CO2\",\"Coronavirus\",\"Mesure de la concentration de coronavirus dans l'air\",\"Mesures du dioxyde de carbone\",\"SG10-2\",\"SG10-2A\",\"SG12\",\"Teneur en CO2\",\"Valeurs de l'air int\u00e9rieur\"],\"articleSection\":[\"appareils de mesure\",\"Mesure de la concentration de coronavirus dans l'air\"],\"inLanguage\":\"fr-FR\"},{\"@type\":\"WebPage\",\"@id\":\"https:\/\/blog.gsa-messgeraete.de\/fr\/aerer-correctement-avec-des-appareils-de-mesure-du-co2-mesure-de-la-concentration-de-coronavirus-dans-lair-avec-vira-pore\/\",\"url\":\"https:\/\/blog.gsa-messgeraete.de\/fr\/aerer-correctement-avec-des-appareils-de-mesure-du-co2-mesure-de-la-concentration-de-coronavirus-dans-lair-avec-vira-pore\/\",\"name\":\"A\u00e9rer correctement avec des appareils de mesure du CO2 - Mesure de la concentration de coronavirus dans l'air avec Vira-Pore - blog.gsa-messgeraete.de\",\"isPartOf\":{\"@id\":\"https:\/\/blog.gsa-messgeraete.de\/fr\/#website\"},\"primaryImageOfPage\":{\"@id\":\"https:\/\/blog.gsa-messgeraete.de\/fr\/aerer-correctement-avec-des-appareils-de-mesure-du-co2-mesure-de-la-concentration-de-coronavirus-dans-lair-avec-vira-pore\/#primaryimage\"},\"image\":{\"@id\":\"https:\/\/blog.gsa-messgeraete.de\/fr\/aerer-correctement-avec-des-appareils-de-mesure-du-co2-mesure-de-la-concentration-de-coronavirus-dans-lair-avec-vira-pore\/#primaryimage\"},\"thumbnailUrl\":\"https:\/\/blog.gsa-messgeraete.de\/wp-content\/uploads\/2022\/12\/Mesure-de-lair-Coronavirus.jpg\",\"datePublished\":\"2022-12-02T12:02:17+00:00\",\"dateModified\":\"2026-03-02T17:21:17+00:00\",\"description\":\"Mesure de la concentration de coronavirus dans l'air \u00e0 l'aide de la cassette d'\u00e9chantillonnage Vira-Pore afin d'analyser l'air int\u00e9rieur.\",\"breadcrumb\":{\"@id\":\"https:\/\/blog.gsa-messgeraete.de\/fr\/aerer-correctement-avec-des-appareils-de-mesure-du-co2-mesure-de-la-concentration-de-coronavirus-dans-lair-avec-vira-pore\/#breadcrumb\"},\"inLanguage\":\"fr-FR\",\"potentialAction\":[{\"@type\":\"ReadAction\",\"target\":[\"https:\/\/blog.gsa-messgeraete.de\/fr\/aerer-correctement-avec-des-appareils-de-mesure-du-co2-mesure-de-la-concentration-de-coronavirus-dans-lair-avec-vira-pore\/\"]}]},{\"@type\":\"ImageObject\",\"inLanguage\":\"fr-FR\",\"@id\":\"https:\/\/blog.gsa-messgeraete.de\/fr\/aerer-correctement-avec-des-appareils-de-mesure-du-co2-mesure-de-la-concentration-de-coronavirus-dans-lair-avec-vira-pore\/#primaryimage\",\"url\":\"https:\/\/blog.gsa-messgeraete.de\/wp-content\/uploads\/2022\/12\/Mesure-de-lair-Coronavirus.jpg\",\"contentUrl\":\"https:\/\/blog.gsa-messgeraete.de\/wp-content\/uploads\/2022\/12\/Mesure-de-lair-Coronavirus.jpg\",\"width\":600,\"height\":400,\"caption\":\"Mesure de l'air Coronavirus\"},{\"@type\":\"BreadcrumbList\",\"@id\":\"https:\/\/blog.gsa-messgeraete.de\/fr\/aerer-correctement-avec-des-appareils-de-mesure-du-co2-mesure-de-la-concentration-de-coronavirus-dans-lair-avec-vira-pore\/#breadcrumb\",\"itemListElement\":[{\"@type\":\"ListItem\",\"position\":1,\"name\":\"Startseite\",\"item\":\"https:\/\/blog.gsa-messgeraete.de\/fr\/\"},{\"@type\":\"ListItem\",\"position\":2,\"name\":\"A\u00e9rer correctement avec des appareils de mesure du CO2 &#8211; Mesure de la concentration de coronavirus dans l&#8217;air avec Vira-Pore\"}]},{\"@type\":\"WebSite\",\"@id\":\"https:\/\/blog.gsa-messgeraete.de\/fr\/#website\",\"url\":\"https:\/\/blog.gsa-messgeraete.de\/fr\/\",\"name\":\"blog.gsa-messgeraete.de\",\"description\":\"\",\"publisher\":{\"@id\":\"https:\/\/blog.gsa-messgeraete.de\/fr\/#organization\"},\"potentialAction\":[{\"@type\":\"SearchAction\",\"target\":{\"@type\":\"EntryPoint\",\"urlTemplate\":\"https:\/\/blog.gsa-messgeraete.de\/fr\/?s={search_term_string}\"},\"query-input\":{\"@type\":\"PropertyValueSpecification\",\"valueRequired\":true,\"valueName\":\"search_term_string\"}}],\"inLanguage\":\"fr-FR\"},{\"@type\":\"Organization\",\"@id\":\"https:\/\/blog.gsa-messgeraete.de\/fr\/#organization\",\"name\":\"GSA Messger\u00e4tebau GmbH\",\"url\":\"https:\/\/blog.gsa-messgeraete.de\/fr\/\",\"logo\":{\"@type\":\"ImageObject\",\"inLanguage\":\"fr-FR\",\"@id\":\"https:\/\/blog.gsa-messgeraete.de\/fr\/#\/schema\/logo\/image\/\",\"url\":\"https:\/\/blog.gsa-messgeraete.de\/wp-content\/uploads\/2016\/12\/cropped-Logo-GSA-Messgeraete-1.jpg\",\"contentUrl\":\"https:\/\/blog.gsa-messgeraete.de\/wp-content\/uploads\/2016\/12\/cropped-Logo-GSA-Messgeraete-1.jpg\",\"width\":350,\"height\":164,\"caption\":\"GSA Messger\u00e4tebau GmbH\"},\"image\":{\"@id\":\"https:\/\/blog.gsa-messgeraete.de\/fr\/#\/schema\/logo\/image\/\"}},{\"@type\":\"Person\",\"@id\":\"https:\/\/blog.gsa-messgeraete.de\/fr\/#\/schema\/person\/66e89e6575b5aa6008b4ea0acc5d38ed\",\"name\":\"Cornelia Umland\",\"image\":{\"@type\":\"ImageObject\",\"inLanguage\":\"fr-FR\",\"@id\":\"https:\/\/secure.gravatar.com\/avatar\/311de0177214f59652729d2b4d5d895fe80bb802ddc18b84ebfe9a2c8edeceb9?s=96&d=mm&r=g\",\"url\":\"https:\/\/secure.gravatar.com\/avatar\/311de0177214f59652729d2b4d5d895fe80bb802ddc18b84ebfe9a2c8edeceb9?s=96&d=mm&r=g\",\"contentUrl\":\"https:\/\/secure.gravatar.com\/avatar\/311de0177214f59652729d2b4d5d895fe80bb802ddc18b84ebfe9a2c8edeceb9?s=96&d=mm&r=g\",\"caption\":\"Cornelia Umland\"},\"sameAs\":[\"https:\/\/x.com\/UmlandC\"],\"url\":\"https:\/\/blog.gsa-messgeraete.de\/fr\/author\/cn-umland\/\"}]}<\/script>\n<!-- \/ Yoast SEO plugin. -->","yoast_head_json":{"title":"A\u00e9rer correctement avec des appareils de mesure du CO2 - Mesure de la concentration de coronavirus dans l'air avec Vira-Pore - blog.gsa-messgeraete.de","description":"Mesure de la concentration de coronavirus dans l'air \u00e0 l'aide de la cassette d'\u00e9chantillonnage Vira-Pore afin d'analyser l'air int\u00e9rieur.","robots":{"index":"index","follow":"follow","max-snippet":"max-snippet:-1","max-image-preview":"max-image-preview:large","max-video-preview":"max-video-preview:-1"},"canonical":"https:\/\/blog.gsa-messgeraete.de\/fr\/aerer-correctement-avec-des-appareils-de-mesure-du-co2-mesure-de-la-concentration-de-coronavirus-dans-lair-avec-vira-pore\/","og_locale":"fr_FR","og_type":"article","og_title":"A\u00e9rer correctement avec des appareils de mesure du CO2 - Mesure de la concentration de coronavirus dans l'air avec Vira-Pore - blog.gsa-messgeraete.de","og_description":"Mesure de la concentration de coronavirus dans l'air \u00e0 l'aide de la cassette d'\u00e9chantillonnage Vira-Pore afin d'analyser l'air int\u00e9rieur.","og_url":"https:\/\/blog.gsa-messgeraete.de\/fr\/aerer-correctement-avec-des-appareils-de-mesure-du-co2-mesure-de-la-concentration-de-coronavirus-dans-lair-avec-vira-pore\/","og_site_name":"blog.gsa-messgeraete.de","article_published_time":"2022-12-02T12:02:17+00:00","article_modified_time":"2026-03-02T17:21:17+00:00","og_image":[{"width":600,"height":400,"url":"https:\/\/blog.gsa-messgeraete.de\/wp-content\/uploads\/2022\/12\/Mesure-de-lair-Coronavirus.jpg","type":"image\/jpeg"}],"author":"Cornelia Umland","twitter_card":"summary_large_image","twitter_creator":"@UmlandC","twitter_misc":{"\u00c9crit par":"Cornelia Umland","Dur\u00e9e de lecture estim\u00e9e":"7 minutes"},"schema":{"@context":"https:\/\/schema.org","@graph":[{"@type":"Article","@id":"https:\/\/blog.gsa-messgeraete.de\/fr\/aerer-correctement-avec-des-appareils-de-mesure-du-co2-mesure-de-la-concentration-de-coronavirus-dans-lair-avec-vira-pore\/#article","isPartOf":{"@id":"https:\/\/blog.gsa-messgeraete.de\/fr\/aerer-correctement-avec-des-appareils-de-mesure-du-co2-mesure-de-la-concentration-de-coronavirus-dans-lair-avec-vira-pore\/"},"author":{"name":"Cornelia Umland","@id":"https:\/\/blog.gsa-messgeraete.de\/fr\/#\/schema\/person\/66e89e6575b5aa6008b4ea0acc5d38ed"},"headline":"A\u00e9rer correctement avec des appareils de mesure du CO2 &#8211; Mesure de la concentration de coronavirus dans l&rsquo;air avec Vira-Pore","datePublished":"2022-12-02T12:02:17+00:00","dateModified":"2026-03-02T17:21:17+00:00","mainEntityOfPage":{"@id":"https:\/\/blog.gsa-messgeraete.de\/fr\/aerer-correctement-avec-des-appareils-de-mesure-du-co2-mesure-de-la-concentration-de-coronavirus-dans-lair-avec-vira-pore\/"},"wordCount":1283,"publisher":{"@id":"https:\/\/blog.gsa-messgeraete.de\/fr\/#organization"},"image":{"@id":"https:\/\/blog.gsa-messgeraete.de\/fr\/aerer-correctement-avec-des-appareils-de-mesure-du-co2-mesure-de-la-concentration-de-coronavirus-dans-lair-avec-vira-pore\/#primaryimage"},"thumbnailUrl":"https:\/\/blog.gsa-messgeraete.de\/wp-content\/uploads\/2022\/12\/Mesure-de-lair-Coronavirus.jpg","keywords":["Air ambiant","Appareils de mesure du CO2","Cassette d'\u00e9chantillonnage Vira-Pore","Cassette filtrante Vira-Pore","Charge virale","Concentration instantan\u00e9e de CO2","Coronavirus","Mesure de la concentration de coronavirus dans l'air","Mesures du dioxyde de carbone","SG10-2","SG10-2A","SG12","Teneur en CO2","Valeurs de l'air int\u00e9rieur"],"articleSection":["appareils de mesure","Mesure de la concentration de coronavirus dans l'air"],"inLanguage":"fr-FR"},{"@type":"WebPage","@id":"https:\/\/blog.gsa-messgeraete.de\/fr\/aerer-correctement-avec-des-appareils-de-mesure-du-co2-mesure-de-la-concentration-de-coronavirus-dans-lair-avec-vira-pore\/","url":"https:\/\/blog.gsa-messgeraete.de\/fr\/aerer-correctement-avec-des-appareils-de-mesure-du-co2-mesure-de-la-concentration-de-coronavirus-dans-lair-avec-vira-pore\/","name":"A\u00e9rer correctement avec des appareils de mesure du CO2 - Mesure de la concentration de coronavirus dans l'air avec Vira-Pore - blog.gsa-messgeraete.de","isPartOf":{"@id":"https:\/\/blog.gsa-messgeraete.de\/fr\/#website"},"primaryImageOfPage":{"@id":"https:\/\/blog.gsa-messgeraete.de\/fr\/aerer-correctement-avec-des-appareils-de-mesure-du-co2-mesure-de-la-concentration-de-coronavirus-dans-lair-avec-vira-pore\/#primaryimage"},"image":{"@id":"https:\/\/blog.gsa-messgeraete.de\/fr\/aerer-correctement-avec-des-appareils-de-mesure-du-co2-mesure-de-la-concentration-de-coronavirus-dans-lair-avec-vira-pore\/#primaryimage"},"thumbnailUrl":"https:\/\/blog.gsa-messgeraete.de\/wp-content\/uploads\/2022\/12\/Mesure-de-lair-Coronavirus.jpg","datePublished":"2022-12-02T12:02:17+00:00","dateModified":"2026-03-02T17:21:17+00:00","description":"Mesure de la concentration de coronavirus dans l'air \u00e0 l'aide de la cassette d'\u00e9chantillonnage Vira-Pore afin d'analyser l'air int\u00e9rieur.","breadcrumb":{"@id":"https:\/\/blog.gsa-messgeraete.de\/fr\/aerer-correctement-avec-des-appareils-de-mesure-du-co2-mesure-de-la-concentration-de-coronavirus-dans-lair-avec-vira-pore\/#breadcrumb"},"inLanguage":"fr-FR","potentialAction":[{"@type":"ReadAction","target":["https:\/\/blog.gsa-messgeraete.de\/fr\/aerer-correctement-avec-des-appareils-de-mesure-du-co2-mesure-de-la-concentration-de-coronavirus-dans-lair-avec-vira-pore\/"]}]},{"@type":"ImageObject","inLanguage":"fr-FR","@id":"https:\/\/blog.gsa-messgeraete.de\/fr\/aerer-correctement-avec-des-appareils-de-mesure-du-co2-mesure-de-la-concentration-de-coronavirus-dans-lair-avec-vira-pore\/#primaryimage","url":"https:\/\/blog.gsa-messgeraete.de\/wp-content\/uploads\/2022\/12\/Mesure-de-lair-Coronavirus.jpg","contentUrl":"https:\/\/blog.gsa-messgeraete.de\/wp-content\/uploads\/2022\/12\/Mesure-de-lair-Coronavirus.jpg","width":600,"height":400,"caption":"Mesure de l'air Coronavirus"},{"@type":"BreadcrumbList","@id":"https:\/\/blog.gsa-messgeraete.de\/fr\/aerer-correctement-avec-des-appareils-de-mesure-du-co2-mesure-de-la-concentration-de-coronavirus-dans-lair-avec-vira-pore\/#breadcrumb","itemListElement":[{"@type":"ListItem","position":1,"name":"Startseite","item":"https:\/\/blog.gsa-messgeraete.de\/fr\/"},{"@type":"ListItem","position":2,"name":"A\u00e9rer correctement avec des appareils de mesure du CO2 &#8211; Mesure de la concentration de coronavirus dans l&#8217;air avec Vira-Pore"}]},{"@type":"WebSite","@id":"https:\/\/blog.gsa-messgeraete.de\/fr\/#website","url":"https:\/\/blog.gsa-messgeraete.de\/fr\/","name":"blog.gsa-messgeraete.de","description":"","publisher":{"@id":"https:\/\/blog.gsa-messgeraete.de\/fr\/#organization"},"potentialAction":[{"@type":"SearchAction","target":{"@type":"EntryPoint","urlTemplate":"https:\/\/blog.gsa-messgeraete.de\/fr\/?s={search_term_string}"},"query-input":{"@type":"PropertyValueSpecification","valueRequired":true,"valueName":"search_term_string"}}],"inLanguage":"fr-FR"},{"@type":"Organization","@id":"https:\/\/blog.gsa-messgeraete.de\/fr\/#organization","name":"GSA Messger\u00e4tebau GmbH","url":"https:\/\/blog.gsa-messgeraete.de\/fr\/","logo":{"@type":"ImageObject","inLanguage":"fr-FR","@id":"https:\/\/blog.gsa-messgeraete.de\/fr\/#\/schema\/logo\/image\/","url":"https:\/\/blog.gsa-messgeraete.de\/wp-content\/uploads\/2016\/12\/cropped-Logo-GSA-Messgeraete-1.jpg","contentUrl":"https:\/\/blog.gsa-messgeraete.de\/wp-content\/uploads\/2016\/12\/cropped-Logo-GSA-Messgeraete-1.jpg","width":350,"height":164,"caption":"GSA Messger\u00e4tebau GmbH"},"image":{"@id":"https:\/\/blog.gsa-messgeraete.de\/fr\/#\/schema\/logo\/image\/"}},{"@type":"Person","@id":"https:\/\/blog.gsa-messgeraete.de\/fr\/#\/schema\/person\/66e89e6575b5aa6008b4ea0acc5d38ed","name":"Cornelia Umland","image":{"@type":"ImageObject","inLanguage":"fr-FR","@id":"https:\/\/secure.gravatar.com\/avatar\/311de0177214f59652729d2b4d5d895fe80bb802ddc18b84ebfe9a2c8edeceb9?s=96&d=mm&r=g","url":"https:\/\/secure.gravatar.com\/avatar\/311de0177214f59652729d2b4d5d895fe80bb802ddc18b84ebfe9a2c8edeceb9?s=96&d=mm&r=g","contentUrl":"https:\/\/secure.gravatar.com\/avatar\/311de0177214f59652729d2b4d5d895fe80bb802ddc18b84ebfe9a2c8edeceb9?s=96&d=mm&r=g","caption":"Cornelia Umland"},"sameAs":["https:\/\/x.com\/UmlandC"],"url":"https:\/\/blog.gsa-messgeraete.de\/fr\/author\/cn-umland\/"}]}},"_links":{"self":[{"href":"https:\/\/blog.gsa-messgeraete.de\/fr\/wp-json\/wp\/v2\/posts\/15095","targetHints":{"allow":["GET"]}}],"collection":[{"href":"https:\/\/blog.gsa-messgeraete.de\/fr\/wp-json\/wp\/v2\/posts"}],"about":[{"href":"https:\/\/blog.gsa-messgeraete.de\/fr\/wp-json\/wp\/v2\/types\/post"}],"author":[{"embeddable":true,"href":"https:\/\/blog.gsa-messgeraete.de\/fr\/wp-json\/wp\/v2\/users\/3"}],"replies":[{"embeddable":true,"href":"https:\/\/blog.gsa-messgeraete.de\/fr\/wp-json\/wp\/v2\/comments?post=15095"}],"version-history":[{"count":9,"href":"https:\/\/blog.gsa-messgeraete.de\/fr\/wp-json\/wp\/v2\/posts\/15095\/revisions"}],"predecessor-version":[{"id":16633,"href":"https:\/\/blog.gsa-messgeraete.de\/fr\/wp-json\/wp\/v2\/posts\/15095\/revisions\/16633"}],"wp:featuredmedia":[{"embeddable":true,"href":"https:\/\/blog.gsa-messgeraete.de\/fr\/wp-json\/wp\/v2\/media\/15105"}],"wp:attachment":[{"href":"https:\/\/blog.gsa-messgeraete.de\/fr\/wp-json\/wp\/v2\/media?parent=15095"}],"wp:term":[{"taxonomy":"category","embeddable":true,"href":"https:\/\/blog.gsa-messgeraete.de\/fr\/wp-json\/wp\/v2\/categories?post=15095"},{"taxonomy":"post_tag","embeddable":true,"href":"https:\/\/blog.gsa-messgeraete.de\/fr\/wp-json\/wp\/v2\/tags?post=15095"}],"curies":[{"name":"wp","href":"https:\/\/api.w.org\/{rel}","templated":true}]}}