{"id":17297,"date":"2026-04-27T17:06:53","date_gmt":"2026-04-27T15:06:53","guid":{"rendered":"https:\/\/blog.gsa-messgeraete.de\/28-avril-2026-journee-mondiale-de-la-securite-et-de-la-sante-au-travail-sur-le-lieu-de-travail\/"},"modified":"2026-04-30T16:48:01","modified_gmt":"2026-04-30T14:48:01","slug":"28-avril-2026-journee-mondiale-de-la-securite-et-de-la-sante-au-travail-sur-le-lieu-de-travail","status":"publish","type":"post","link":"https:\/\/blog.gsa-messgeraete.de\/fr\/28-avril-2026-journee-mondiale-de-la-securite-et-de-la-sante-au-travail-sur-le-lieu-de-travail\/","title":{"rendered":"28 avril 2026 &#8211; Journ\u00e9e mondiale de la s\u00e9curit\u00e9 et de la sant\u00e9 au travail sur le lieu de travail"},"content":{"rendered":"\n<p><\/p>\n\n\n\n<p>L&rsquo;Organisation internationale du travail (OIT) place la <em>Journ\u00e9e mondiale de la s\u00e9curit\u00e9 et de la sant\u00e9 au travail 2026 <\/em>sous le slogan \u00ab\u00a0<em><strong>Assurons un environnement de travail psychosocial sain<\/strong><\/em>\u00ab\u00a0. Elle met ainsi l&rsquo;accent sur un th\u00e8me qui prend de plus en plus d&rsquo;importance dans de nombreuses entreprises. La Journ\u00e9e mondiale 2026 a pour but de montrer \u00e0 quel point le stress, le <em>surmenage<\/em> et les <em>conflits<\/em> peuvent peser sur la vie quotidienne et d&rsquo;attirer l&rsquo;attention sur les raisons pour lesquelles un soutien pr\u00e9ventif est si important.<\/p>\n\n\n\n<!--more-->\n\n\n\n<p>Depuis 2003, l&rsquo;OIT utilise le  <a href=\"https:\/\/blog.gsa-messgeraete.de\/fr\/journee-mondiale-de-la-securite-et-de-la-sante-au-travail-sur-le-lieu-de-travail\/\"><\/a><a href=\"https:\/\/blog.gsa-messgeraete.de\/fr\/journee-mondiale-de-la-securite-et-de-la-sante-au-travail-sur-le-lieu-de-travail\/\">La Journ\u00e9e mondiale de la s\u00e9curit\u00e9 et de la sant\u00e9 au travail<\/a> est l&rsquo;occasion de sensibiliser le monde entier \u00e0 des conditions de travail s\u00fbres et saines. Chaque ann\u00e9e, l&rsquo;accent est mis sur un <em>th\u00e8me<\/em> diff\u00e9rent afin d&rsquo;aider les entreprises \u00e0 d\u00e9velopper leur <em>culture de la s\u00e9curit\u00e9 et de la sant\u00e9<\/em>. <br><br><\/p>\n\n\n\n<h2 class=\"wp-block-heading\">Th\u00e8me de la Journ\u00e9e mondiale 2026: Focus sur les conditions de travail psychosociales<\/h2>\n\n\n\n<p>Le site <em><strong>environnement de travail psychosocial<\/strong> <\/em>est influenc\u00e9 par de nombreux facteurs &#8211; tels que des structures claires, des volumes de travail appropri\u00e9s, une bonne collaboration, le soutien de la direction et des proc\u00e9dures claires. Si ces domaines ne fonctionnent pas bien, la <em>sant\u00e9 et les performances<\/em> <em>des employ\u00e9s<\/em> peuvent en \u00eatre affect\u00e9es. Le stress, l&rsquo;\u00e9puisement ou le burnout sont des cons\u00e9quences fr\u00e9quentes qui peuvent \u00e9galement avoir un impact sur la <em>s\u00e9curit\u00e9 au travail<\/em>.  <br><br><br><\/p>\n\n\n\n<h2 class=\"wp-block-heading\">Un monde du travail moderne &#8211; de nombreux d\u00e9fis<\/h2>\n\n\n\n<p>Le <em>monde du travail moderne <\/em>apporte <em>des d\u00e9fis<\/em> suppl\u00e9mentaires: <strong><em>la num\u00e9risation<\/em>, <em>les nouveaux mod\u00e8les de travail<\/em> et <em>la pression croissante du temps<\/em><\/strong> augmentent la charge de travail de nombreux employ\u00e9s. Les <em>contraintes psychologiques et mentales<\/em> croissantes sont devenues des risques pour la sant\u00e9. Par exemple, le stress croissant peut \u00e9galement conduire \u00e0 des maladies graves \u00e0 long terme telles que l&rsquo;\u00e9puisement professionnel. Les syndicats, tels que ver.di, indiquent que <em>les risques psychosociaux<\/em> font d\u00e9sormais partie des <em>dangers les plus fr\u00e9quents<\/em> et doivent \u00eatre davantage pris en compte dans l&rsquo;<em>\u00e9valuation des risques<\/em>.   <\/p>\n\n\n\n<p>Les facteurs sociaux et psychologiques sur le lieu de travail sont encore souvent sous-estim\u00e9s. Pourtant, les pressions auxquelles sont soumis les travailleurs mettent en danger leur sant\u00e9 et leur s\u00e9curit\u00e9. <br><\/p>\n\n\n\n<p><em>Facteurs de stress typiques<\/em>:<\/p>\n\n\n\n<ul class=\"wp-block-list\">\n<li>pression de travail<\/li>\n\n\n\n<li>manque de soutien<\/li>\n\n\n\n<li>conflits sur le lieu de travail <\/li>\n\n\n\n<li>des r\u00f4les et des responsabilit\u00e9s peu clairs<\/li>\n<\/ul>\n\n\n\n<p>De tels stress peuvent par exemple entra\u00eener <em>des erreurs,<\/em> <em>une baisse de la concentration<\/em> et <em>des probl\u00e8mes de sant\u00e9<\/em>. \u00c0 long terme, ils peuvent m\u00eame favoriser l&rsquo;apparition de maladies graves. Il est donc important de reconna\u00eetre les signaux d&rsquo;alarme \u00e0 un stade pr\u00e9coce afin de r\u00e9duire les risques. S&rsquo;ils persistent, le risque de maladies graves augmente.    <br><br><\/p>\n\n\n\n<h2 class=\"wp-block-heading\">Impulsion pour la culture de la s\u00e9curit\u00e9 dans les entreprises<\/h2>\n\n\n\n<p>La <em>Journ\u00e9e mondiale 2026<\/em> est l&rsquo;occasion pour <em>les entreprises<\/em> de<em> revoir<\/em> et de d\u00e9velopper leur <em>culture de la s\u00e9curit\u00e9<\/em>. Les <em>points de d\u00e9part <\/em>importants sont <\/p>\n\n\n\n<ul class=\"wp-block-list\">\n<li>recenser syst\u00e9matiquement les risques psychosociaux: Sondages aupr\u00e8s des employ\u00e9s, communication transparente, \u00e9valuation des risques<\/li>\n\n\n\n<li>utiliser les connaissances issues de la recherche et de la pratique: Pr\u00e9vention du stress, planification des \u00e9quipes, conception ergonomique des lieux de travail, SST num\u00e9rique<\/li>\n\n\n\n<li>qualification des cadres: leadership respectueux et de soutien<\/li>\n\n\n\n<li>impliquer activement les salari\u00e9s: plus de pr\u00e9vention possible<\/li>\n\n\n\n<li>concevoir des processus num\u00e9riques s\u00fbrs: Saisir les opportunit\u00e9s et identifier les risques plus t\u00f4t.<br><br><\/li>\n<\/ul>\n\n\n\n<p><\/p>\n\n\n\n<h2 class=\"wp-block-heading\">S\u00e9curit\u00e9 du travail &#8211; Utilisation des appareils de mesure GSA<\/h2>\n\n\n\n<p>L&rsquo;utilisation d&rsquo;<em>appareils de mesure GSA<\/em> peut s&rsquo;av\u00e9rer utile pour s&rsquo;assurer que <em>les exigences l\u00e9gales en mati\u00e8re de sant\u00e9 et de s\u00e9curit\u00e9<\/em> sont respect\u00e9es. Selon le mod\u00e8le, ils conviennent pour des mesures mobiles ou fixes. Vous trouverez <a href=\"https:\/\/www.gsa-messgeraete.de\/comparison\">un aper\u00e7u<\/a> de ces appareils dans notre <a href=\"https:\/\/www.gsa-messgeraete.de\/Startseite_1\">boutique en ligne d&rsquo;appareils de mesure<\/a>. Les fonctions de filtrage permettent de s\u00e9lectionner les mod\u00e8les adapt\u00e9s aux diff\u00e9rents domaines d&rsquo;application et types de polluants. Notre \u00e9quipe d&rsquo;experts se fera un plaisir de vous conseiller.    <br><br><\/p>\n\n\n\n<p><strong>Sources:<\/strong><\/p>\n\n\n\n<p>Source de l&rsquo;image: 123rf.com \u00a9 denayunebot, image n\u00b0 197803566<\/p>\n\n\n\n<p>www.arbeitsmarkt-und-sozialpolitik.verdi.de\/ueber-uns\/nachrichten\/++co++4f37ea9a-e51a-11ed-936f-001a4a160111<\/p>\n\n\n\n<p>www.bmz.de\/de\/service\/lexikon\/internationale-arbeitsorganisation-ilo-14538<\/p>\n\n\n\n<p>www.gesundheitsinformation.de\/was-ist-ein-burnout.html<\/p>\n\n\n\n<p>www.ilo.org\/topics-and-sectors\/safety-and-health-work\/world-day-safety-and-health-work-2026<\/p>\n\n\n\n<p>www.presseportal.de\/pm\/65320\/6242955<\/p>\n\n\n\n<p>www.un.org\/en\/observances\/work-safety-day<\/p>\n\n\n\n<p><\/p>\n","protected":false},"excerpt":{"rendered":"<p>L&rsquo;Organisation internationale du travail (OIT) place la Journ\u00e9e mondiale de la s\u00e9curit\u00e9 et de la sant\u00e9 au travail 2026 sous le slogan \u00ab\u00a0Assurons un environnement de travail psychosocial sain\u00ab\u00a0. Elle met ainsi l&rsquo;accent sur un th\u00e8me qui prend de plus en plus d&rsquo;importance dans de nombreuses entreprises. La Journ\u00e9e mondiale 2026 a pour but de &#8230; <a title=\"28 avril 2026 &#8211; Journ\u00e9e mondiale de la s\u00e9curit\u00e9 et de la sant\u00e9 au travail sur le lieu de travail\" class=\"read-more\" href=\"https:\/\/blog.gsa-messgeraete.de\/fr\/28-avril-2026-journee-mondiale-de-la-securite-et-de-la-sante-au-travail-sur-le-lieu-de-travail\/\" aria-label=\"En savoir plus sur 28 avril 2026 &#8211; Journ\u00e9e mondiale de la s\u00e9curit\u00e9 et de la sant\u00e9 au travail sur le lieu de travail\">Lire la suite<\/a><\/p>\n","protected":false},"author":3,"featured_media":17198,"comment_status":"closed","ping_status":"open","sticky":false,"template":"","format":"standard","meta":{"_exactmetrics_skip_tracking":false,"_exactmetrics_sitenote_active":false,"_exactmetrics_sitenote_note":"","_exactmetrics_sitenote_category":0,"footnotes":""},"categories":[2959,2953,2954,3071],"tags":[3969,3968,3971,3970,3705,3973,3972,3415],"class_list":["post-17297","post","type-post","status-publish","format-standard","has-post-thumbnail","hentry","category-appareils-de-mesure","category-polluants","category-poussieres","category-sante-et-securite-au-travail","tag-burnout","tag-conditions-de-travail-psychosociales","tag-culture-de-securite-dans-les-entreprises","tag-environnement-de-travail","tag-ilo","tag-organisation-internationale-du-travail-oit","tag-protection-du-travail","tag-securite-au-travail-2"],"yoast_head":"<!-- This site is optimized with the Yoast SEO plugin v27.5 - https:\/\/yoast.com\/product\/yoast-seo-wordpress\/ -->\n<title>28 avril 2026 - Journ\u00e9e mondiale de la s\u00e9curit\u00e9 et de la sant\u00e9 au travail sur le lieu de travail - blog.gsa-messgeraete.de<\/title>\n<meta name=\"description\" content=\"L&#039;Organisation internationale du travail (OIT) place la Journ\u00e9e mondiale du 28 avril 2026 sous le th\u00e8me: Pour un environnement de travail psychosocial sain.\" \/>\n<meta name=\"robots\" content=\"index, follow, max-snippet:-1, max-image-preview:large, max-video-preview:-1\" \/>\n<link rel=\"canonical\" href=\"https:\/\/blog.gsa-messgeraete.de\/fr\/28-avril-2026-journee-mondiale-de-la-securite-et-de-la-sante-au-travail-sur-le-lieu-de-travail\/\" \/>\n<meta property=\"og:locale\" content=\"fr_FR\" \/>\n<meta property=\"og:type\" content=\"article\" \/>\n<meta property=\"og:title\" content=\"28 avril 2026 - Journ\u00e9e mondiale de la s\u00e9curit\u00e9 et de la sant\u00e9 au travail sur le lieu de travail - blog.gsa-messgeraete.de\" \/>\n<meta property=\"og:description\" content=\"L&#039;Organisation internationale du travail (OIT) place la Journ\u00e9e mondiale du 28 avril 2026 sous le th\u00e8me: Pour un environnement de travail psychosocial sain.\" \/>\n<meta property=\"og:url\" content=\"https:\/\/blog.gsa-messgeraete.de\/fr\/28-avril-2026-journee-mondiale-de-la-securite-et-de-la-sante-au-travail-sur-le-lieu-de-travail\/\" \/>\n<meta property=\"og:site_name\" content=\"blog.gsa-messgeraete.de\" \/>\n<meta property=\"article:published_time\" content=\"2026-04-27T15:06:53+00:00\" \/>\n<meta property=\"article:modified_time\" content=\"2026-04-30T14:48:01+00:00\" \/>\n<meta property=\"og:image\" content=\"https:\/\/blog.gsa-messgeraete.de\/wp-content\/uploads\/2026\/04\/World-Day-for-Safety-und-Health-.jpg\" \/>\n\t<meta property=\"og:image:width\" content=\"2441\" \/>\n\t<meta property=\"og:image:height\" content=\"1718\" \/>\n\t<meta property=\"og:image:type\" content=\"image\/jpeg\" \/>\n<meta name=\"author\" content=\"Cornelia Umland\" \/>\n<meta name=\"twitter:card\" content=\"summary_large_image\" \/>\n<meta name=\"twitter:creator\" content=\"@UmlandC\" \/>\n<meta name=\"twitter:label1\" content=\"\u00c9crit par\" \/>\n\t<meta name=\"twitter:data1\" content=\"Cornelia Umland\" \/>\n\t<meta name=\"twitter:label2\" content=\"Dur\u00e9e de lecture estim\u00e9e\" \/>\n\t<meta name=\"twitter:data2\" content=\"4 minutes\" \/>\n<script type=\"application\/ld+json\" class=\"yoast-schema-graph\">{\"@context\":\"https:\\\/\\\/schema.org\",\"@graph\":[{\"@type\":\"Article\",\"@id\":\"https:\\\/\\\/blog.gsa-messgeraete.de\\\/fr\\\/28-avril-2026-journee-mondiale-de-la-securite-et-de-la-sante-au-travail-sur-le-lieu-de-travail\\\/#article\",\"isPartOf\":{\"@id\":\"https:\\\/\\\/blog.gsa-messgeraete.de\\\/fr\\\/28-avril-2026-journee-mondiale-de-la-securite-et-de-la-sante-au-travail-sur-le-lieu-de-travail\\\/\"},\"author\":{\"name\":\"Cornelia Umland\",\"@id\":\"https:\\\/\\\/blog.gsa-messgeraete.de\\\/fr\\\/#\\\/schema\\\/person\\\/66e89e6575b5aa6008b4ea0acc5d38ed\"},\"headline\":\"28 avril 2026 &#8211; Journ\u00e9e mondiale de la s\u00e9curit\u00e9 et de la sant\u00e9 au travail sur le lieu de travail\",\"datePublished\":\"2026-04-27T15:06:53+00:00\",\"dateModified\":\"2026-04-30T14:48:01+00:00\",\"mainEntityOfPage\":{\"@id\":\"https:\\\/\\\/blog.gsa-messgeraete.de\\\/fr\\\/28-avril-2026-journee-mondiale-de-la-securite-et-de-la-sante-au-travail-sur-le-lieu-de-travail\\\/\"},\"wordCount\":782,\"publisher\":{\"@id\":\"https:\\\/\\\/blog.gsa-messgeraete.de\\\/fr\\\/#organization\"},\"image\":{\"@id\":\"https:\\\/\\\/blog.gsa-messgeraete.de\\\/fr\\\/28-avril-2026-journee-mondiale-de-la-securite-et-de-la-sante-au-travail-sur-le-lieu-de-travail\\\/#primaryimage\"},\"thumbnailUrl\":\"https:\\\/\\\/blog.gsa-messgeraete.de\\\/wp-content\\\/uploads\\\/2026\\\/04\\\/World-Day-for-Safety-und-Health-.jpg\",\"keywords\":[\"Burnout\",\"conditions de travail psychosociales\",\"Culture de s\u00e9curit\u00e9 dans les entreprises\",\"Environnement de travail\",\"ILO\",\"Organisation internationale du travail (OIT)\",\"Protection du travail\",\"S\u00e9curit\u00e9 au travail\"],\"articleSection\":[\"appareils de mesure\",\"Polluants\",\"Poussi\u00e8res\",\"Sant\u00e9 et s\u00e9curit\u00e9 au travail\"],\"inLanguage\":\"fr-FR\"},{\"@type\":\"WebPage\",\"@id\":\"https:\\\/\\\/blog.gsa-messgeraete.de\\\/fr\\\/28-avril-2026-journee-mondiale-de-la-securite-et-de-la-sante-au-travail-sur-le-lieu-de-travail\\\/\",\"url\":\"https:\\\/\\\/blog.gsa-messgeraete.de\\\/fr\\\/28-avril-2026-journee-mondiale-de-la-securite-et-de-la-sante-au-travail-sur-le-lieu-de-travail\\\/\",\"name\":\"28 avril 2026 - Journ\u00e9e mondiale de la s\u00e9curit\u00e9 et de la sant\u00e9 au travail sur le lieu de travail - blog.gsa-messgeraete.de\",\"isPartOf\":{\"@id\":\"https:\\\/\\\/blog.gsa-messgeraete.de\\\/fr\\\/#website\"},\"primaryImageOfPage\":{\"@id\":\"https:\\\/\\\/blog.gsa-messgeraete.de\\\/fr\\\/28-avril-2026-journee-mondiale-de-la-securite-et-de-la-sante-au-travail-sur-le-lieu-de-travail\\\/#primaryimage\"},\"image\":{\"@id\":\"https:\\\/\\\/blog.gsa-messgeraete.de\\\/fr\\\/28-avril-2026-journee-mondiale-de-la-securite-et-de-la-sante-au-travail-sur-le-lieu-de-travail\\\/#primaryimage\"},\"thumbnailUrl\":\"https:\\\/\\\/blog.gsa-messgeraete.de\\\/wp-content\\\/uploads\\\/2026\\\/04\\\/World-Day-for-Safety-und-Health-.jpg\",\"datePublished\":\"2026-04-27T15:06:53+00:00\",\"dateModified\":\"2026-04-30T14:48:01+00:00\",\"description\":\"L'Organisation internationale du travail (OIT) place la Journ\u00e9e mondiale du 28 avril 2026 sous le th\u00e8me: Pour un environnement de travail psychosocial sain.\",\"breadcrumb\":{\"@id\":\"https:\\\/\\\/blog.gsa-messgeraete.de\\\/fr\\\/28-avril-2026-journee-mondiale-de-la-securite-et-de-la-sante-au-travail-sur-le-lieu-de-travail\\\/#breadcrumb\"},\"inLanguage\":\"fr-FR\",\"potentialAction\":[{\"@type\":\"ReadAction\",\"target\":[\"https:\\\/\\\/blog.gsa-messgeraete.de\\\/fr\\\/28-avril-2026-journee-mondiale-de-la-securite-et-de-la-sante-au-travail-sur-le-lieu-de-travail\\\/\"]}]},{\"@type\":\"ImageObject\",\"inLanguage\":\"fr-FR\",\"@id\":\"https:\\\/\\\/blog.gsa-messgeraete.de\\\/fr\\\/28-avril-2026-journee-mondiale-de-la-securite-et-de-la-sante-au-travail-sur-le-lieu-de-travail\\\/#primaryimage\",\"url\":\"https:\\\/\\\/blog.gsa-messgeraete.de\\\/wp-content\\\/uploads\\\/2026\\\/04\\\/World-Day-for-Safety-und-Health-.jpg\",\"contentUrl\":\"https:\\\/\\\/blog.gsa-messgeraete.de\\\/wp-content\\\/uploads\\\/2026\\\/04\\\/World-Day-for-Safety-und-Health-.jpg\",\"width\":2441,\"height\":1718,\"caption\":\"World Day Of Safety and Health at Work\"},{\"@type\":\"BreadcrumbList\",\"@id\":\"https:\\\/\\\/blog.gsa-messgeraete.de\\\/fr\\\/28-avril-2026-journee-mondiale-de-la-securite-et-de-la-sante-au-travail-sur-le-lieu-de-travail\\\/#breadcrumb\",\"itemListElement\":[{\"@type\":\"ListItem\",\"position\":1,\"name\":\"Startseite\",\"item\":\"https:\\\/\\\/blog.gsa-messgeraete.de\\\/fr\\\/\"},{\"@type\":\"ListItem\",\"position\":2,\"name\":\"28 avril 2026 &#8211; Journ\u00e9e mondiale de la s\u00e9curit\u00e9 et de la sant\u00e9 au travail sur le lieu de travail\"}]},{\"@type\":\"WebSite\",\"@id\":\"https:\\\/\\\/blog.gsa-messgeraete.de\\\/fr\\\/#website\",\"url\":\"https:\\\/\\\/blog.gsa-messgeraete.de\\\/fr\\\/\",\"name\":\"blog.gsa-messgeraete.de\",\"description\":\"\",\"publisher\":{\"@id\":\"https:\\\/\\\/blog.gsa-messgeraete.de\\\/fr\\\/#organization\"},\"potentialAction\":[{\"@type\":\"SearchAction\",\"target\":{\"@type\":\"EntryPoint\",\"urlTemplate\":\"https:\\\/\\\/blog.gsa-messgeraete.de\\\/fr\\\/?s={search_term_string}\"},\"query-input\":{\"@type\":\"PropertyValueSpecification\",\"valueRequired\":true,\"valueName\":\"search_term_string\"}}],\"inLanguage\":\"fr-FR\"},{\"@type\":\"Organization\",\"@id\":\"https:\\\/\\\/blog.gsa-messgeraete.de\\\/fr\\\/#organization\",\"name\":\"GSA Messger\u00e4tebau GmbH\",\"url\":\"https:\\\/\\\/blog.gsa-messgeraete.de\\\/fr\\\/\",\"logo\":{\"@type\":\"ImageObject\",\"inLanguage\":\"fr-FR\",\"@id\":\"https:\\\/\\\/blog.gsa-messgeraete.de\\\/fr\\\/#\\\/schema\\\/logo\\\/image\\\/\",\"url\":\"https:\\\/\\\/blog.gsa-messgeraete.de\\\/wp-content\\\/uploads\\\/2016\\\/12\\\/cropped-Logo-GSA-Messgeraete-1.jpg\",\"contentUrl\":\"https:\\\/\\\/blog.gsa-messgeraete.de\\\/wp-content\\\/uploads\\\/2016\\\/12\\\/cropped-Logo-GSA-Messgeraete-1.jpg\",\"width\":350,\"height\":164,\"caption\":\"GSA Messger\u00e4tebau GmbH\"},\"image\":{\"@id\":\"https:\\\/\\\/blog.gsa-messgeraete.de\\\/fr\\\/#\\\/schema\\\/logo\\\/image\\\/\"}},{\"@type\":\"Person\",\"@id\":\"https:\\\/\\\/blog.gsa-messgeraete.de\\\/fr\\\/#\\\/schema\\\/person\\\/66e89e6575b5aa6008b4ea0acc5d38ed\",\"name\":\"Cornelia Umland\",\"image\":{\"@type\":\"ImageObject\",\"inLanguage\":\"fr-FR\",\"@id\":\"https:\\\/\\\/secure.gravatar.com\\\/avatar\\\/311de0177214f59652729d2b4d5d895fe80bb802ddc18b84ebfe9a2c8edeceb9?s=96&d=mm&r=g\",\"url\":\"https:\\\/\\\/secure.gravatar.com\\\/avatar\\\/311de0177214f59652729d2b4d5d895fe80bb802ddc18b84ebfe9a2c8edeceb9?s=96&d=mm&r=g\",\"contentUrl\":\"https:\\\/\\\/secure.gravatar.com\\\/avatar\\\/311de0177214f59652729d2b4d5d895fe80bb802ddc18b84ebfe9a2c8edeceb9?s=96&d=mm&r=g\",\"caption\":\"Cornelia Umland\"},\"sameAs\":[\"https:\\\/\\\/x.com\\\/UmlandC\"],\"url\":\"https:\\\/\\\/blog.gsa-messgeraete.de\\\/fr\\\/author\\\/cn-umland\\\/\"}]}<\/script>\n<!-- \/ Yoast SEO plugin. -->","yoast_head_json":{"title":"28 avril 2026 - Journ\u00e9e mondiale de la s\u00e9curit\u00e9 et de la sant\u00e9 au travail sur le lieu de travail - blog.gsa-messgeraete.de","description":"L'Organisation internationale du travail (OIT) place la Journ\u00e9e mondiale du 28 avril 2026 sous le th\u00e8me: Pour un environnement de travail psychosocial sain.","robots":{"index":"index","follow":"follow","max-snippet":"max-snippet:-1","max-image-preview":"max-image-preview:large","max-video-preview":"max-video-preview:-1"},"canonical":"https:\/\/blog.gsa-messgeraete.de\/fr\/28-avril-2026-journee-mondiale-de-la-securite-et-de-la-sante-au-travail-sur-le-lieu-de-travail\/","og_locale":"fr_FR","og_type":"article","og_title":"28 avril 2026 - Journ\u00e9e mondiale de la s\u00e9curit\u00e9 et de la sant\u00e9 au travail sur le lieu de travail - blog.gsa-messgeraete.de","og_description":"L'Organisation internationale du travail (OIT) place la Journ\u00e9e mondiale du 28 avril 2026 sous le th\u00e8me: Pour un environnement de travail psychosocial sain.","og_url":"https:\/\/blog.gsa-messgeraete.de\/fr\/28-avril-2026-journee-mondiale-de-la-securite-et-de-la-sante-au-travail-sur-le-lieu-de-travail\/","og_site_name":"blog.gsa-messgeraete.de","article_published_time":"2026-04-27T15:06:53+00:00","article_modified_time":"2026-04-30T14:48:01+00:00","og_image":[{"width":2441,"height":1718,"url":"https:\/\/blog.gsa-messgeraete.de\/wp-content\/uploads\/2026\/04\/World-Day-for-Safety-und-Health-.jpg","type":"image\/jpeg"}],"author":"Cornelia Umland","twitter_card":"summary_large_image","twitter_creator":"@UmlandC","twitter_misc":{"\u00c9crit par":"Cornelia Umland","Dur\u00e9e de lecture estim\u00e9e":"4 minutes"},"schema":{"@context":"https:\/\/schema.org","@graph":[{"@type":"Article","@id":"https:\/\/blog.gsa-messgeraete.de\/fr\/28-avril-2026-journee-mondiale-de-la-securite-et-de-la-sante-au-travail-sur-le-lieu-de-travail\/#article","isPartOf":{"@id":"https:\/\/blog.gsa-messgeraete.de\/fr\/28-avril-2026-journee-mondiale-de-la-securite-et-de-la-sante-au-travail-sur-le-lieu-de-travail\/"},"author":{"name":"Cornelia Umland","@id":"https:\/\/blog.gsa-messgeraete.de\/fr\/#\/schema\/person\/66e89e6575b5aa6008b4ea0acc5d38ed"},"headline":"28 avril 2026 &#8211; Journ\u00e9e mondiale de la s\u00e9curit\u00e9 et de la sant\u00e9 au travail sur le lieu de travail","datePublished":"2026-04-27T15:06:53+00:00","dateModified":"2026-04-30T14:48:01+00:00","mainEntityOfPage":{"@id":"https:\/\/blog.gsa-messgeraete.de\/fr\/28-avril-2026-journee-mondiale-de-la-securite-et-de-la-sante-au-travail-sur-le-lieu-de-travail\/"},"wordCount":782,"publisher":{"@id":"https:\/\/blog.gsa-messgeraete.de\/fr\/#organization"},"image":{"@id":"https:\/\/blog.gsa-messgeraete.de\/fr\/28-avril-2026-journee-mondiale-de-la-securite-et-de-la-sante-au-travail-sur-le-lieu-de-travail\/#primaryimage"},"thumbnailUrl":"https:\/\/blog.gsa-messgeraete.de\/wp-content\/uploads\/2026\/04\/World-Day-for-Safety-und-Health-.jpg","keywords":["Burnout","conditions de travail psychosociales","Culture de s\u00e9curit\u00e9 dans les entreprises","Environnement de travail","ILO","Organisation internationale du travail (OIT)","Protection du travail","S\u00e9curit\u00e9 au travail"],"articleSection":["appareils de mesure","Polluants","Poussi\u00e8res","Sant\u00e9 et s\u00e9curit\u00e9 au travail"],"inLanguage":"fr-FR"},{"@type":"WebPage","@id":"https:\/\/blog.gsa-messgeraete.de\/fr\/28-avril-2026-journee-mondiale-de-la-securite-et-de-la-sante-au-travail-sur-le-lieu-de-travail\/","url":"https:\/\/blog.gsa-messgeraete.de\/fr\/28-avril-2026-journee-mondiale-de-la-securite-et-de-la-sante-au-travail-sur-le-lieu-de-travail\/","name":"28 avril 2026 - Journ\u00e9e mondiale de la s\u00e9curit\u00e9 et de la sant\u00e9 au travail sur le lieu de travail - blog.gsa-messgeraete.de","isPartOf":{"@id":"https:\/\/blog.gsa-messgeraete.de\/fr\/#website"},"primaryImageOfPage":{"@id":"https:\/\/blog.gsa-messgeraete.de\/fr\/28-avril-2026-journee-mondiale-de-la-securite-et-de-la-sante-au-travail-sur-le-lieu-de-travail\/#primaryimage"},"image":{"@id":"https:\/\/blog.gsa-messgeraete.de\/fr\/28-avril-2026-journee-mondiale-de-la-securite-et-de-la-sante-au-travail-sur-le-lieu-de-travail\/#primaryimage"},"thumbnailUrl":"https:\/\/blog.gsa-messgeraete.de\/wp-content\/uploads\/2026\/04\/World-Day-for-Safety-und-Health-.jpg","datePublished":"2026-04-27T15:06:53+00:00","dateModified":"2026-04-30T14:48:01+00:00","description":"L'Organisation internationale du travail (OIT) place la Journ\u00e9e mondiale du 28 avril 2026 sous le th\u00e8me: Pour un environnement de travail psychosocial sain.","breadcrumb":{"@id":"https:\/\/blog.gsa-messgeraete.de\/fr\/28-avril-2026-journee-mondiale-de-la-securite-et-de-la-sante-au-travail-sur-le-lieu-de-travail\/#breadcrumb"},"inLanguage":"fr-FR","potentialAction":[{"@type":"ReadAction","target":["https:\/\/blog.gsa-messgeraete.de\/fr\/28-avril-2026-journee-mondiale-de-la-securite-et-de-la-sante-au-travail-sur-le-lieu-de-travail\/"]}]},{"@type":"ImageObject","inLanguage":"fr-FR","@id":"https:\/\/blog.gsa-messgeraete.de\/fr\/28-avril-2026-journee-mondiale-de-la-securite-et-de-la-sante-au-travail-sur-le-lieu-de-travail\/#primaryimage","url":"https:\/\/blog.gsa-messgeraete.de\/wp-content\/uploads\/2026\/04\/World-Day-for-Safety-und-Health-.jpg","contentUrl":"https:\/\/blog.gsa-messgeraete.de\/wp-content\/uploads\/2026\/04\/World-Day-for-Safety-und-Health-.jpg","width":2441,"height":1718,"caption":"World Day Of Safety and Health at Work"},{"@type":"BreadcrumbList","@id":"https:\/\/blog.gsa-messgeraete.de\/fr\/28-avril-2026-journee-mondiale-de-la-securite-et-de-la-sante-au-travail-sur-le-lieu-de-travail\/#breadcrumb","itemListElement":[{"@type":"ListItem","position":1,"name":"Startseite","item":"https:\/\/blog.gsa-messgeraete.de\/fr\/"},{"@type":"ListItem","position":2,"name":"28 avril 2026 &#8211; Journ\u00e9e mondiale de la s\u00e9curit\u00e9 et de la sant\u00e9 au travail sur le lieu de travail"}]},{"@type":"WebSite","@id":"https:\/\/blog.gsa-messgeraete.de\/fr\/#website","url":"https:\/\/blog.gsa-messgeraete.de\/fr\/","name":"blog.gsa-messgeraete.de","description":"","publisher":{"@id":"https:\/\/blog.gsa-messgeraete.de\/fr\/#organization"},"potentialAction":[{"@type":"SearchAction","target":{"@type":"EntryPoint","urlTemplate":"https:\/\/blog.gsa-messgeraete.de\/fr\/?s={search_term_string}"},"query-input":{"@type":"PropertyValueSpecification","valueRequired":true,"valueName":"search_term_string"}}],"inLanguage":"fr-FR"},{"@type":"Organization","@id":"https:\/\/blog.gsa-messgeraete.de\/fr\/#organization","name":"GSA Messger\u00e4tebau GmbH","url":"https:\/\/blog.gsa-messgeraete.de\/fr\/","logo":{"@type":"ImageObject","inLanguage":"fr-FR","@id":"https:\/\/blog.gsa-messgeraete.de\/fr\/#\/schema\/logo\/image\/","url":"https:\/\/blog.gsa-messgeraete.de\/wp-content\/uploads\/2016\/12\/cropped-Logo-GSA-Messgeraete-1.jpg","contentUrl":"https:\/\/blog.gsa-messgeraete.de\/wp-content\/uploads\/2016\/12\/cropped-Logo-GSA-Messgeraete-1.jpg","width":350,"height":164,"caption":"GSA Messger\u00e4tebau GmbH"},"image":{"@id":"https:\/\/blog.gsa-messgeraete.de\/fr\/#\/schema\/logo\/image\/"}},{"@type":"Person","@id":"https:\/\/blog.gsa-messgeraete.de\/fr\/#\/schema\/person\/66e89e6575b5aa6008b4ea0acc5d38ed","name":"Cornelia Umland","image":{"@type":"ImageObject","inLanguage":"fr-FR","@id":"https:\/\/secure.gravatar.com\/avatar\/311de0177214f59652729d2b4d5d895fe80bb802ddc18b84ebfe9a2c8edeceb9?s=96&d=mm&r=g","url":"https:\/\/secure.gravatar.com\/avatar\/311de0177214f59652729d2b4d5d895fe80bb802ddc18b84ebfe9a2c8edeceb9?s=96&d=mm&r=g","contentUrl":"https:\/\/secure.gravatar.com\/avatar\/311de0177214f59652729d2b4d5d895fe80bb802ddc18b84ebfe9a2c8edeceb9?s=96&d=mm&r=g","caption":"Cornelia Umland"},"sameAs":["https:\/\/x.com\/UmlandC"],"url":"https:\/\/blog.gsa-messgeraete.de\/fr\/author\/cn-umland\/"}]}},"_links":{"self":[{"href":"https:\/\/blog.gsa-messgeraete.de\/fr\/wp-json\/wp\/v2\/posts\/17297","targetHints":{"allow":["GET"]}}],"collection":[{"href":"https:\/\/blog.gsa-messgeraete.de\/fr\/wp-json\/wp\/v2\/posts"}],"about":[{"href":"https:\/\/blog.gsa-messgeraete.de\/fr\/wp-json\/wp\/v2\/types\/post"}],"author":[{"embeddable":true,"href":"https:\/\/blog.gsa-messgeraete.de\/fr\/wp-json\/wp\/v2\/users\/3"}],"replies":[{"embeddable":true,"href":"https:\/\/blog.gsa-messgeraete.de\/fr\/wp-json\/wp\/v2\/comments?post=17297"}],"version-history":[{"count":9,"href":"https:\/\/blog.gsa-messgeraete.de\/fr\/wp-json\/wp\/v2\/posts\/17297\/revisions"}],"predecessor-version":[{"id":17307,"href":"https:\/\/blog.gsa-messgeraete.de\/fr\/wp-json\/wp\/v2\/posts\/17297\/revisions\/17307"}],"wp:featuredmedia":[{"embeddable":true,"href":"https:\/\/blog.gsa-messgeraete.de\/fr\/wp-json\/wp\/v2\/media\/17198"}],"wp:attachment":[{"href":"https:\/\/blog.gsa-messgeraete.de\/fr\/wp-json\/wp\/v2\/media?parent=17297"}],"wp:term":[{"taxonomy":"category","embeddable":true,"href":"https:\/\/blog.gsa-messgeraete.de\/fr\/wp-json\/wp\/v2\/categories?post=17297"},{"taxonomy":"post_tag","embeddable":true,"href":"https:\/\/blog.gsa-messgeraete.de\/fr\/wp-json\/wp\/v2\/tags?post=17297"}],"curies":[{"name":"wp","href":"https:\/\/api.w.org\/{rel}","templated":true}]}}